{"id":11621,"date":"2023-02-26T10:01:00","date_gmt":"2023-02-26T09:01:00","guid":{"rendered":"https:\/\/stansgar.katolsk.no\/?p=11621"},"modified":"2023-02-28T10:52:48","modified_gmt":"2023-02-28T09:52:48","slug":"kunngjoringer-sondag-26-februar-2023","status":"publish","type":"post","link":"https:\/\/stansgar.katolsk.no\/?p=11621","title":{"rendered":"KUNNGJ\u00d8RINGER S\u00d8NDAG 26. FEBRUAR 2023"},"content":{"rendered":"<table style=\"width: 882.656px;\">\n<tbody>\n<tr>\n<td style=\"width: 54px;\">Tirsdag<\/td>\n<td style=\"width: 64px;\">28.02<strong>.<\/strong><\/td>\n<td style=\"width: 36px;\">kl.<\/p>\n<p>kl.<\/td>\n<td style=\"width: 65px;\">17.30<\/p>\n<p>18.00<\/td>\n<td style=\"width: 570.656px;\">Vesper<\/p>\n<p>Messe &#8211; etterfulgt av sakramentstilbedelse, og korsveiandakt p\u00e5 spansk<\/td>\n<\/tr>\n<tr>\n<td style=\"width: 54px;\" rowspan=\"2\">Onsdag<\/td>\n<td style=\"width: 64px;\" rowspan=\"2\">01.03<strong>.<\/strong><\/td>\n<td style=\"width: 671.656px;\" colspan=\"3\">Minnedag: Den hellige Fransiska av Roma<\/td>\n<\/tr>\n<tr>\n<td style=\"width: 36px;\">kl.<\/td>\n<td style=\"width: 65px;\">18.00<\/td>\n<td style=\"width: 570.656px;\">Messe &#8211; etterfulgt av korsveiandakt p\u00e5 vietnamesisk<\/td>\n<\/tr>\n<tr>\n<td style=\"width: 54px;\">Torsdag<\/td>\n<td style=\"width: 64px;\">02.03<strong>.<\/strong><\/td>\n<td style=\"width: 36px;\">kl.<\/p>\n<p>&nbsp;<\/p>\n<p>&nbsp;<\/p>\n<p>kl.<\/td>\n<td style=\"width: 65px;\">11.00<\/p>\n<p>&nbsp;<\/p>\n<p>&nbsp;<\/p>\n<p>18.00<\/td>\n<td style=\"width: 570.656px;\">Messe &#8211; etterfulgt av felles lunsj i Kiga.<\/p>\n<p>Etter messen er det stille tilbedelse fram til kl. 17.45.<\/p>\n<p>Vi ber spesielt for kall til ordenslivet og presteskapet.<\/p>\n<p>Messe &#8211; etterfulgt av korsveiandakt p\u00e5 engelsk<\/td>\n<\/tr>\n<tr>\n<td style=\"width: 54px;\">Fredag<\/td>\n<td style=\"width: 64px;\">03.03<strong>.<\/strong><\/td>\n<td style=\"width: 36px;\">kl.<\/p>\n<p>kl.<\/td>\n<td style=\"width: 65px;\">17.00<\/p>\n<p>18.00<\/td>\n<td style=\"width: 570.656px;\">Sakramentstilbedelse \u2013 Skriftem\u00e5l under tilbedelsen<\/p>\n<p>Messe &#8211; etterfulgt av korsveiandakt p\u00e5 norsk<\/td>\n<\/tr>\n<tr>\n<td style=\"width: 54px;\">L\u00f8rdag<\/td>\n<td style=\"width: 64px;\">04.03<strong>.<\/strong><\/td>\n<td style=\"width: 36px;\">kl.<\/p>\n<p>kl.<\/p>\n<p>kl.<\/td>\n<td style=\"width: 65px;\">13.00<\/p>\n<p>16.00<\/p>\n<p>18.00<\/td>\n<td style=\"width: 570.656px;\">Katekesemesse<\/p>\n<p>Messe p\u00e5 kaldeisk<\/p>\n<p>Messe p\u00e5 polsk &#8211; etterfulgt av korsveiandakt p\u00e5 polsk<\/td>\n<\/tr>\n<tr>\n<td style=\"width: 54px;\">S\u00f8ndag<\/td>\n<td style=\"width: 64px;\">05.03<strong>.<\/strong><\/td>\n<td style=\"width: 671.656px;\" colspan=\"3\"><strong>2. S\u00d8NDAG I FASTEN<\/strong><\/td>\n<\/tr>\n<tr>\n<td style=\"width: 54px;\">&nbsp;<\/p>\n<p>&nbsp;<\/p>\n<p>&nbsp;<\/p>\n<p>Andre steder:<\/td>\n<td style=\"width: 64px;\">&nbsp;<\/td>\n<td style=\"width: 36px;\">kl.<\/p>\n<p>kl.<\/p>\n<p>kl.<\/p>\n<p>&nbsp;<\/p>\n<p>kl.<\/td>\n<td style=\"width: 65px;\">09.00<\/p>\n<p>11.00<\/p>\n<p>13.00<\/p>\n<p>&nbsp;<\/p>\n<p>14.00<\/td>\n<td style=\"width: 570.656px;\">Messe p\u00e5 polsk<\/p>\n<p>H\u00f8ymesse<\/p>\n<p>Messe p\u00e5 vietnamesisk<\/p>\n<p>&nbsp;<\/p>\n<p><strong>Messe p\u00e5 Stella Maris p\u00e5 engelsk (p. Boie) er avlyst<\/strong><\/td>\n<\/tr>\n<\/tbody>\n<\/table>\n<p><strong>Annet:<\/strong><\/p>\n<p><strong>1) Katekese<\/strong><\/p>\n<p>L\u00f8rdag 4. mars kl. 10:00 &#8211; 14:00 er det katekese for 5., 8. og 9. trinn.<\/p>\n<p>Kl. 13:00 &#8211; 14:00 er det katekesemesse.<\/p>\n<p><strong>2)<\/strong><strong>Barnekor<br \/>\n<\/strong>Barnekoret slutter med kor\u00f8velse p\u00e5 onsdager fordi det kom f\u00e5 barn.<\/p>\n<p>Men vi begynner med prosjekt barnekor fram til p\u00e5ske og \u00f8ver p\u00e5<br \/>\np\u00e5skesanger fredag 3., 17. og 31. mars fra kl. 17:00 til ca. 17:50.<\/p>\n<p>Foreldrene til yngre barn er velkommen til \u00e5 v\u00e6re med. Det blir sang, litt<\/p>\n<p>kos og lek.&nbsp;Ved sp\u00f8rsm\u00e5l ta kontakt med Christina mobnr. 90 21 20 99.<\/p>\n<p><strong>3) Onsdag 1. mars<\/strong> kl. 18.45 er det bibelgruppe.<\/p>\n<p><strong>4) Torsdag 2. mars<\/strong> kl. 18. 45 er det troskurs.<\/p>\n<p><strong>5) Fredag 3. mars<\/strong> kl. 19.00 avholdes det Kvinnenes Internasjonale B\u00f8nnedag i v\u00e5r kirke.<\/p>\n<p>&nbsp;<\/p>\n<p>&nbsp;<\/p>\n<p style=\"text-align: center;\"><strong>&nbsp;&nbsp;&nbsp;&nbsp;&nbsp;&nbsp;&nbsp;&nbsp;&nbsp;&nbsp; Alle er hjertelig velkommen til kirkekaffe. \u00d8nsker dere riktig god s\u00f8ndag!<\/strong><\/p>\n","protected":false},"excerpt":{"rendered":"<p>Tirsdag 28.02. kl. kl. 17.30 18.00 Vesper Messe &#8211; etterfulgt av sakramentstilbedelse, og korsveiandakt p\u00e5 spansk Onsdag 01.03. Minnedag: Den hellige Fransiska av Roma kl. 18.00 Messe &#8211; etterfulgt av korsveiandakt p\u00e5 vietnamesisk Torsdag 02.03. kl. &nbsp; &nbsp; kl. 11.00&#8230;<br \/><a class=\"read-more-button\" href=\"https:\/\/stansgar.katolsk.no\/?p=11621\">Read more<\/a><\/p>\n","protected":false},"author":1,"featured_media":0,"comment_status":"open","ping_status":"open","sticky":false,"template":"","format":"standard","meta":{"footnotes":""},"categories":[482],"tags":[],"class_list":["post-11621","post","type-post","status-publish","format-standard","hentry","category-kunngjoringer"],"_links":{"self":[{"href":"https:\/\/stansgar.katolsk.no\/index.php?rest_route=\/wp\/v2\/posts\/11621","targetHints":{"allow":["GET"]}}],"collection":[{"href":"https:\/\/stansgar.katolsk.no\/index.php?rest_route=\/wp\/v2\/posts"}],"about":[{"href":"https:\/\/stansgar.katolsk.no\/index.php?rest_route=\/wp\/v2\/types\/post"}],"author":[{"embeddable":true,"href":"https:\/\/stansgar.katolsk.no\/index.php?rest_route=\/wp\/v2\/users\/1"}],"replies":[{"embeddable":true,"href":"https:\/\/stansgar.katolsk.no\/index.php?rest_route=%2Fwp%2Fv2%2Fcomments&post=11621"}],"version-history":[{"count":4,"href":"https:\/\/stansgar.katolsk.no\/index.php?rest_route=\/wp\/v2\/posts\/11621\/revisions"}],"predecessor-version":[{"id":11652,"href":"https:\/\/stansgar.katolsk.no\/index.php?rest_route=\/wp\/v2\/posts\/11621\/revisions\/11652"}],"wp:attachment":[{"href":"https:\/\/stansgar.katolsk.no\/index.php?rest_route=%2Fwp%2Fv2%2Fmedia&parent=11621"}],"wp:term":[{"taxonomy":"category","embeddable":true,"href":"https:\/\/stansgar.katolsk.no\/index.php?rest_route=%2Fwp%2Fv2%2Fcategories&post=11621"},{"taxonomy":"post_tag","embeddable":true,"href":"https:\/\/stansgar.katolsk.no\/index.php?rest_route=%2Fwp%2Fv2%2Ftags&post=11621"}],"curies":[{"name":"wp","href":"https:\/\/api.w.org\/{rel}","templated":true}]}}