{"id":11606,"date":"2023-02-12T10:01:32","date_gmt":"2023-02-12T09:01:32","guid":{"rendered":"https:\/\/stansgar.katolsk.no\/?p=11606"},"modified":"2023-02-10T13:57:51","modified_gmt":"2023-02-10T12:57:51","slug":"kunngjoringer-sondag-12-februar-2023","status":"publish","type":"post","link":"https:\/\/stansgar.katolsk.no\/?p=11606","title":{"rendered":"KUNNGJ\u00d8RINGER S\u00d8NDAG 12. FEBRUAR 2023"},"content":{"rendered":"<table style=\"width: 718.125px;\">\n<tbody>\n<tr>\n<td style=\"width: 71px;\" rowspan=\"2\">Tirsdag<\/td>\n<td style=\"width: 71px;\" rowspan=\"2\">14.02<strong>.<\/strong><\/td>\n<td style=\"width: 483.125px;\" colspan=\"3\">Fest: De hellige Kyrillos og Methodios \u2013 vernehelgener for Europa<\/td>\n<\/tr>\n<tr>\n<td style=\"width: 50px;\">kl.<\/p>\n<p>kl.<\/td>\n<td style=\"width: 81px;\">17.30<\/p>\n<p>18.00<\/td>\n<td style=\"width: 352.125px;\">Vesper<\/p>\n<p>Messe &#8211; etterfulgt av sakramentstilbedelse<\/td>\n<\/tr>\n<tr>\n<td style=\"width: 71px;\">Onsdag<\/td>\n<td style=\"width: 71px;\">15.02<strong>.<\/strong><\/td>\n<td style=\"width: 50px;\">kl.<\/td>\n<td style=\"width: 81px;\">18.00<\/td>\n<td style=\"width: 352.125px;\">Messe<\/td>\n<\/tr>\n<tr>\n<td style=\"width: 71px;\">Torsdag<\/td>\n<td style=\"width: 71px;\">16.02<strong>.<\/strong><\/td>\n<td style=\"width: 50px;\">kl.<\/p>\n<p>kl.<\/td>\n<td style=\"width: 81px;\">11.00<\/p>\n<p>18.00<\/td>\n<td style=\"width: 352.125px;\">Messe &#8211; etterfulgt av felles lunsj i Kiga.<\/p>\n<p>Messe<\/td>\n<\/tr>\n<tr>\n<td style=\"width: 71px;\">Fredag<\/td>\n<td style=\"width: 71px;\">17.02<strong>.<\/strong><\/td>\n<td style=\"width: 50px;\">kl.<\/td>\n<td style=\"width: 81px;\">18.00<\/td>\n<td style=\"width: 352.125px;\">Messe<\/td>\n<\/tr>\n<tr>\n<td style=\"width: 71px;\">L\u00f8rdag<\/td>\n<td style=\"width: 71px;\">18.02<strong>.<\/strong><\/td>\n<td style=\"width: 50px;\">kl.<\/p>\n<p>kl.<\/p>\n<p>kl.<\/p>\n<p>kl.<\/td>\n<td style=\"width: 81px;\">12.30<\/p>\n<p>13.00<\/p>\n<p>14.00<\/p>\n<p>18.00<\/td>\n<td style=\"width: 352.125px;\">Rosenkransb\u00f8nn<\/p>\n<p>Messe<\/p>\n<p>Messe p\u00e5 spansk<\/p>\n<p>Messe p\u00e5 polsk<\/td>\n<\/tr>\n<tr>\n<td style=\"width: 71px;\">S\u00f8ndag<\/td>\n<td style=\"width: 71px;\">19.02<strong>.<\/strong><\/td>\n<td style=\"width: 483.125px;\" colspan=\"3\"><strong>7. S\u00d8NDAG I DET ALMINNELIGE KIRKE\u00c5R<\/strong><\/td>\n<\/tr>\n<tr>\n<td style=\"width: 71px;\">&nbsp;<\/p>\n<p>&nbsp;<\/p>\n<p>&nbsp;<\/p>\n<p>&nbsp;<\/td>\n<td style=\"width: 71px;\">&nbsp;<\/td>\n<td style=\"width: 50px;\">kl.<\/p>\n<p>kl.<\/p>\n<p>kl.<\/td>\n<td style=\"width: 81px;\">09.00<\/p>\n<p>11.00<\/p>\n<p>13.00<\/td>\n<td style=\"width: 352.125px;\">Messe p\u00e5 polsk<\/p>\n<p>H\u00f8ymesse<\/p>\n<p>Messe p\u00e5 vietnamesisk<\/td>\n<\/tr>\n<\/tbody>\n<\/table>\n<p><strong>Annet:<\/strong><\/p>\n<p><strong>1) <\/strong>Denne s\u00f8ndagens kollekt, 12. februar, g\u00e5r i sin helhet til Caritas Norges arbeid i Tyrkia og Syria.<\/p>\n<p><strong>2)<\/strong> <strong>Katekese<\/strong><\/p>\n<p>Fredag 17. februar kl. 18.00 \u2013 20.00 er det katekese for 3. trinn.<\/p>\n<p><strong>3)<\/strong> <strong>Onsdag 15. februar<\/strong> kl. 17.45 er det barnekor.<\/p>\n<p><strong>4) Torsdag 16. februar<\/strong> kl. 18.45 er det troskurs.<\/p>\n<p><strong>5)<\/strong> <strong>Fastetiden begynner med askeonsdag 22. februar.<\/strong> Vi ber om at det leveres palmegrener, som dere mottok i fjor, til kirken innen s\u00f8ndag 19. februar. Grenene brennes og askene brukes p\u00e5 askeonsdag.<\/p>\n<p><strong>6) P\u00e5skeleir for konfirmanter og ungdommer:<\/strong><\/p>\n<p>Hvert \u00e5r i den stille uke arrangerer NUK leirer for dem som skal konfirmeres samme \u00e5r, og leirer for dem som allerede er konfirmerte (16-18 \u00e5r). I kirkens inngangsparti finner dere plakater med all informasjon om leirene. Menigheten oppfordrer \u00e5rets konfirmanter og allerede konfirmerte ungdommer til \u00e5 bli med p\u00e5 p\u00e5skeleirene. <strong>P\u00e5meldingsfrist: <\/strong>12.03.2023.<\/p>\n<p style=\"text-align: center;\"><strong>Alle er hjertelig velkommen til kirkekaffe. \u00d8nsker dere riktig god s\u00f8ndag!<\/strong><\/p>\n","protected":false},"excerpt":{"rendered":"<p>Tirsdag 14.02. Fest: De hellige Kyrillos og Methodios \u2013 vernehelgener for Europa kl. kl. 17.30 18.00 Vesper Messe &#8211; etterfulgt av sakramentstilbedelse Onsdag 15.02. kl. 18.00 Messe Torsdag 16.02. kl. kl. 11.00 18.00 Messe &#8211; etterfulgt av felles lunsj i&#8230;<br \/><a class=\"read-more-button\" href=\"https:\/\/stansgar.katolsk.no\/?p=11606\">Read more<\/a><\/p>\n","protected":false},"author":1,"featured_media":0,"comment_status":"open","ping_status":"open","sticky":false,"template":"","format":"standard","meta":{"footnotes":""},"categories":[482],"tags":[],"class_list":["post-11606","post","type-post","status-publish","format-standard","hentry","category-kunngjoringer"],"_links":{"self":[{"href":"https:\/\/stansgar.katolsk.no\/index.php?rest_route=\/wp\/v2\/posts\/11606","targetHints":{"allow":["GET"]}}],"collection":[{"href":"https:\/\/stansgar.katolsk.no\/index.php?rest_route=\/wp\/v2\/posts"}],"about":[{"href":"https:\/\/stansgar.katolsk.no\/index.php?rest_route=\/wp\/v2\/types\/post"}],"author":[{"embeddable":true,"href":"https:\/\/stansgar.katolsk.no\/index.php?rest_route=\/wp\/v2\/users\/1"}],"replies":[{"embeddable":true,"href":"https:\/\/stansgar.katolsk.no\/index.php?rest_route=%2Fwp%2Fv2%2Fcomments&post=11606"}],"version-history":[{"count":1,"href":"https:\/\/stansgar.katolsk.no\/index.php?rest_route=\/wp\/v2\/posts\/11606\/revisions"}],"predecessor-version":[{"id":11607,"href":"https:\/\/stansgar.katolsk.no\/index.php?rest_route=\/wp\/v2\/posts\/11606\/revisions\/11607"}],"wp:attachment":[{"href":"https:\/\/stansgar.katolsk.no\/index.php?rest_route=%2Fwp%2Fv2%2Fmedia&parent=11606"}],"wp:term":[{"taxonomy":"category","embeddable":true,"href":"https:\/\/stansgar.katolsk.no\/index.php?rest_route=%2Fwp%2Fv2%2Fcategories&post=11606"},{"taxonomy":"post_tag","embeddable":true,"href":"https:\/\/stansgar.katolsk.no\/index.php?rest_route=%2Fwp%2Fv2%2Ftags&post=11606"}],"curies":[{"name":"wp","href":"https:\/\/api.w.org\/{rel}","templated":true}]}}