{"id":116,"date":"2018-04-16T17:56:00","date_gmt":"2018-04-16T15:56:00","guid":{"rendered":"http:\/\/stansgar.katolsk.no\/index.php\/2018\/04\/16\/kunngjringer-sndag-15-april-2018\/"},"modified":"2018-10-12T09:12:16","modified_gmt":"2018-10-12T07:12:16","slug":"kunngjringer-sndag-15-april-2018","status":"publish","type":"post","link":"https:\/\/stansgar.katolsk.no\/?p=116","title":{"rendered":"KUNNGJ\u00d8RINGER S\u00d8NDAG 15. APRIL 2018"},"content":{"rendered":"<div class=\"MsoNormal\" style=\"background-color: white; color: #222222; font-size: 12.8px;\">\n<\/div>\n<div class=\"MsoNormal\" style=\"background-color: white; color: #222222; font-size: 12.8px;\">\n<\/div>\n<div class=\"MsoNormal\" style=\"background-color: white; color: #222222; font-size: 12.8px;\">\n<\/div>\n<div class=\"MsoNormal\" style=\"background-color: white; color: #222222; font-size: 12.8px;\">\nDenne uken er det messe <b>tirsdag til fredag kl. 18.00<\/b><u><\/u><u><\/u><\/div>\n<div class=\"MsoNormal\" style=\"background-color: white; color: #222222; font-size: 12.8px;\">\n<\/div>\n<div class=\"MsoNormal\" style=\"background-color: white; color: #222222; font-size: 12.8px;\">\n<\/div>\n<div class=\"MsoNormal\" style=\"background-color: white; color: #222222; font-size: 12.8px;\">\n<b>Tirsdag 17. april kl. 18.00<\/b> er det messe etterfulgt av sakramentstilbedelse<u><\/u><u><\/u><\/p>\n<p><b>Onsdag 18. april<\/b> har Damegruppen m\u00f8te kl. 16.00<\/p>\n<p><b>Onsdag 18. april<\/b> er det m\u00f8te i Foreningen for tro og livssyn i Kristiansand bibliotek kl. 19.00 Tema: Fattigdom i et tro-og livssynperspektiv.<\/div>\n<div class=\"MsoNormal\" style=\"background-color: white; color: #222222; font-size: 12.8px;\">\n<\/div>\n<div class=\"MsoNormal\" style=\"background-color: white; color: #222222; font-size: 12.8px;\">\n<\/div>\n<div class=\"MsoNormal\" style=\"background-color: white; color: #222222; font-size: 12.8px;\">\n<b>Torsdag 19. april er det messe kl. 11 <\/b>og felles lunch etterp\u00e5. Og som vanlig ogs\u00e5 messe kl.18.00<u><\/u><u><\/u><br \/>\n<b><br \/><\/b><br \/>\n<b>Torsdag 19.april<\/b> er det \u00e5rsm\u00f8te i Caritas kl. 19.00. \u00c5pent for alle.<\/p>\n<p>\n<b>Fredag 20. april<\/b> er det m\u00f8te i SAUL kl. 19.00<\/div>\n<div class=\"MsoNormal\" style=\"background-color: white; color: #222222;\">\n<div style=\"font-size: 12.8px;\">\n<\/div>\n<p><\/p>\n<div class=\"MsoNormal\">\n<\/div>\n<\/div>\n<div class=\"MsoNormal\" style=\"background-color: white; color: #222222; font-size: 12.8px;\">\n<b>L\u00f8rdag 21. april kl. 11.00<\/b> er det messe p\u00e5 kroatisk<u><\/u><u><\/u><\/div>\n<div class=\"MsoNormal\" style=\"background-color: white; color: #222222; font-size: 12.8px;\">\n<\/div>\n<div class=\"MsoNormal\" style=\"background-color: white; color: #222222; font-size: 12.8px;\">\n<\/div>\n<div class=\"MsoNormal\" style=\"background-color: white; color: #222222; font-size: 12.8px;\">\n<b>L\u00f8rdag 21. april kl. 14.00 <\/b>er det messe p\u00e5 spansk<u><\/u><u><\/u><\/div>\n<div class=\"MsoNormal\" style=\"background-color: white; color: #222222; font-size: 12.8px;\">\n<\/div>\n<div class=\"MsoNormal\" style=\"background-color: white; color: #222222; font-size: 12.8px;\">\n<\/div>\n<div class=\"MsoNormal\" style=\"background-color: white; color: #222222; font-size: 12.8px;\">\n<b>Helgen 20.-22. april<\/b> inviterer St. Ansgar Unge voksne til helg p\u00e5 Stella Maris i Mandal. Nye medlemmer er s\u00e6rlig velkommen. \u00c5pent for alle fra 16 til 30 \u00e5r. Se mer informasjon i gangen eller p\u00e5 bloggen.<u><\/u><u><\/u><\/div>\n<div class=\"MsoNormal\" style=\"background-color: white; color: #222222; font-size: 12.8px;\">\n<\/div>\n<div class=\"MsoNormal\" style=\"background-color: white; color: #222222; font-size: 12.8px;\">\n<\/div>\n<div class=\"MsoNormal\" style=\"background-color: white; color: #222222; font-size: 12.8px;\">\n<b>S\u00f8ndag 22. april kl. 11 feirer pater Frode sin siste messe og i den samme messe \u00f8nskes v\u00e5r nye prest, pater Luis Tien velkommen.<\/b><u><\/u><u><\/u><\/div>\n<div class=\"MsoNormal\" style=\"background-color: white; color: #222222; font-family: arial, sans-serif; font-size: 12.8px;\">\n<\/div>\n","protected":false},"excerpt":{"rendered":"<p>Denne uken er det messe tirsdag til fredag kl. 18.00 Tirsdag 17. april kl. 18.00 er det messe etterfulgt av sakramentstilbedelse Onsdag 18. april har Damegruppen m\u00f8te kl. 16.00 Onsdag 18. april er det m\u00f8te i Foreningen for tro og&#8230;<br \/><a class=\"read-more-button\" href=\"https:\/\/stansgar.katolsk.no\/?p=116\">Read more<\/a><\/p>\n","protected":false},"author":3,"featured_media":0,"comment_status":"open","ping_status":"open","sticky":false,"template":"","format":"standard","meta":{"footnotes":""},"categories":[1],"tags":[3],"class_list":["post-116","post","type-post","status-publish","format-standard","hentry","category-ukategorisert","tag-kunngjoringer"],"_links":{"self":[{"href":"https:\/\/stansgar.katolsk.no\/index.php?rest_route=\/wp\/v2\/posts\/116","targetHints":{"allow":["GET"]}}],"collection":[{"href":"https:\/\/stansgar.katolsk.no\/index.php?rest_route=\/wp\/v2\/posts"}],"about":[{"href":"https:\/\/stansgar.katolsk.no\/index.php?rest_route=\/wp\/v2\/types\/post"}],"author":[{"embeddable":true,"href":"https:\/\/stansgar.katolsk.no\/index.php?rest_route=\/wp\/v2\/users\/3"}],"replies":[{"embeddable":true,"href":"https:\/\/stansgar.katolsk.no\/index.php?rest_route=%2Fwp%2Fv2%2Fcomments&post=116"}],"version-history":[{"count":1,"href":"https:\/\/stansgar.katolsk.no\/index.php?rest_route=\/wp\/v2\/posts\/116\/revisions"}],"predecessor-version":[{"id":1623,"href":"https:\/\/stansgar.katolsk.no\/index.php?rest_route=\/wp\/v2\/posts\/116\/revisions\/1623"}],"wp:attachment":[{"href":"https:\/\/stansgar.katolsk.no\/index.php?rest_route=%2Fwp%2Fv2%2Fmedia&parent=116"}],"wp:term":[{"taxonomy":"category","embeddable":true,"href":"https:\/\/stansgar.katolsk.no\/index.php?rest_route=%2Fwp%2Fv2%2Fcategories&post=116"},{"taxonomy":"post_tag","embeddable":true,"href":"https:\/\/stansgar.katolsk.no\/index.php?rest_route=%2Fwp%2Fv2%2Ftags&post=116"}],"curies":[{"name":"wp","href":"https:\/\/api.w.org\/{rel}","templated":true}]}}