{"id":11593,"date":"2023-02-05T10:01:48","date_gmt":"2023-02-05T09:01:48","guid":{"rendered":"https:\/\/stansgar.katolsk.no\/?p=11593"},"modified":"2023-02-03T12:14:44","modified_gmt":"2023-02-03T11:14:44","slug":"kunngjoringer-sondag-5-februar-2023","status":"publish","type":"post","link":"https:\/\/stansgar.katolsk.no\/?p=11593","title":{"rendered":"KUNNGJ\u00d8RINGER S\u00d8NDAG 5. FEBRUAR 2023"},"content":{"rendered":"<p style=\"text-align: center;\"><strong>KUNNGJ\u00d8RINGER S\u00d8NDAG 5. FEBRUAR 2023<\/strong><\/p>\n<table style=\"width: 537.984px; border-color: #1a1616;\">\n<tbody>\n<tr>\n<td style=\"width: 57.0938px;\">Tirsdag<\/td>\n<td style=\"width: 58.1094px;\">07.02<strong>.<\/strong><\/td>\n<td style=\"width: 27.6562px;\">kl.<\/p>\n<p>kl.<\/td>\n<td style=\"width: 38.8281px;\">17.30<\/p>\n<p>18.00<\/td>\n<td style=\"width: 270.281px;\">Vesper<\/p>\n<p>Messe &#8211; etterfulgt av sakramentstilbedelse<\/td>\n<\/tr>\n<tr>\n<td style=\"width: 57.0938px;\">Onsdag<\/td>\n<td style=\"width: 58.1094px;\">08.02<strong>.<\/strong><\/td>\n<td style=\"width: 27.6562px;\">kl.<\/td>\n<td style=\"width: 38.8281px;\">18.00<\/td>\n<td style=\"width: 270.281px;\">Messe<\/td>\n<\/tr>\n<tr>\n<td style=\"width: 57.0938px;\">Torsdag<\/td>\n<td style=\"width: 58.1094px;\">09.02<strong>.<\/strong><\/td>\n<td style=\"width: 27.6562px;\">kl.<\/p>\n<p>kl.<\/td>\n<td style=\"width: 38.8281px;\">11.00<\/p>\n<p>18.00<\/td>\n<td style=\"width: 270.281px;\">Messe &#8211; etterfulgt av felles lunsj i Kiga.<\/p>\n<p>Messe<\/td>\n<\/tr>\n<tr>\n<td style=\"width: 57.0938px;\" rowspan=\"2\">Fredag<\/td>\n<td style=\"width: 58.1094px;\" rowspan=\"2\">10.02<strong>.<\/strong><\/td>\n<td style=\"width: 370.766px;\" colspan=\"3\">Minnedag: Den hellige Scholastica<\/td>\n<\/tr>\n<tr>\n<td style=\"width: 27.6562px;\">kl.<\/td>\n<td style=\"width: 38.8281px;\">18.00<\/td>\n<td style=\"width: 270.281px;\">Messe<\/td>\n<\/tr>\n<tr>\n<td style=\"width: 57.0938px;\">L\u00f8rdag<\/td>\n<td style=\"width: 58.1094px;\">11.02<strong>.<\/strong><\/td>\n<td style=\"width: 27.6562px;\">kl.<\/p>\n<p>kl.<\/td>\n<td style=\"width: 38.8281px;\">13.00<\/p>\n<p>18.00<\/td>\n<td style=\"width: 270.281px;\">Katekesemesse<\/p>\n<p>Messe p\u00e5 polsk<\/td>\n<\/tr>\n<tr>\n<td style=\"width: 57.0938px;\">S\u00f8ndag<\/td>\n<td style=\"width: 58.1094px;\">12.02<strong>.<\/strong><\/td>\n<td style=\"width: 370.766px;\" colspan=\"3\"><strong>6. S\u00d8NDAG I DET ALMINNELIGE KIRKE\u00c5R<\/strong><\/td>\n<\/tr>\n<tr>\n<td style=\"width: 57.0938px;\">&nbsp;<\/p>\n<p>&nbsp;<\/p>\n<p>&nbsp;<\/p>\n<p>Andre steder<\/td>\n<td style=\"width: 58.1094px;\">&nbsp;<\/td>\n<td style=\"width: 27.6562px;\">kl.<\/p>\n<p>kl.<\/p>\n<p>kl.<\/p>\n<p>&nbsp;<\/p>\n<p>kl.<\/td>\n<td style=\"width: 38.8281px;\">09.00<\/p>\n<p>11.00<\/p>\n<p>13.00<\/p>\n<p>&nbsp;<\/p>\n<p>17.00<\/td>\n<td style=\"width: 270.281px;\">Messe p\u00e5 polsk<\/p>\n<p>H\u00f8ymesse<\/p>\n<p>Messe p\u00e5 vietnamesisk<\/p>\n<p>&nbsp;<\/p>\n<p>Messe p\u00e5 Stella Maris<\/td>\n<\/tr>\n<\/tbody>\n<\/table>\n<p><strong>Annet:<\/strong><\/p>\n<p><strong>1) Katekese kunngj\u00f8ringer<\/strong><\/p>\n<p>L\u00f8rdag 11.februar er det katekese for:<\/p>\n<p>2. og 3. trinn kl. 10.00-14.00&nbsp;og for 1., 4., 6. og 7. trinn kl. 13.00-17.00<\/p>\n<p>Katekesemesse 13.00-14.00.<\/p>\n<p><strong>2) Fredag 10.02. kl. 18.45 inviterer SAUL<\/strong> til MasterChef. Ungdommer fra 13-18 \u00e5r er velkomne.&nbsp;<br \/>\nSe plakaten ved inngangen for mer info.<\/p>\n<p><strong>&nbsp;<\/strong><strong>3) Kurs i Den Gode Hyrde Katekese<\/strong><\/p>\n<p>Fra 24. \u2013 26. februar holdes den f\u00f8rste kurshelgen av fire i Den Gode hyrde katekese. M\u00e5let for denne katekesen er \u00e5 hjelpe barn i alderen 3-6 \u00e5r til selv \u00e5 komme n\u00e6rmere Gud.<\/p>\n<p>Kateketer, hjelpekateketer og andre interesserte inviteres til kurset. P\u00e5melding innen<br \/>\n8. februar. Kursbrosjyrer med alle detaljer finnes i kirkens inngangsparti.<\/p>\n<p><strong>4) P\u00e5skeleir for konfirmanter og ungdommer:<\/strong><\/p>\n<p>Hvert \u00e5r i den stille uke arrangerer NUK leirer for dem som skal konfirmeres samme \u00e5r, og leirer for dem som allerede er konfirmerte (16-18 \u00e5r). Alle informasjoner om leirene finnes i plakat i kirkens inngangsparti. Menigheten oppfordrer \u00e5rets konfirmanter og allerede konfirmerte ungdommer til \u00e5 bli med p\u00e5 p\u00e5skeleirene. <strong>P\u00e5meldingsfrist: <\/strong>12.03.2023.<\/p>\n<p>&nbsp;<\/p>\n<p style=\"text-align: center;\"><strong>&nbsp;&nbsp;&nbsp;&nbsp;&nbsp;&nbsp;&nbsp;&nbsp;&nbsp;&nbsp; Alle er hjertelig velkommen til kirkekaffe. \u00d8nsker dere riktig god s\u00f8ndag!<\/strong><\/p>\n","protected":false},"excerpt":{"rendered":"<p>KUNNGJ\u00d8RINGER S\u00d8NDAG 5. FEBRUAR 2023 Tirsdag 07.02. kl. kl. 17.30 18.00 Vesper Messe &#8211; etterfulgt av sakramentstilbedelse Onsdag 08.02. kl. 18.00 Messe Torsdag 09.02. kl. kl. 11.00 18.00 Messe &#8211; etterfulgt av felles lunsj i Kiga. Messe Fredag 10.02. Minnedag:&#8230;<br \/><a class=\"read-more-button\" href=\"https:\/\/stansgar.katolsk.no\/?p=11593\">Read more<\/a><\/p>\n","protected":false},"author":1,"featured_media":0,"comment_status":"open","ping_status":"open","sticky":false,"template":"","format":"standard","meta":{"footnotes":""},"categories":[482],"tags":[],"class_list":["post-11593","post","type-post","status-publish","format-standard","hentry","category-kunngjoringer"],"_links":{"self":[{"href":"https:\/\/stansgar.katolsk.no\/index.php?rest_route=\/wp\/v2\/posts\/11593","targetHints":{"allow":["GET"]}}],"collection":[{"href":"https:\/\/stansgar.katolsk.no\/index.php?rest_route=\/wp\/v2\/posts"}],"about":[{"href":"https:\/\/stansgar.katolsk.no\/index.php?rest_route=\/wp\/v2\/types\/post"}],"author":[{"embeddable":true,"href":"https:\/\/stansgar.katolsk.no\/index.php?rest_route=\/wp\/v2\/users\/1"}],"replies":[{"embeddable":true,"href":"https:\/\/stansgar.katolsk.no\/index.php?rest_route=%2Fwp%2Fv2%2Fcomments&post=11593"}],"version-history":[{"count":4,"href":"https:\/\/stansgar.katolsk.no\/index.php?rest_route=\/wp\/v2\/posts\/11593\/revisions"}],"predecessor-version":[{"id":11599,"href":"https:\/\/stansgar.katolsk.no\/index.php?rest_route=\/wp\/v2\/posts\/11593\/revisions\/11599"}],"wp:attachment":[{"href":"https:\/\/stansgar.katolsk.no\/index.php?rest_route=%2Fwp%2Fv2%2Fmedia&parent=11593"}],"wp:term":[{"taxonomy":"category","embeddable":true,"href":"https:\/\/stansgar.katolsk.no\/index.php?rest_route=%2Fwp%2Fv2%2Fcategories&post=11593"},{"taxonomy":"post_tag","embeddable":true,"href":"https:\/\/stansgar.katolsk.no\/index.php?rest_route=%2Fwp%2Fv2%2Ftags&post=11593"}],"curies":[{"name":"wp","href":"https:\/\/api.w.org\/{rel}","templated":true}]}}