{"id":11552,"date":"2023-01-29T10:01:21","date_gmt":"2023-01-29T09:01:21","guid":{"rendered":"https:\/\/stansgar.katolsk.no\/?p=11552"},"modified":"2023-02-03T12:10:41","modified_gmt":"2023-02-03T11:10:41","slug":"kunngjoringer-sondag-29-januar-2023","status":"publish","type":"post","link":"https:\/\/stansgar.katolsk.no\/?p=11552","title":{"rendered":"KUNNGJ\u00d8RINGER S\u00d8NDAG 29. JANUAR 2023"},"content":{"rendered":"<table style=\"width: 621.984px;\">\n<tbody>\n<tr>\n<td style=\"width: 67px;\" rowspan=\"2\">Tirsdag<\/td>\n<td style=\"width: 69px;\" rowspan=\"2\">31.01<strong>.<\/strong><\/td>\n<td style=\"width: 392.984px;\" colspan=\"3\">Minnedag: Den hellige Johannes Bosco<\/td>\n<\/tr>\n<tr>\n<td style=\"width: 28px;\">kl.<\/p>\n<p>kl.<\/td>\n<td style=\"width: 53px;\">17.30<\/p>\n<p>18.00<\/td>\n<td style=\"width: 311.984px;\">Vesper<\/p>\n<p>Messe &#8211; etterfulgt av sakramentstilbedelse<\/td>\n<\/tr>\n<tr>\n<td style=\"width: 67px;\" rowspan=\"2\">Onsdag<\/td>\n<td style=\"width: 69px;\" rowspan=\"2\">01.02<strong>.<\/strong><\/td>\n<td style=\"width: 392.984px;\" colspan=\"3\">&nbsp;<\/td>\n<\/tr>\n<tr>\n<td style=\"width: 28px;\">kl.<\/td>\n<td style=\"width: 53px;\">18.00<\/td>\n<td style=\"width: 311.984px;\">Messe<\/td>\n<\/tr>\n<tr>\n<td style=\"width: 67px;\" rowspan=\"2\">Torsdag<\/td>\n<td style=\"width: 69px;\" rowspan=\"2\">02.02<strong>.<\/strong><\/td>\n<td style=\"width: 392.984px;\" colspan=\"3\">Fest: <strong>Herrens fremstilling i tempelet<\/strong><\/td>\n<\/tr>\n<tr>\n<td style=\"width: 28px;\">kl.<\/p>\n<p>&nbsp;<\/p>\n<p>&nbsp;<\/p>\n<p>kl.<\/td>\n<td style=\"width: 53px;\">11.00<\/p>\n<p>&nbsp;<\/p>\n<p>&nbsp;<\/p>\n<p>18.00<\/td>\n<td style=\"width: 311.984px;\">Messe &#8211; etterfulgt av felles lunsj i Kiga.<\/p>\n<p>Etter messen er det stille tilbedelse fram til kl. 17.45.<\/p>\n<p>Vi ber spesielt for kall til ordenslivet og presteskapet.<\/p>\n<p>Messe<\/td>\n<\/tr>\n<tr>\n<td style=\"width: 67px;\" rowspan=\"2\">Fredag<\/td>\n<td style=\"width: 69px;\" rowspan=\"2\">03.02<strong>.<\/strong><\/td>\n<td style=\"width: 392.984px;\" colspan=\"3\">Minnedag: <strong>Den hellige Ansgar &#8211; Vernehelgen for v\u00e5r menighet<\/strong><\/td>\n<\/tr>\n<tr>\n<td style=\"width: 28px;\">kl.<\/p>\n<p>kl.<\/td>\n<td style=\"width: 53px;\">17.00<\/p>\n<p>18.00<\/td>\n<td style=\"width: 311.984px;\">Sakramentstilbedelse \u2013 Skriftem\u00e5l under tilbedelsen<\/p>\n<p>Messe<\/td>\n<\/tr>\n<tr>\n<td style=\"width: 67px;\">L\u00f8rdag<\/td>\n<td style=\"width: 69px;\">04.02<strong>.<\/strong><\/td>\n<td style=\"width: 28px;\">kl.<\/p>\n<p>kl.<\/p>\n<p>kl.<\/td>\n<td style=\"width: 53px;\">13.00<\/p>\n<p>14.15<\/p>\n<p>18.00<\/td>\n<td style=\"width: 311.984px;\">Katekesemesse<\/p>\n<p>Messe p\u00e5 kroatisk<\/p>\n<p>Messe p\u00e5 polsk<\/td>\n<\/tr>\n<tr>\n<td style=\"width: 67px;\">S\u00f8ndag<\/td>\n<td style=\"width: 69px;\">05.02<strong>.<\/strong><\/td>\n<td style=\"width: 392.984px;\" colspan=\"3\"><strong>5. S\u00d8NDAG I DET ALMINNELIGE KIRKE\u00c5R<\/strong><\/td>\n<\/tr>\n<tr>\n<td style=\"width: 67px;\">&nbsp;<\/p>\n<p>&nbsp;<\/p>\n<p>&nbsp;<\/p>\n<p>&nbsp;<\/p>\n<p>Andre steder:<\/td>\n<td style=\"width: 69px;\">&nbsp;<\/td>\n<td style=\"width: 28px;\">kl.<\/p>\n<p>kl.<\/p>\n<p>kl.<\/p>\n<p>kl.<\/p>\n<p>&nbsp;<\/p>\n<p>kl.<\/td>\n<td style=\"width: 53px;\">09.00<\/p>\n<p>11.00<\/p>\n<p>13.00<\/p>\n<p>15.00<\/p>\n<p>&nbsp;<\/p>\n<p>14.00<\/td>\n<td style=\"width: 311.984px;\">Messe p\u00e5 polsk<\/p>\n<p>H\u00f8ymesse<\/p>\n<p>Messe p\u00e5 vietnamesisk<\/p>\n<p>Messe p\u00e5 kaldeisk<\/p>\n<p>&nbsp;<\/p>\n<p>Messe med p. Boie i Lyngdal Kirkesenter<\/td>\n<\/tr>\n<\/tbody>\n<\/table>\n<p><strong>Annet:<\/strong><\/p>\n<p><strong>1) Info St. Ansgar<\/strong><\/p>\n<ol start=\"5\">\n<li>februar kommer f\u00f8rste utgave av Info St. Ansgar.<\/li>\n<\/ol>\n<p><strong>2) Katekese<\/strong><\/p>\n<p>L\u00f8rdag 11. februar kl. 10:00 &#8211; 14:00 er det katekese for 1., 2., 3.,&nbsp; 4., 6. og 7. trinn.<\/p>\n<p>Kl. 13:00 &#8211; 14:00 er det katekesemesse.<\/p>\n<p><strong>&nbsp;<\/strong><strong>3) Kurs i Den Gode Hyrde Katekese<\/strong><\/p>\n<p>Fra 24. \u2013 26. februar holdes den f\u00f8rste kurshelgen av fire i Den Gode hyrde katekese. M\u00e5let for denne katekesen er \u00e5 hjelpe barn i alderen 3-6 \u00e5r til selv \u00e5 komme n\u00e6rmere Gud.<\/p>\n<p>Kateketer, hjelpekateketer og andre interesserte inviteres til kurset. P\u00e5melding innen<br \/>\n8. februar. Kursbrosjyrer med alle detaljer finnes i kirkens inngangsparti.<\/p>\n<p><strong>4)<\/strong> Onsdag 1. februar kl. 18.45 er det bibelgruppe.<\/p>\n<p><strong>5)<\/strong> Onsdag 1. februar kl.17. 30 er det barnekor.<\/p>\n<p><strong>6)<\/strong> Torsdag 2. februar kl. 18. 45 er det troskurs.<\/p>\n<p>&nbsp;<\/p>\n<p style=\"text-align: center;\"><strong>Alle er hjertelig velkommen til kirkekaffe. \u00d8nsker dere riktig god s\u00f8ndag!<\/strong><\/p>\n","protected":false},"excerpt":{"rendered":"<p>Tirsdag 31.01. Minnedag: Den hellige Johannes Bosco kl. kl. 17.30 18.00 Vesper Messe &#8211; etterfulgt av sakramentstilbedelse Onsdag 01.02. &nbsp; kl. 18.00 Messe Torsdag 02.02. Fest: Herrens fremstilling i tempelet kl. &nbsp; &nbsp; kl. 11.00 &nbsp; &nbsp; 18.00 Messe &#8211;&#8230;<br \/><a class=\"read-more-button\" href=\"https:\/\/stansgar.katolsk.no\/?p=11552\">Read more<\/a><\/p>\n","protected":false},"author":1,"featured_media":0,"comment_status":"open","ping_status":"open","sticky":false,"template":"","format":"standard","meta":{"footnotes":""},"categories":[482],"tags":[],"class_list":["post-11552","post","type-post","status-publish","format-standard","hentry","category-kunngjoringer"],"_links":{"self":[{"href":"https:\/\/stansgar.katolsk.no\/index.php?rest_route=\/wp\/v2\/posts\/11552","targetHints":{"allow":["GET"]}}],"collection":[{"href":"https:\/\/stansgar.katolsk.no\/index.php?rest_route=\/wp\/v2\/posts"}],"about":[{"href":"https:\/\/stansgar.katolsk.no\/index.php?rest_route=\/wp\/v2\/types\/post"}],"author":[{"embeddable":true,"href":"https:\/\/stansgar.katolsk.no\/index.php?rest_route=\/wp\/v2\/users\/1"}],"replies":[{"embeddable":true,"href":"https:\/\/stansgar.katolsk.no\/index.php?rest_route=%2Fwp%2Fv2%2Fcomments&post=11552"}],"version-history":[{"count":4,"href":"https:\/\/stansgar.katolsk.no\/index.php?rest_route=\/wp\/v2\/posts\/11552\/revisions"}],"predecessor-version":[{"id":11598,"href":"https:\/\/stansgar.katolsk.no\/index.php?rest_route=\/wp\/v2\/posts\/11552\/revisions\/11598"}],"wp:attachment":[{"href":"https:\/\/stansgar.katolsk.no\/index.php?rest_route=%2Fwp%2Fv2%2Fmedia&parent=11552"}],"wp:term":[{"taxonomy":"category","embeddable":true,"href":"https:\/\/stansgar.katolsk.no\/index.php?rest_route=%2Fwp%2Fv2%2Fcategories&post=11552"},{"taxonomy":"post_tag","embeddable":true,"href":"https:\/\/stansgar.katolsk.no\/index.php?rest_route=%2Fwp%2Fv2%2Ftags&post=11552"}],"curies":[{"name":"wp","href":"https:\/\/api.w.org\/{rel}","templated":true}]}}