{"id":11526,"date":"2023-01-26T09:53:25","date_gmt":"2023-01-26T08:53:25","guid":{"rendered":"https:\/\/stansgar.katolsk.no\/?p=11526"},"modified":"2023-01-26T09:53:27","modified_gmt":"2023-01-26T08:53:27","slug":"referat-fra-menighetsradsmote-18-01-2023","status":"publish","type":"post","link":"https:\/\/stansgar.katolsk.no\/?p=11526","title":{"rendered":"Referat fra menighetsr\u00e5dsm\u00f8te 18.01.2023"},"content":{"rendered":"\n<h2 class=\"wp-block-heading\">Referat<\/h2>\n\n\n\n<div class=\"wp-block-file\"><a href=\"https:\/\/stansgar.katolsk.no\/wp-content\/uploads\/2023\/01\/Referat-menighetsr\u00e5dsm\u00f8te-18.01.2023.pdf\">Referat-menighetsr\u00e5dsm\u00f8te-18.01.2023<\/a><a href=\"https:\/\/stansgar.katolsk.no\/wp-content\/uploads\/2023\/01\/Referat-menighetsr\u00e5dsm\u00f8te-18.01.2023.pdf\" class=\"wp-block-file__button\" download>Last ned<\/a><\/div>\n\n\n\n<p>18.01.2023 kl. 18.45<\/p>\n\n\n\n<figure class=\"wp-block-table\"><table><tbody><tr><td>Tilstede:<\/td><td>P. Quang Tien Dang, Xuat Minh Dang, Sigrid Therese Kornbrekke, Ane Ugland Alb\u00e6k og Kaja Kristine Gustavsen Tho.<\/td><\/tr><tr><td>&nbsp;<\/td><td>&nbsp;<\/td><\/tr><\/tbody><\/table><\/figure>\n\n\n\n<p class=\"has-text-color has-very-dark-gray-color\"><a><strong>Sak 1 Godkjenning av innkalling og saksliste<\/strong><\/a><\/p>\n\n\n\n<p>Innkalling og saksliste ble godkjent med unntak av sak 4 som utsettes p\u00e5 grunn av manglende informasjon fra Biskop Bernt.<\/p>\n\n\n\n<p><strong>Sak 2 Informasjon<\/strong><\/p>\n\n\n\n<p>kr 39.056,47. Vi h\u00e5per \u00e5 f\u00e5 samlet inn tiln\u00e6rmet halvparten av kostnadene. N\u00e5r utstyret er p\u00e5 plass vurderer vi nye tiltak for \u00e5 dekke inn resten, f.eks. loddsalg.<\/p>\n\n\n\n<p>Aviskomiteen best\u00e5r av Sigrid Therese Kornbrekke, Anja Wunsch, Christina Denz, Kai Ivar M\u00fcller og Tore Heidenreich. De vil st\u00e5 og dele ut avisen i messen f\u00f8rste gang. Deretter kan man legge en bunke i sakristiet og en bunke p\u00e5 et lite bord ved utgangen mot bakg\u00e5rden. Det skal ogs\u00e5 med i kunngj\u00f8ringer s\u00f8ndagen f\u00f8r, Sigrid minner p. Tien om dette.<\/p>\n\n\n\n<p><strong>Sak 3 Felles aktiviteter i menigheten i 2023<\/strong><\/p>\n\n\n\n<p>Innspillene fra synodale m\u00f8ter med tema fellesskap, b\u00e5de fellesm\u00f8te og m\u00f8ter i spr\u00e5kgruppene, er enige om at det er \u00f8nskelig med flere felles arrangementer for hele menigheten. Spesielt ble Internasjonal dag trukket fram som et viktig og positivt arrangement.<\/p>\n\n\n\n<p>Felles arrangementer i 2023 (disse m\u00e5 inn i menighetens kalender):<\/p>\n\n\n\n<ul class=\"wp-block-list\"><li>Fest i Kiga etter messen der alle medbringer noe snacks\/fingermat.<\/li><li>Felles messe m\/grilling. Alle tar med egen mat og grill.<\/li><li>Felles messe, mat og underholdning ute.<\/li><li>Felles messe med prosesjon. Kirkekaffe eller Caritas-servering etterp\u00e5? &nbsp;<\/li><li>Felles messe og Maria-prosesjon.<\/li><\/ul>\n\n\n\n<p>I tillegg snakket vi om:<\/p>\n\n\n\n<ul class=\"wp-block-list\"><li>\u00f8rdag 23. eller 30. september. Kaja unders\u00f8ker om det er mulig.<\/li><\/ul>\n\n\n\n<p>Andre \u00f8nsker som kom opp i f\u00f8rste del av den synodale prosessen:<\/p>\n\n\n\n<p>En utfordring er at slike kvelder ofte f\u00e5r veldig f\u00e5 deltakere. Menighetsr\u00e5det oppfordrer medlemmer av menigheten til \u00e5 ta kontakt med oss om det er arrangementer\/m\u00f8ter de \u00f8nsker seg, ogs\u00e5 kan de bli med i en arrangementskomite. For at noe skal bli vellykket og f\u00e5 flere deltakere er man avhengig av engasjerte p\u00e5drivere.<\/p>\n\n\n\n<p><strong>Sak 4 Synodal prosess St Ansgar del 2: deltakelse<\/strong><\/p>\n\n\n\n<p>Denne saken utsettes.<\/p>\n\n\n\n<p><strong>Sak 5 Informasjon til menigheten om synodal prosess tema fellesskap<\/strong><\/p>\n\n\n\n<p>Det er laget et eget skriv med innspill fra menigheten fra det f\u00f8rste synodale m\u00f8tet med tema fellesskap. Det er tre overskrifter:<\/p>\n\n\n\n<p>Innspill fra menigheten i den synodale prosessen blir publisert i eget dokument.<\/p>\n\n\n\n<p><strong>Sak 6 Eventuelt<\/strong><\/p>\n\n\n\n<p>Ikke alle synger under messene, kan det v\u00e6re fordi enkelte ikke forst\u00e5r tavla? Forslag om at menighetsavisen skriver noe om dette, gjerne med et bilde av tavla med piler. Dette bildet kan senere henges opp p\u00e5 oppslagstavla til informasjon.<\/p>\n\n\n\n<p>Kirkeverter f\u00f8r messen for \u00e5 ta imot messedeltakere og fange opp nye? Vi snakker om dette neste gang.<\/p>\n\n\n\n<p>Referent<\/p>\n\n\n\n<p>Kaja Kristine Tho (sekret\u00e6r)<\/p>\n","protected":false},"excerpt":{"rendered":"<p>Referat 18.01.2023 kl. 18.45 Tilstede: P. Quang Tien Dang, Xuat Minh Dang, Sigrid Therese Kornbrekke, Ane Ugland Alb\u00e6k og Kaja Kristine Gustavsen Tho. &nbsp; &nbsp; Sak 1 Godkjenning av innkalling og saksliste Innkalling og saksliste ble godkjent med unntak av&#8230;<br \/><a class=\"read-more-button\" href=\"https:\/\/stansgar.katolsk.no\/?p=11526\">Read more<\/a><\/p>\n","protected":false},"author":1,"featured_media":0,"comment_status":"open","ping_status":"open","sticky":false,"template":"","format":"standard","meta":{"footnotes":""},"categories":[493],"tags":[],"class_list":["post-11526","post","type-post","status-publish","format-standard","hentry","category-menighetsradsmote"],"_links":{"self":[{"href":"https:\/\/stansgar.katolsk.no\/index.php?rest_route=\/wp\/v2\/posts\/11526","targetHints":{"allow":["GET"]}}],"collection":[{"href":"https:\/\/stansgar.katolsk.no\/index.php?rest_route=\/wp\/v2\/posts"}],"about":[{"href":"https:\/\/stansgar.katolsk.no\/index.php?rest_route=\/wp\/v2\/types\/post"}],"author":[{"embeddable":true,"href":"https:\/\/stansgar.katolsk.no\/index.php?rest_route=\/wp\/v2\/users\/1"}],"replies":[{"embeddable":true,"href":"https:\/\/stansgar.katolsk.no\/index.php?rest_route=%2Fwp%2Fv2%2Fcomments&post=11526"}],"version-history":[{"count":1,"href":"https:\/\/stansgar.katolsk.no\/index.php?rest_route=\/wp\/v2\/posts\/11526\/revisions"}],"predecessor-version":[{"id":11528,"href":"https:\/\/stansgar.katolsk.no\/index.php?rest_route=\/wp\/v2\/posts\/11526\/revisions\/11528"}],"wp:attachment":[{"href":"https:\/\/stansgar.katolsk.no\/index.php?rest_route=%2Fwp%2Fv2%2Fmedia&parent=11526"}],"wp:term":[{"taxonomy":"category","embeddable":true,"href":"https:\/\/stansgar.katolsk.no\/index.php?rest_route=%2Fwp%2Fv2%2Fcategories&post=11526"},{"taxonomy":"post_tag","embeddable":true,"href":"https:\/\/stansgar.katolsk.no\/index.php?rest_route=%2Fwp%2Fv2%2Ftags&post=11526"}],"curies":[{"name":"wp","href":"https:\/\/api.w.org\/{rel}","templated":true}]}}