{"id":11523,"date":"2023-01-22T10:01:38","date_gmt":"2023-01-22T09:01:38","guid":{"rendered":"https:\/\/stansgar.katolsk.no\/?p=11523"},"modified":"2023-01-20T13:21:02","modified_gmt":"2023-01-20T12:21:02","slug":"kunngjoringer-sondag-22-januar-2023","status":"publish","type":"post","link":"https:\/\/stansgar.katolsk.no\/?p=11523","title":{"rendered":"KUNNGJ\u00d8RINGER S\u00d8NDAG 22. JANUAR 2023"},"content":{"rendered":"<table style=\"width: 634.094px;\">\n<tbody>\n<tr>\n<td style=\"width: 78px;\" rowspan=\"2\">Tirsdag<\/td>\n<td style=\"width: 64px;\" rowspan=\"2\">24.01<strong>.<\/strong><\/td>\n<td style=\"width: 400.094px;\" colspan=\"3\">Minnedag: Den hellige Frans av Sales<\/td>\n<\/tr>\n<tr>\n<td style=\"width: 41px;\">kl.<\/p>\n<p>kl.<\/td>\n<td style=\"width: 54px;\">17.30<\/p>\n<p>18.00<\/td>\n<td style=\"width: 305.094px;\">Vespers<\/p>\n<p>Messe &#8211; etterfulgt av sakramentstilbedelse<\/td>\n<\/tr>\n<tr>\n<td style=\"width: 78px;\" rowspan=\"2\">Onsdag<\/td>\n<td style=\"width: 64px;\" rowspan=\"2\">25.01<strong>.<\/strong><\/td>\n<td style=\"width: 400.094px;\" colspan=\"3\">Fest: Apostelen Paulus&#8217; omvendelse<\/td>\n<\/tr>\n<tr>\n<td style=\"width: 41px;\">kl.<\/td>\n<td style=\"width: 54px;\">18.00<\/td>\n<td style=\"width: 305.094px;\">Messe<\/td>\n<\/tr>\n<tr>\n<td style=\"width: 78px;\">Torsdag<\/td>\n<td style=\"width: 64px;\">26.01<strong>.<\/strong><\/td>\n<td style=\"width: 41px;\">kl.<\/p>\n<p>kl.<\/td>\n<td style=\"width: 54px;\">11.00<\/p>\n<p>18.00<\/td>\n<td style=\"width: 305.094px;\">Messe &#8211; etterfulgt av felles lunsj i Kiga.<\/p>\n<p>Messe<\/td>\n<\/tr>\n<tr>\n<td style=\"width: 78px;\">Fredag<\/p>\n<p><em>Andre steder<\/em><\/td>\n<td style=\"width: 64px;\">27.01<strong>.<\/strong><\/td>\n<td style=\"width: 41px;\">kl.<\/p>\n<p>&nbsp;<\/p>\n<p>kl.<\/td>\n<td style=\"width: 54px;\">18.00<\/p>\n<p>&nbsp;<\/p>\n<p>18.00<\/td>\n<td style=\"width: 305.094px;\">Messe<\/p>\n<p>&nbsp;<\/p>\n<p>Messe i Lyngdal (i Lyngdal kapell &#8211; &nbsp;p\u00e5 baksiden<br \/>\nav Lyngdal kirke)<\/td>\n<\/tr>\n<tr>\n<td style=\"width: 78px;\" rowspan=\"2\">L\u00f8rdag<\/p>\n<p>&nbsp;<\/p>\n<p>&nbsp;<\/p>\n<p>&nbsp;<\/p>\n<p>&nbsp;<\/p>\n<p>&nbsp;<\/p>\n<p><em>Andre steder<\/em><\/td>\n<td style=\"width: 64px;\" rowspan=\"2\">28.01<strong>.<\/strong><\/td>\n<td style=\"width: 400.094px;\" colspan=\"3\">Minnedag: Den hellige Thomas Aquinas<\/p>\n<p>kl.&nbsp;&nbsp;&nbsp;&nbsp; 12.30&nbsp;&nbsp;&nbsp;&nbsp;&nbsp;&nbsp;&nbsp; Rosenkransb\u00f8nn<\/td>\n<\/tr>\n<tr>\n<td style=\"width: 41px;\">kl.<\/p>\n<p>kl.<\/p>\n<p>kl.<\/p>\n<p>&nbsp;<\/p>\n<p>kl.<\/td>\n<td style=\"width: 54px;\">13.00<\/p>\n<p>14.00<\/p>\n<p>18.00<\/p>\n<p>&nbsp;<\/p>\n<p>17.00<\/td>\n<td style=\"width: 305.094px;\">Messe<\/p>\n<p>Messe p\u00e5 tagalog<\/p>\n<p>Messe p\u00e5 polsk<\/p>\n<p>&nbsp;<\/p>\n<p>Messe i Flekkefjord<\/td>\n<\/tr>\n<tr>\n<td style=\"width: 78px;\">S\u00f8ndag<\/td>\n<td style=\"width: 64px;\">29.01<strong>.<\/strong><\/td>\n<td style=\"width: 400.094px;\" colspan=\"3\">4. S\u00d8NDAG I DET ALMINNELIGE KIRKE\u00c5R<\/td>\n<\/tr>\n<tr>\n<td style=\"width: 78px;\">&nbsp;<\/p>\n<p>&nbsp;<\/p>\n<p>&nbsp;<\/p>\n<p>&nbsp;<\/td>\n<td style=\"width: 64px;\">&nbsp;<\/td>\n<td style=\"width: 41px;\">kl.<\/p>\n<p>kl.<\/p>\n<p>kl.<\/p>\n<p>kl.<\/td>\n<td style=\"width: 54px;\">09.00<\/p>\n<p>11.00<\/p>\n<p>13.00<\/p>\n<p>15.00<\/td>\n<td style=\"width: 305.094px;\">Messe p\u00e5 polsk<\/p>\n<p>H\u00f8ymesse<\/p>\n<p>Messe p\u00e5 vietnamesisk<\/p>\n<p>Messe p\u00e5 engelsk<\/td>\n<\/tr>\n<\/tbody>\n<\/table>\n<p><strong>Annet:<\/strong><\/p>\n<p><strong>1) Torsdag 26 januar<\/strong><\/p>\n<p>Caritas inviterer til vaffelkveld.<\/p>\n<p>Caritas St Ansgar arrangerer felles sosialt samv\u00e6r i Kiga etter kveldsmessen.<\/p>\n<p>Vi inviterer til gode samtaler over en kopp kaffe med gamle og nye venner i menigheten.<\/p>\n<p>Nye m\u00f8tedeltakere som kan tenke seg \u00e5 bruke litt av sin tid som frivillig i Caritas eller s\u00f8ker informasjon om Caritas diakonale arbeid vil bli tatt godt imot.<\/p>\n<p>Alle \u00f8nskes hjertelig velkommen&nbsp;<\/p>\n<p>&nbsp;<\/p>\n<p><strong>2) Juniorklubben&nbsp;fredag 27. januar<\/strong><strong><br \/>\n<\/strong>Fredag 27. januar kl. 18.30 &#8211; 20.45&nbsp;har juniorklubben aktivitetskveld.<br \/>\nFor mer informasjon se oppslag i inngangspartiet til kirken og til menighetssalen.<\/p>\n<p>&nbsp;<\/p>\n<p style=\"text-align: center;\">&nbsp;<strong>&nbsp;&nbsp;&nbsp;&nbsp;&nbsp;&nbsp;&nbsp;&nbsp;&nbsp;&nbsp; Alle er hjertelig velkommen til kirkekaffe. \u00d8nsker dere riktig god s\u00f8ndag!<\/strong><\/p>\n","protected":false},"excerpt":{"rendered":"<p>Tirsdag 24.01. Minnedag: Den hellige Frans av Sales kl. kl. 17.30 18.00 Vespers Messe &#8211; etterfulgt av sakramentstilbedelse Onsdag 25.01. Fest: Apostelen Paulus&#8217; omvendelse kl. 18.00 Messe Torsdag 26.01. kl. kl. 11.00 18.00 Messe &#8211; etterfulgt av felles lunsj i&#8230;<br \/><a class=\"read-more-button\" href=\"https:\/\/stansgar.katolsk.no\/?p=11523\">Read more<\/a><\/p>\n","protected":false},"author":1,"featured_media":0,"comment_status":"open","ping_status":"open","sticky":false,"template":"","format":"standard","meta":{"footnotes":""},"categories":[482],"tags":[],"class_list":["post-11523","post","type-post","status-publish","format-standard","hentry","category-kunngjoringer"],"_links":{"self":[{"href":"https:\/\/stansgar.katolsk.no\/index.php?rest_route=\/wp\/v2\/posts\/11523","targetHints":{"allow":["GET"]}}],"collection":[{"href":"https:\/\/stansgar.katolsk.no\/index.php?rest_route=\/wp\/v2\/posts"}],"about":[{"href":"https:\/\/stansgar.katolsk.no\/index.php?rest_route=\/wp\/v2\/types\/post"}],"author":[{"embeddable":true,"href":"https:\/\/stansgar.katolsk.no\/index.php?rest_route=\/wp\/v2\/users\/1"}],"replies":[{"embeddable":true,"href":"https:\/\/stansgar.katolsk.no\/index.php?rest_route=%2Fwp%2Fv2%2Fcomments&post=11523"}],"version-history":[{"count":1,"href":"https:\/\/stansgar.katolsk.no\/index.php?rest_route=\/wp\/v2\/posts\/11523\/revisions"}],"predecessor-version":[{"id":11524,"href":"https:\/\/stansgar.katolsk.no\/index.php?rest_route=\/wp\/v2\/posts\/11523\/revisions\/11524"}],"wp:attachment":[{"href":"https:\/\/stansgar.katolsk.no\/index.php?rest_route=%2Fwp%2Fv2%2Fmedia&parent=11523"}],"wp:term":[{"taxonomy":"category","embeddable":true,"href":"https:\/\/stansgar.katolsk.no\/index.php?rest_route=%2Fwp%2Fv2%2Fcategories&post=11523"},{"taxonomy":"post_tag","embeddable":true,"href":"https:\/\/stansgar.katolsk.no\/index.php?rest_route=%2Fwp%2Fv2%2Ftags&post=11523"}],"curies":[{"name":"wp","href":"https:\/\/api.w.org\/{rel}","templated":true}]}}