{"id":11429,"date":"2023-01-01T10:02:50","date_gmt":"2023-01-01T09:02:50","guid":{"rendered":"https:\/\/stansgar.katolsk.no\/?p=11429"},"modified":"2022-12-27T13:05:40","modified_gmt":"2022-12-27T12:05:40","slug":"kunngjoringer-sondag-1-januar-2023","status":"publish","type":"post","link":"https:\/\/stansgar.katolsk.no\/?p=11429","title":{"rendered":"KUNNGJ\u00d8RINGER S\u00d8NDAG 1. JANUAR 2023"},"content":{"rendered":"<p><strong>KUNNGJ\u00d8RINGER S\u00d8NDAG 1. JANUAR 2023<\/strong><\/p>\n<table style=\"width: 1023px;\">\n<tbody>\n<tr>\n<td style=\"width: 71px;\">Tirsdag<\/td>\n<td style=\"width: 39px;\">03.01<\/td>\n<td style=\"width: 26px;\">kl.<\/p>\n<p>kl.<\/td>\n<td style=\"width: 55.1719px;\">17.30<\/p>\n<p>18.00<\/td>\n<td style=\"width: 735.828px;\">Vespers<\/p>\n<p>Messe &#8211; etterfulgt av sakramentstilbedelse<\/td>\n<\/tr>\n<tr>\n<td style=\"width: 71px;\">Onsdag<\/td>\n<td style=\"width: 39px;\">04.01<\/td>\n<td style=\"width: 26px;\">kl.<\/td>\n<td style=\"width: 55.1719px;\">18.00<\/td>\n<td style=\"width: 735.828px;\">Messe<\/td>\n<\/tr>\n<tr>\n<td style=\"width: 71px;\">Torsdag<\/td>\n<td style=\"width: 39px;\">05.01<\/td>\n<td style=\"width: 26px;\">kl.<\/p>\n<p>&nbsp;<\/p>\n<p>&nbsp;<\/p>\n<p>&nbsp;<\/p>\n<p>kl.<\/td>\n<td style=\"width: 55.1719px;\">11.00<\/p>\n<p>&nbsp;<\/p>\n<p>&nbsp;<\/p>\n<p>&nbsp;<\/p>\n<p>18.00<\/td>\n<td style=\"width: 735.828px;\">Messe &#8211; etterfulgt av felles lunsj i Kiga.<\/p>\n<p>Etter messen er det stille tilbedelse fram til kl. 17.45.<\/p>\n<p>Vi ber spesielt for kall til ordenslivet og presteskapet.<\/p>\n<p>&nbsp;<\/p>\n<p>Messe<\/td>\n<\/tr>\n<tr>\n<td style=\"width: 71px;\" rowspan=\"2\">Fredag<\/td>\n<td style=\"width: 39px;\" rowspan=\"2\">06.01<\/td>\n<td style=\"width: 817px;\" colspan=\"3\"><strong>H\u00f8ytid: Herrens \u00e5penbaring<\/strong><\/td>\n<\/tr>\n<tr>\n<td style=\"width: 26px;\">kl.<\/p>\n<p>kl.<\/td>\n<td style=\"width: 55.1719px;\">17.00<\/p>\n<p>18.00<\/td>\n<td style=\"width: 735.828px;\">Sakramentstilbedelse \u2013 Skriftem\u00e5l under tilbedelsen<\/p>\n<p>Messe<\/td>\n<\/tr>\n<tr>\n<td style=\"width: 71px;\">L\u00f8rdag<\/td>\n<td style=\"width: 39px;\">07.01<\/td>\n<td style=\"width: 26px;\">kl.<\/p>\n<p>kl.<\/td>\n<td style=\"width: 55.1719px;\">13.00<\/p>\n<p>18.00<\/td>\n<td style=\"width: 735.828px;\">Katekesemesse<\/p>\n<p>Messe p\u00e5 polsk<\/td>\n<\/tr>\n<tr>\n<td style=\"width: 71px;\">S\u00f8ndag<\/td>\n<td style=\"width: 39px;\">08.01<\/td>\n<td style=\"width: 817px;\" colspan=\"3\"><strong>HERRENS D\u00c5P<\/strong><\/td>\n<\/tr>\n<tr>\n<td style=\"width: 71px;\">&nbsp;<\/td>\n<td style=\"width: 39px;\">&nbsp;<\/td>\n<td style=\"width: 26px;\">kl.<\/p>\n<p>kl.<\/p>\n<p>kl.<\/td>\n<td style=\"width: 55.1719px;\">09.00<\/p>\n<p>11.00<\/p>\n<p>13.00<\/td>\n<td style=\"width: 735.828px;\">Messe p\u00e5 polsk<\/p>\n<p>H\u00f8ymesse<\/p>\n<p>Messe p\u00e5 vietnamesisk<\/td>\n<\/tr>\n<\/tbody>\n<\/table>\n<p><strong>Annet:<\/strong><\/p>\n<p><strong>1) Katekese l\u00f8rdag 7. januar<\/strong><\/p>\n<p>07.01. er det katekese for 5., 8. og 9. trinn kl. 10.00 &#8211; 14.00.<\/p>\n<p><strong>2) Velsignelsesklistrelapp<\/strong><\/p>\n<p>P\u00e5 dagen for Herrens \u00c5penbaring er det tradisjon \u00e5 st\u00f8tte den pavelige misjonsvirksomhet ogs\u00e5 kalt Missio i Norge ved \u00e5 gi 20 kroner for hver velsignelsesklistrelapp. I \u00e5ret faller Herrens \u00c5penbarings fest p\u00e5 fredag. Derfor g\u00e5r kollekten p\u00e5 s\u00f8ndag 8. januar 2023 g\u00e5r til Barne-Missio, og vi kan i bytte for 20 kroner f\u00e5 velsignelsesklisterlapper. Bruk menighetens vipps nummer 534797, velg \u201cvelsignelsesklisterlapper 2023\u201d.<\/p>\n<p>3) Onsdag &nbsp;4. Januar kl. 18.45 er det biblegruppe.<\/p>\n<p>4) Onsdag 4. Januar kl. 17.30 er det barnekor.<\/p>\n<p>5) Torsdag 5. Januar kl. 18. 45 er det troskurs.<\/p>\n<p>&nbsp;<\/p>\n<p>&nbsp;<\/p>\n<p>&nbsp;<strong>&nbsp;&nbsp;&nbsp;&nbsp;&nbsp;&nbsp;&nbsp;&nbsp;&nbsp;&nbsp; Alle er hjertelig velkommen til kirkekaffe. \u00d8nsker dere riktig god s\u00f8ndag!<\/strong><\/p>\n","protected":false},"excerpt":{"rendered":"<p>KUNNGJ\u00d8RINGER S\u00d8NDAG 1. JANUAR 2023 Tirsdag 03.01 kl. kl. 17.30 18.00 Vespers Messe &#8211; etterfulgt av sakramentstilbedelse Onsdag 04.01 kl. 18.00 Messe Torsdag 05.01 kl. &nbsp; &nbsp; &nbsp; kl. 11.00 &nbsp; &nbsp; &nbsp; 18.00 Messe &#8211; etterfulgt av felles lunsj&#8230;<br \/><a class=\"read-more-button\" href=\"https:\/\/stansgar.katolsk.no\/?p=11429\">Read more<\/a><\/p>\n","protected":false},"author":1,"featured_media":0,"comment_status":"open","ping_status":"open","sticky":false,"template":"","format":"standard","meta":{"footnotes":""},"categories":[482],"tags":[],"class_list":["post-11429","post","type-post","status-publish","format-standard","hentry","category-kunngjoringer"],"_links":{"self":[{"href":"https:\/\/stansgar.katolsk.no\/index.php?rest_route=\/wp\/v2\/posts\/11429","targetHints":{"allow":["GET"]}}],"collection":[{"href":"https:\/\/stansgar.katolsk.no\/index.php?rest_route=\/wp\/v2\/posts"}],"about":[{"href":"https:\/\/stansgar.katolsk.no\/index.php?rest_route=\/wp\/v2\/types\/post"}],"author":[{"embeddable":true,"href":"https:\/\/stansgar.katolsk.no\/index.php?rest_route=\/wp\/v2\/users\/1"}],"replies":[{"embeddable":true,"href":"https:\/\/stansgar.katolsk.no\/index.php?rest_route=%2Fwp%2Fv2%2Fcomments&post=11429"}],"version-history":[{"count":3,"href":"https:\/\/stansgar.katolsk.no\/index.php?rest_route=\/wp\/v2\/posts\/11429\/revisions"}],"predecessor-version":[{"id":11432,"href":"https:\/\/stansgar.katolsk.no\/index.php?rest_route=\/wp\/v2\/posts\/11429\/revisions\/11432"}],"wp:attachment":[{"href":"https:\/\/stansgar.katolsk.no\/index.php?rest_route=%2Fwp%2Fv2%2Fmedia&parent=11429"}],"wp:term":[{"taxonomy":"category","embeddable":true,"href":"https:\/\/stansgar.katolsk.no\/index.php?rest_route=%2Fwp%2Fv2%2Fcategories&post=11429"},{"taxonomy":"post_tag","embeddable":true,"href":"https:\/\/stansgar.katolsk.no\/index.php?rest_route=%2Fwp%2Fv2%2Ftags&post=11429"}],"curies":[{"name":"wp","href":"https:\/\/api.w.org\/{rel}","templated":true}]}}