{"id":11362,"date":"2022-12-04T10:01:31","date_gmt":"2022-12-04T09:01:31","guid":{"rendered":"https:\/\/stansgar.katolsk.no\/?p=11362"},"modified":"2022-12-06T11:40:18","modified_gmt":"2022-12-06T10:40:18","slug":"kunngjoringer-sondag-4-desember-2022","status":"publish","type":"post","link":"https:\/\/stansgar.katolsk.no\/?p=11362","title":{"rendered":"KUNNGJ\u00d8RINGER S\u00d8NDAG 4. DESEMBER 2022"},"content":{"rendered":"<p style=\"text-align: center;\"><strong>KUNNGJ\u00d8RINGER S\u00d8NDAG 4. DESEMBER 2022<\/strong><\/p>\n<table style=\"width: 663px;\">\n<tbody>\n<tr>\n<td style=\"width: 67px;\">Tirsdag<\/td>\n<td style=\"width: 41px;\">6.12<\/td>\n<td style=\"width: 41px;\">kl.<\/p>\n<p>kl.<\/td>\n<td style=\"width: 101px;\" colspan=\"2\">17.30<\/p>\n<p>18.00<\/td>\n<td style=\"width: 326px;\">Vesper<\/p>\n<p>Messe &#8211; etterfulgt av sakramentstilbedelse.<\/td>\n<\/tr>\n<tr>\n<td style=\"width: 67px;\">Onsdag<\/td>\n<td style=\"width: 41px;\">7.12<\/td>\n<td style=\"width: 41px;\">kl.<\/p>\n<p>kl.<\/td>\n<td style=\"width: 101px;\" colspan=\"2\">06.30<\/p>\n<p>18.00<\/td>\n<td style=\"width: 326px;\">Roratemesse<\/p>\n<p>Messe<\/td>\n<\/tr>\n<tr>\n<td style=\"width: 67px;\" rowspan=\"2\">Torsdag<\/td>\n<td style=\"width: 41px;\" rowspan=\"2\">8.12<\/td>\n<td style=\"width: 468px;\" colspan=\"4\">H\u00f8ytid: Jomfru Marias uplettede unnfangelse<\/td>\n<\/tr>\n<tr>\n<td style=\"width: 41px;\">kl.<\/p>\n<p>kl.<\/td>\n<td style=\"width: 101px;\" colspan=\"2\">11.00<\/p>\n<p>18.00<\/td>\n<td style=\"width: 326px;\">Messe \u2013 etterfulgt av felles lunsj i Kiga.<\/p>\n<p>Messe<\/td>\n<\/tr>\n<tr>\n<td style=\"width: 67px;\">Fredag<\/td>\n<td style=\"width: 41px;\">9.12<\/td>\n<td style=\"width: 52px;\" colspan=\"2\">kl.<\/td>\n<td style=\"width: 90px;\">18.00<\/td>\n<td style=\"width: 326px;\">Messe<\/td>\n<\/tr>\n<tr>\n<td style=\"width: 67px;\">L\u00f8rdag<\/td>\n<td style=\"width: 41px;\">10.12<\/td>\n<td style=\"width: 52px;\" colspan=\"2\">kl.<\/p>\n<p>kl.<\/td>\n<td style=\"width: 90px;\">13.00<\/p>\n<p>18.00<\/td>\n<td style=\"width: 326px;\">Messe<\/p>\n<p>Messe p\u00e5 polsk<\/td>\n<\/tr>\n<tr>\n<td style=\"width: 67px;\">S\u00f8ndag<\/td>\n<td style=\"width: 41px;\">11.12<\/td>\n<td style=\"width: 468px;\" colspan=\"4\">3. S\u00d8NDAG I ADVENT<\/td>\n<\/tr>\n<tr>\n<td style=\"width: 67px;\">&nbsp;<\/p>\n<p>&nbsp;<\/p>\n<p>&nbsp;<\/p>\n<p>Andre steder:<\/td>\n<td style=\"width: 41px;\">&nbsp;<\/td>\n<td style=\"width: 52px;\" colspan=\"2\">kl.<\/p>\n<p>kl.<\/p>\n<p>kl.<\/p>\n<p>&nbsp;<\/p>\n<p>kl.<\/td>\n<td style=\"width: 90px;\">09.00<\/p>\n<p>11.00<\/p>\n<p>13.00<\/p>\n<p>&nbsp;<\/p>\n<p>17.00<\/td>\n<td style=\"width: 326px;\">Messe p\u00e5 polsk<\/p>\n<p>H\u00f8ymesse<\/p>\n<p>Messe p\u00e5 vietnamesisk<\/p>\n<p>&nbsp;<\/p>\n<p>Messe p\u00e5 Stella Maris<\/td>\n<\/tr>\n<\/tbody>\n<\/table>\n<p><strong>Annet:<\/strong><\/p>\n<p><strong>1) Retrett i Advent 2022 med p. Oliver<\/strong><\/p>\n<p>Alle er velkommen til tre dagers retrett for \u00e5 forberede seg til Kristi f\u00f8dsel.<\/p>\n<p>Tidspunkt: Fra tirsdag 6. desember til torsdag 8. desember, klokka 18.00 &#8211; 19.30.<\/p>\n<p>Tema: \u201cGj\u00f8r veien klar for Herren, jevn stiene ut for Ham\u201d (Matt 3,3).<\/p>\n<p>Program for retretten: Messe, tilbedelse, foredrag, skriftem\u00e5l, b\u00f8nn.<\/p>\n<p>&nbsp;<\/p>\n<p><strong>2) Katekese l\u00f8rdag 10.12.<\/strong><\/p>\n<p>Kl. 10.00 &#8211; 1400: Katekese for 2. og 3. trinn<\/p>\n<p>Kl. 13.00 &#8211; 14.00: Katekesemesse<\/p>\n<p>Kl. 14.00 &#8211; 17.00: Katekese for 1., 4., 5. og 6. og 7. trinn<\/p>\n<p>Det er skriftem\u00e5l i katekesen for 4. 5 og 6. trinn fra klokka 14.00.<\/p>\n<p><strong>&nbsp;<\/strong><\/p>\n<p><strong>3) Ministrantkveld 9. desember:<\/strong><\/p>\n<p>Alle ministranter fra og med 3. trinn til og med videreg\u00e5ende og voksne er invitert til ministrantkveld 9. desember kl. 18.00 &#8211; kl. 20.30.<\/p>\n<p>Vi ministrerer i messen kl. 18.00, og etter messen har vi m\u00f8te i Kiga: vi l\u00e6rer noen praktiske ting<br \/>\ni forbindelse med ministrering, vi har underholdning og mat.<\/p>\n<p>&nbsp;<\/p>\n<p><strong>4) Tirsdag 6. desember<\/strong> kl. 19. 00 er det biblegruppe.<\/p>\n<p><strong>5) Onsdag 7. desember<\/strong> kl. 17.30 er det barnekor.<\/p>\n<p><strong>6) Torsdag 8. desmeber<\/strong> kl. 18. 45 er det troskurs.<\/p>\n<p>&nbsp;<\/p>\n<p><strong>7) St\u00f8tte ukrainere i Ukraina:<\/strong><\/p>\n<ol>\n<li>Myron, fra ukrainsk sjelesorg, \u00f8nsker \u00e5 samle inn vintersoveposer, liggeunderlag, str\u00f8maggregater, mat p\u00e5 boks og ris for \u00e5 sende til Ukraina. Vinteren n\u00e6rmer seg, og millioner av personer lever uten str\u00f8m.<\/li>\n<\/ol>\n<p>De som \u00f8nsker \u00e5 hjelpe v\u00e5re br\u00f8dre og s\u00f8stre i Ukraina kan levere vintersoveposer, liggeunderlag, mat p\u00e5 boks og ris, <strong>ikke noe annet<\/strong>, i Kiga og ved inngangspartiet i kirken f\u00f8r og etter messene i l\u00f8pet av uka. P. Myron skal ha messe p\u00e5 ukrainsk 27. desember kl.19.30, og da skal han hente v\u00e5re gaver.<\/p>\n<p>&nbsp;<\/p>\n<p><strong>8) Caritas adventsaksjon <\/strong><\/p>\n<p>Caritas St. Ansgar sin advents-aksjon vil i \u00e5r ha to form\u00e5l: st\u00f8tte krigsutsatte i \u00d8st-Ukraina med midler til generatorer for \u00e5 sikre str\u00f8m og gi spesielt utsatte barn i v\u00e5rt eget lokalmilj\u00f8 en oppmerksomhet i forbindelse med julen.<\/p>\n<p>Vi ber derfor menigheten om \u00e5 hjelpe oss p\u00e5 to m\u00e5ter:<\/p>\n<p>Dels oppfordrer Caritas alle familier til \u00e5 kj\u00f8pe en ekstra barne-julegave. Merk den med alder og kj\u00f8nn den passer til, og lever den p\u00e5 menighetskontoret innen 15.12. Caritas vil da s\u00f8rge for at gavene gis til trengende barnefamilier.<\/p>\n<p>Og dels oppfordrer vi alle til \u00e5 st\u00f8tte opp om Caritas advenstbasar 4 og 11 desember. Alle inntekter derfra vil g\u00e5 uavkortet til hjelpearbeidet.<\/p>\n<p><strong><em>&nbsp;<\/em><\/strong><\/p>\n<p><strong>9) Nytt lydsystem i kirka<\/strong><\/p>\n<p>Menigheten \u00f8nsker \u00e5 kj\u00f8pe nytt lydsystem i kirka.<\/p>\n<p>Det er en viktig investering&nbsp;som vil forbedre lydkvaliteten i v\u00e5r kirke betydelig.&nbsp;<\/p>\n<p>Totale kostnader er omtrent 100&nbsp;000,00 kr.&nbsp; Detaljer om lydsystemet kan dere se p\u00e5 oppslag<br \/>\n&nbsp;i inngangspartiet.<\/p>\n<p>Vi arrangerer vi en innsamlingsaksjon for \u00e5 dekke s\u00e5 mye som mulig av kostnadene<br \/>\ntil lydsystemet&nbsp;s\u00f8ndagene 20.11, 27.11 og 4.12.&nbsp;<\/p>\n<p>Vi er veldig takknemlige for alle donasjoner og h\u00e5per p\u00e5 mange bidrag.<\/p>\n<p>Du kan vippse penger p\u00e5 534797 (velg kategori \u00ablyd i kirka donasjon\u00bb) eller betale inn<br \/>\np\u00e5 menighetens bankkonto.<\/p>\n<p>&nbsp;<\/p>\n<p style=\"text-align: center;\">&nbsp;<strong>&nbsp;&nbsp;&nbsp;&nbsp;&nbsp;&nbsp;&nbsp;&nbsp;&nbsp;&nbsp; Alle er hjertelig velkommen til kirkekaffe. \u00d8nsker dere riktig god s\u00f8ndag!<\/strong><\/p>\n<p>&nbsp;<\/p>\n","protected":false},"excerpt":{"rendered":"<p>KUNNGJ\u00d8RINGER S\u00d8NDAG 4. DESEMBER 2022 Tirsdag 6.12 kl. kl. 17.30 18.00 Vesper Messe &#8211; etterfulgt av sakramentstilbedelse. Onsdag 7.12 kl. kl. 06.30 18.00 Roratemesse Messe Torsdag 8.12 H\u00f8ytid: Jomfru Marias uplettede unnfangelse kl. kl. 11.00 18.00 Messe \u2013 etterfulgt av&#8230;<br \/><a class=\"read-more-button\" href=\"https:\/\/stansgar.katolsk.no\/?p=11362\">Read more<\/a><\/p>\n","protected":false},"author":1,"featured_media":0,"comment_status":"open","ping_status":"open","sticky":false,"template":"","format":"standard","meta":{"footnotes":""},"categories":[482,204],"tags":[],"class_list":["post-11362","post","type-post","status-publish","format-standard","hentry","category-kunngjoringer","category-ukategorisert-nb"],"_links":{"self":[{"href":"https:\/\/stansgar.katolsk.no\/index.php?rest_route=\/wp\/v2\/posts\/11362","targetHints":{"allow":["GET"]}}],"collection":[{"href":"https:\/\/stansgar.katolsk.no\/index.php?rest_route=\/wp\/v2\/posts"}],"about":[{"href":"https:\/\/stansgar.katolsk.no\/index.php?rest_route=\/wp\/v2\/types\/post"}],"author":[{"embeddable":true,"href":"https:\/\/stansgar.katolsk.no\/index.php?rest_route=\/wp\/v2\/users\/1"}],"replies":[{"embeddable":true,"href":"https:\/\/stansgar.katolsk.no\/index.php?rest_route=%2Fwp%2Fv2%2Fcomments&post=11362"}],"version-history":[{"count":2,"href":"https:\/\/stansgar.katolsk.no\/index.php?rest_route=\/wp\/v2\/posts\/11362\/revisions"}],"predecessor-version":[{"id":11370,"href":"https:\/\/stansgar.katolsk.no\/index.php?rest_route=\/wp\/v2\/posts\/11362\/revisions\/11370"}],"wp:attachment":[{"href":"https:\/\/stansgar.katolsk.no\/index.php?rest_route=%2Fwp%2Fv2%2Fmedia&parent=11362"}],"wp:term":[{"taxonomy":"category","embeddable":true,"href":"https:\/\/stansgar.katolsk.no\/index.php?rest_route=%2Fwp%2Fv2%2Fcategories&post=11362"},{"taxonomy":"post_tag","embeddable":true,"href":"https:\/\/stansgar.katolsk.no\/index.php?rest_route=%2Fwp%2Fv2%2Ftags&post=11362"}],"curies":[{"name":"wp","href":"https:\/\/api.w.org\/{rel}","templated":true}]}}