{"id":11343,"date":"2022-11-27T10:01:50","date_gmt":"2022-11-27T09:01:50","guid":{"rendered":"https:\/\/stansgar.katolsk.no\/?p=11343"},"modified":"2022-11-26T16:39:44","modified_gmt":"2022-11-26T15:39:44","slug":"kunngjoringer-sondag-27-november-2022","status":"publish","type":"post","link":"https:\/\/stansgar.katolsk.no\/?p=11343","title":{"rendered":"KUNNGJ\u00d8RINGER S\u00d8NDAG 27. NOVEMBER 2022"},"content":{"rendered":"<p style=\"text-align: center;\"><strong>KUNNGJ\u00d8RINGER S\u00d8NDAG 27. NOVEMBER 2022<\/strong><\/p>\n<table style=\"width: 567.328px;\">\n<tbody>\n<tr>\n<td style=\"width: 49px;\">Tirsdag<\/td>\n<td style=\"width: 36px;\">29.11<\/td>\n<td style=\"width: 16px;\">kl.<\/p>\n<p>kl.<\/td>\n<td style=\"width: 56px;\">17.30<\/p>\n<p>18.00<\/td>\n<td style=\"width: 317.328px;\">Vesper<\/p>\n<p>Messe &#8211; etterfulgt av sakramentstilbedelse.<\/td>\n<\/tr>\n<tr>\n<td style=\"width: 49px;\">Onsdag<\/td>\n<td style=\"width: 36px;\">30.11<\/td>\n<td style=\"width: 16px;\">&nbsp;<\/p>\n<p>kl.<\/p>\n<p>kl.<\/td>\n<td style=\"width: 56px;\">&nbsp;<\/p>\n<p>06.30<\/p>\n<p>18.00<\/td>\n<td style=\"width: 317.328px;\">Festen: Den hellige Andreas<\/p>\n<p>Roratemesse<\/p>\n<p>Messe<\/td>\n<\/tr>\n<\/tbody>\n<\/table>\n<table style=\"width: 568.109px;\">\n<tbody>\n<tr>\n<td style=\"width: 49px;\">Torsdag<\/td>\n<td style=\"width: 36px;\">1.12<\/td>\n<td style=\"width: 16px;\">kl.<\/p>\n<p>&nbsp;<\/p>\n<p>&nbsp;<\/p>\n<p>kl.<\/td>\n<td style=\"width: 57px;\">11.00<\/p>\n<p>&nbsp;<\/p>\n<p>&nbsp;<\/p>\n<p>18.00<\/td>\n<td style=\"width: 313.109px;\">Messe \u2013 etterfulgt av felles lunsj i Kiga.<\/p>\n<p>Etter messen er det stille tilbedelse fram til kl. 17.45.<\/p>\n<p>Vi ber spesielt for kall til ordenslivet og presteskapet.<\/p>\n<p>Messe<\/td>\n<\/tr>\n<\/tbody>\n<\/table>\n<table style=\"width: 568.156px;\">\n<tbody>\n<tr>\n<td style=\"width: 50px;\">Fredag<\/td>\n<td style=\"width: 34px;\">2.12<\/td>\n<td style=\"width: 18px;\">kl.<\/p>\n<p>kl.<\/td>\n<td style=\"width: 57px;\">17.00<\/p>\n<p>18.00<\/td>\n<td style=\"width: 314.156px;\">Sakramentstilbedelse \u2013 Skriftem\u00e5l under tilbedelsen<\/p>\n<p>Messe<\/td>\n<\/tr>\n<\/tbody>\n<\/table>\n<table style=\"width: 565.016px;\">\n<tbody>\n<tr>\n<td style=\"width: 48px;\">L\u00f8rdag<\/td>\n<td style=\"width: 38px;\">3.12<\/td>\n<td style=\"width: 17px;\">&nbsp;<\/p>\n<p>kl.<\/p>\n<p>kl.<\/td>\n<td style=\"width: 58px;\">&nbsp;<\/p>\n<p>13.00<\/p>\n<p>18.00<\/td>\n<td style=\"width: 310.016px;\">Minnedag: Den hellige Frans Xavier<\/p>\n<p>Messe<\/p>\n<p>Messe p\u00e5 polsk<\/td>\n<\/tr>\n<\/tbody>\n<\/table>\n<table style=\"width: 568.625px;\">\n<tbody>\n<tr>\n<td style=\"width: 47px;\">S\u00f8ndag<\/td>\n<td style=\"width: 40px;\">4.12<\/td>\n<td style=\"width: 386.625px;\" colspan=\"3\">2. S\u00d8NDAG I ADVENT<\/td>\n<\/tr>\n<tr>\n<td style=\"width: 47px;\">&nbsp;<\/td>\n<td style=\"width: 40px;\">&nbsp;<\/td>\n<td style=\"width: 19px;\">kl.<\/p>\n<p>kl.<\/p>\n<p>kl.<\/p>\n<p>kl.<\/td>\n<td style=\"width: 53px;\">09.00<\/p>\n<p>11.00<\/p>\n<p>13.00<\/p>\n<p>15.00<\/td>\n<td style=\"width: 314.625px;\">Messe p\u00e5 polsk<\/p>\n<p>H\u00f8ymesse<\/p>\n<p>Messe p\u00e5 vietnamesisk<\/p>\n<p>Messe p\u00e5 kaldeisk<\/td>\n<\/tr>\n<\/tbody>\n<\/table>\n<p>&nbsp;<\/p>\n<p><strong>Annet:<\/strong><\/p>\n<p><strong>1) Onsdag 30.11.: Caritas seniorfest.<\/strong><\/p>\n<p>Onsdag 30.11 inviterer Caritas St. Ansgar menighetens seniormedlemmer til f\u00f8rjulsfest.<\/p>\n<p>Vi begynner med deltakelse i kveldsmessen kl 18 og fortsetter med felles middag i Kiga.<\/p>\n<p>Det blir underholdning av noen av menighetens talentfulle ungdommer.<\/p>\n<p>Alle registrerte medlemmer over 75 \u00e5r skal ha mottatt skriftlig invitasjon. Hvis noen har kjennskap til medlemmer som likevel ikke har mottatt invitasjon ber vi om \u00e5 bli orientert.<\/p>\n<p>Vennligst ta kontakt med medlem av Caritasgruppen eller menighetssekret\u00e6r.<\/p>\n<p><em>&nbsp;<\/em><\/p>\n<p><strong>2) Torsdag 1.12.: Juleforberedelser med koret <\/strong><\/p>\n<p>Menighetskoret og Caritas St. Ansgar inviterer til fellessang i Kiga etter kveldsmessen <strong>torsdag 1.12<\/strong><\/p>\n<p>Vi forbereder oss til julen ved sammen \u00e5 synge kj\u00e6re og kjente julesanger og -salmer.<\/p>\n<p>Det serveres suppe, kaffe og vafler, &#8211; og vi ser frem til en festlig kveld med mye latter og sang.<\/p>\n<p>Alle er hjertelig velkommen.<\/p>\n<p><strong>&nbsp;<\/strong><\/p>\n<p><strong>3)<\/strong> <strong>Juniorklubbens filmkveld fredag 2. desember<\/strong><\/p>\n<p>Fredag 2. desember ser juniorklubben filmen \u00abJulenissens datter\u00bb klokka 18.00<br \/>\np\u00e5 Kristiansand kino. Vi treffes kl. 17.30 p\u00e5 Kristiansand kino. <strong>SISTE frist<\/strong> for \u00e5 melde<\/p>\n<p>seg p\u00e5 er <strong>onsdag 30.11.<\/strong> til Dung Phan. For mer informasjon se oppslag i gangen<br \/>\nog menighetens nettside: kristiansand.katolsk.no<\/p>\n<p>&nbsp;<\/p>\n<p><strong>4)<\/strong> <strong>SAUL<\/strong> inviterer alle unge i menigheten mellom 13-18 \u00e5r til juleverksted <strong>fredag 2 desember<\/strong>. Mer informasjon ved utgangen.<\/p>\n<p>&nbsp;<\/p>\n<p><strong>5)<\/strong> <strong>Katekese l\u00f8rdag 3. desember:<\/strong><\/p>\n<p>Kl. 10.00 &#8211; 14.00 er det katekese for barn og ungdommer p\u00e5 5., 8. og 9. trinn.<\/p>\n<p>&nbsp;<\/p>\n<p><strong>6)<\/strong> I forbindelse med Adventsaksjonen arrangerer SAUL i samarbeid med NUK og Caritas Norge kirkekaffe 4. desember. Penger fra \u00e5rets Adventsaksjon vil g\u00e5 til Uganda. Vi oppfordrer alle til \u00e5 ta en kopp kaffe og st\u00f8tte aksjonen.<\/p>\n<p>&nbsp;<\/p>\n<p><strong>7) Retrett i Advent 2022 med p. Oliver<\/strong><\/p>\n<p>Alle er velkommen til tre dagers retrett for \u00e5 forberede seg til Kristi f\u00f8dsel.<\/p>\n<p>Tidspunkt: Fra tirsdag 6. desember til torsdag 8. desember 2022, klokka 18.00 &#8211; 19.30.<\/p>\n<p>Tema: \u201cGj\u00f8r veien klar for Herren, jevn stiene ut for Ham\u201d (Matt 3,3).<\/p>\n<p>Program for retretten: Messe, tilbedelse, foredrag, skriftem\u00e5l, b\u00f8nn.<\/p>\n<p><strong>&nbsp;<\/strong><\/p>\n<p><strong>8) Caritas juleaksjon <\/strong><\/p>\n<p>Caritas St. Ansgars sin jule-aksjon vil i \u00e5r ha to form\u00e5l: st\u00f8tte krigsutsatte i \u00d8st-Ukraina med midler til generatorer for \u00e5 sikre str\u00f8m og gi spesielt utsatte barn i v\u00e5rt eget lokalmilj\u00f8 en oppmerksomhet i forbindelse med julen.<\/p>\n<p>Vi ber derfor menigheten om \u00e5 hjelpe oss p\u00e5 to m\u00e5ter:<\/p>\n<p>Dels oppfordrer Caritas alle familier til \u00e5 kj\u00f8pe en ekstra barne-julegave. Merk den med alder og kj\u00f8nn den passer til, og lever den p\u00e5 menighetskontoret innen 15.12. Caritas vil da s\u00f8rge for at gavene gis til trengende barnefamilier.<\/p>\n<p>Og dels oppfordrer vi alle til \u00e5 st\u00f8tte opp om Caritas advenstbasar 4 og 11 desember. Alle inntekter derfra vil g\u00e5 uavkortet til hjelpearbeidet.<\/p>\n<p><strong><em>&nbsp;<\/em><\/strong><\/p>\n<p><strong>9) Nytt lydsystem i kirka<\/strong><\/p>\n<p>Menigheten \u00f8nsker \u00e5 kj\u00f8pe nytt lydsystem i kirka.<\/p>\n<p>Det er en viktig investering&nbsp;som vil forbedre lydkvaliteten i v\u00e5r kirke betydelig.&nbsp;<\/p>\n<p>Totale kostnader er omtrent 100&nbsp;000,00 kr.&nbsp; Detaljer om lydsystemet kan dere se p\u00e5 oppslag<br \/>\n&nbsp;i inngangspartiet.<\/p>\n<p>Vi arrangerer vi en innsamlingsaksjon for \u00e5 dekke s\u00e5 mye som mulig av kostnadene<br \/>\ntil lydsystemet&nbsp;s\u00f8ndagene 20.11, 27.11 og 4.12.&nbsp;<\/p>\n<p>Vi er veldig takknemlige for alle donasjoner og h\u00e5per p\u00e5 mange bidrag.<\/p>\n<p>Du kan vippse penger p\u00e5 534797 (velg kategori \u00ablyd i kirka donasjon\u00bb) eller betale inn<br \/>\np\u00e5 menighetens bankkonto.<\/p>\n<p>&nbsp;<\/p>\n<p style=\"text-align: center;\">&nbsp;<strong>&nbsp;&nbsp;&nbsp;&nbsp;&nbsp;&nbsp;&nbsp;&nbsp;&nbsp;&nbsp; Alle er hjertelig velkommen til kirkekaffe. \u00d8nsker dere riktig god s\u00f8ndag!<\/strong><\/p>\n","protected":false},"excerpt":{"rendered":"<p>KUNNGJ\u00d8RINGER S\u00d8NDAG 27. NOVEMBER 2022 Tirsdag 29.11 kl. kl. 17.30 18.00 Vesper Messe &#8211; etterfulgt av sakramentstilbedelse. Onsdag 30.11 &nbsp; kl. kl. &nbsp; 06.30 18.00 Festen: Den hellige Andreas Roratemesse Messe Torsdag 1.12 kl. &nbsp; &nbsp; kl. 11.00 &nbsp; &nbsp;&#8230;<br \/><a class=\"read-more-button\" href=\"https:\/\/stansgar.katolsk.no\/?p=11343\">Read more<\/a><\/p>\n","protected":false},"author":1,"featured_media":0,"comment_status":"open","ping_status":"open","sticky":false,"template":"","format":"standard","meta":{"footnotes":""},"categories":[482],"tags":[],"class_list":["post-11343","post","type-post","status-publish","format-standard","hentry","category-kunngjoringer"],"_links":{"self":[{"href":"https:\/\/stansgar.katolsk.no\/index.php?rest_route=\/wp\/v2\/posts\/11343","targetHints":{"allow":["GET"]}}],"collection":[{"href":"https:\/\/stansgar.katolsk.no\/index.php?rest_route=\/wp\/v2\/posts"}],"about":[{"href":"https:\/\/stansgar.katolsk.no\/index.php?rest_route=\/wp\/v2\/types\/post"}],"author":[{"embeddable":true,"href":"https:\/\/stansgar.katolsk.no\/index.php?rest_route=\/wp\/v2\/users\/1"}],"replies":[{"embeddable":true,"href":"https:\/\/stansgar.katolsk.no\/index.php?rest_route=%2Fwp%2Fv2%2Fcomments&post=11343"}],"version-history":[{"count":3,"href":"https:\/\/stansgar.katolsk.no\/index.php?rest_route=\/wp\/v2\/posts\/11343\/revisions"}],"predecessor-version":[{"id":11347,"href":"https:\/\/stansgar.katolsk.no\/index.php?rest_route=\/wp\/v2\/posts\/11343\/revisions\/11347"}],"wp:attachment":[{"href":"https:\/\/stansgar.katolsk.no\/index.php?rest_route=%2Fwp%2Fv2%2Fmedia&parent=11343"}],"wp:term":[{"taxonomy":"category","embeddable":true,"href":"https:\/\/stansgar.katolsk.no\/index.php?rest_route=%2Fwp%2Fv2%2Fcategories&post=11343"},{"taxonomy":"post_tag","embeddable":true,"href":"https:\/\/stansgar.katolsk.no\/index.php?rest_route=%2Fwp%2Fv2%2Ftags&post=11343"}],"curies":[{"name":"wp","href":"https:\/\/api.w.org\/{rel}","templated":true}]}}