{"id":1130,"date":"2011-12-21T22:02:00","date_gmt":"2011-12-21T21:02:00","guid":{"rendered":"http:\/\/stansgar.katolsk.no\/index.php\/2011\/12\/21\/julen-2011\/"},"modified":"2018-10-12T09:13:10","modified_gmt":"2018-10-12T07:13:10","slug":"julen-2011","status":"publish","type":"post","link":"https:\/\/stansgar.katolsk.no\/?p=1130","title":{"rendered":"Julen 2011"},"content":{"rendered":"<p><b><br \/>\n<\/b><\/p>\n<p><\/p>\n<div class=\"separator\" style=\"clear: both; text-align: center;\"><a href=\"http:\/\/www.santiebeati.it\/immagini\/Original\/20650\/20650AH.JPG\" imageanchor=\"1\" style=\"margin-left: 1em; margin-right: 1em;\"><img loading=\"lazy\" decoding=\"async\" border=\"0\" height=\"297\" src=\"http:\/\/www.santiebeati.it\/immagini\/Original\/20650\/20650AH.JPG\" width=\"400\" \/><\/a><\/div>\n<p><\/p>\n<div style=\"margin-bottom: 0px; margin-left: 0px; margin-right: 0px; margin-top: 0px;\"><b>Lille Julaften, fredag 23. desember<\/b><\/div>\n<div style=\"margin-bottom: 0px; margin-left: 0px; margin-right: 0px; margin-top: 0px;\">kl. 17.00 anledning til skriftem\u00e5l<\/div>\n<div style=\"margin-bottom: 0px; margin-left: 0px; margin-right: 0px; margin-top: 0px;\">kl. 18.00 Messe<\/div>\n<p>Anledning til skriftem\u00e5l ogs\u00e5 etter messen.<br \/>\n<b><br \/>\n<\/b><br \/>\n<b><br \/>\n<\/b><br \/>\n<b>Julaften, l\u00f8rdag 24. Desember<\/b><br \/>\n&nbsp;&#8211; ingen messe kl. 13.00<br \/>\nP\u00e5 julaften og juledagen feires  messe p\u00e5 flere spr\u00e5k og p\u00e5 flere steder. Samtidig opprettholdes den gamle tradisjonen med de tre julemessene med ulike tekster. P\u00e5 latin kalles disse Missam in nocte, in aurora og in die. Messen om natten, ved daggry og om dagen. En fjerde messe finnes, nemlig vigilien for julaften. Den feires, tilrettelagt som barnemesse, kl 15.Mer informasjon om disse messene <a href=\"http:\/\/site.paracletepress.com\/samples\/sam-chantchristmastranslate.pdf\">her<\/a>&nbsp;(p\u00e5 engelsk)<br \/>\nkl. 15.00 Barnemesse (<b>vigilie)<\/b><br \/>\nkl. 20.00 Messe p\u00e5 vietnamesisk<br \/>\n<a href=\"http:\/\/www.santiebeati.it\/immagini\/Original\/20650\/20650C.JPG\" imageanchor=\"1\" style=\"clear: right; float: right; margin-bottom: 1em; margin-left: 1em;\"><img loading=\"lazy\" decoding=\"async\" border=\"0\" height=\"400\" src=\"http:\/\/www.santiebeati.it\/immagini\/Original\/20650\/20650C.JPG\" width=\"171\" \/><\/a>kl. 24.00 Midnattsmessen <b>(in nocte)<\/b><\/p>\n<p><b>Juledagen, s\u00f8ndag 25. desember &nbsp; &nbsp; &nbsp; &nbsp; &nbsp; &nbsp; &nbsp; &nbsp; &nbsp; &nbsp; &nbsp; &nbsp; &nbsp; &nbsp; &nbsp; &nbsp; &nbsp; &nbsp; &nbsp; &nbsp; &nbsp; &nbsp; &nbsp; &nbsp; &nbsp; &nbsp; &nbsp;<\/b><br \/>\nkl. 9.30. Holy Mass in English <b>(In aurora)<\/b><br \/>\nkl. 11.00 Juledagens H\u00f8ymesse <b>(In die)<\/b><br \/>\nkl. 13.00 Messe p\u00e5 vietnamesisk<br \/>\nkl. 14.00 Messe p\u00e5 Stella Maris i Mandal<br \/>\nkl. 18.00 Messe<\/p>\n<p><b>2. juledag, mandag 26. desember<\/b><br \/>\n(Den hellige Stefan)<br \/>\nkl. 11.00 H\u00f8ymesse<br \/>\nkl. 12.00 Messe i Farsund<br \/>\nkl. 14.00 Messe p\u00e5 polsk<br \/>\nkl. 16.00 Messe i Flekkefjord<br \/>\nkl. 18.00 Messe<br \/>\n<b><br \/>\n<\/b><br \/>\n<b><br \/>\n<\/b><br \/>\n<b><br \/>\n<\/b><br \/>\n<b><br \/>\n<\/b><br \/>\n<b><br \/>\n<\/b><br \/>\n<b>Nytt\u00e5rsaften, l\u00f8rdag 31. desember<\/b><br \/>\nkl. 17.00 Takkemesse for \u00e5ret som har g\u00e5tt.<\/p>\n<p><b>Julens oktavdag, s\u00f8ndag 1. januar 2012, H\u00f8ytiden for Jomfru Maria.<\/b><br \/>\nkl. 9.30. Holy Mass in English<br \/>\nkl. 11.00 H\u00f8ymesse<br \/>\nkl. 13.00 Messe p\u00e5 vietnamesisk<br \/>\nkl. 16.00 Messe p\u00e5 polsk<br \/>\nkl. 18.00 Messe<\/p>\n<p><b>Herrens \u00e5penbaring (epifania), fredag 6. januar<\/b><br \/>\nkl. 18.00 H\u00f8ymesse<\/p>\n","protected":false},"excerpt":{"rendered":"<p>Lille Julaften, fredag 23. desember kl. 17.00 anledning til skriftem\u00e5l kl. 18.00 Messe Anledning til skriftem\u00e5l ogs\u00e5 etter messen. Julaften, l\u00f8rdag 24. Desember &nbsp;&#8211; ingen messe kl. 13.00 P\u00e5 julaften og juledagen feires messe p\u00e5 flere spr\u00e5k og p\u00e5 flere&#8230;<br \/><a class=\"read-more-button\" href=\"https:\/\/stansgar.katolsk.no\/?p=1130\">Read more<\/a><\/p>\n","protected":false},"author":3,"featured_media":3309,"comment_status":"open","ping_status":"open","sticky":false,"template":"","format":"standard","meta":{"footnotes":""},"categories":[1],"tags":[45,52],"class_list":["post-1130","post","type-post","status-publish","format-standard","has-post-thumbnail","hentry","category-ukategorisert","tag-jul","tag-messe"],"_links":{"self":[{"href":"https:\/\/stansgar.katolsk.no\/index.php?rest_route=\/wp\/v2\/posts\/1130","targetHints":{"allow":["GET"]}}],"collection":[{"href":"https:\/\/stansgar.katolsk.no\/index.php?rest_route=\/wp\/v2\/posts"}],"about":[{"href":"https:\/\/stansgar.katolsk.no\/index.php?rest_route=\/wp\/v2\/types\/post"}],"author":[{"embeddable":true,"href":"https:\/\/stansgar.katolsk.no\/index.php?rest_route=\/wp\/v2\/users\/3"}],"replies":[{"embeddable":true,"href":"https:\/\/stansgar.katolsk.no\/index.php?rest_route=%2Fwp%2Fv2%2Fcomments&post=1130"}],"version-history":[{"count":1,"href":"https:\/\/stansgar.katolsk.no\/index.php?rest_route=\/wp\/v2\/posts\/1130\/revisions"}],"predecessor-version":[{"id":3308,"href":"https:\/\/stansgar.katolsk.no\/index.php?rest_route=\/wp\/v2\/posts\/1130\/revisions\/3308"}],"wp:featuredmedia":[{"embeddable":true,"href":"https:\/\/stansgar.katolsk.no\/index.php?rest_route=\/wp\/v2\/media\/3309"}],"wp:attachment":[{"href":"https:\/\/stansgar.katolsk.no\/index.php?rest_route=%2Fwp%2Fv2%2Fmedia&parent=1130"}],"wp:term":[{"taxonomy":"category","embeddable":true,"href":"https:\/\/stansgar.katolsk.no\/index.php?rest_route=%2Fwp%2Fv2%2Fcategories&post=1130"},{"taxonomy":"post_tag","embeddable":true,"href":"https:\/\/stansgar.katolsk.no\/index.php?rest_route=%2Fwp%2Fv2%2Ftags&post=1130"}],"curies":[{"name":"wp","href":"https:\/\/api.w.org\/{rel}","templated":true}]}}