{"id":11280,"date":"2022-10-23T10:01:25","date_gmt":"2022-10-23T08:01:25","guid":{"rendered":"https:\/\/stansgar.katolsk.no\/?p=11280"},"modified":"2022-10-27T13:38:07","modified_gmt":"2022-10-27T11:38:07","slug":"kunngjoringer-sondag-23-oktober-2022","status":"publish","type":"post","link":"https:\/\/stansgar.katolsk.no\/?p=11280","title":{"rendered":"KUNNGJ\u00d8RINGER S\u00d8NDAG 23. OKTOBER 2022"},"content":{"rendered":"<p style=\"text-align: center;\"><strong>KUNNGJ\u00d8RINGER S\u00d8NDAG 23. OKTOBER 2022<\/strong><\/p>\n<table style=\"width: 1081px;\">\n<tbody>\n<tr>\n<td style=\"width: 70px;\">Tirsdag<\/td>\n<td style=\"width: 46px;\">25.10<\/td>\n<td style=\"width: 36px;\">kl.<\/p>\n<p>kl.<\/td>\n<td style=\"width: 53.5938px;\">17.30<\/p>\n<p>18.00<\/td>\n<td style=\"width: 783.406px;\">Vesper<\/p>\n<p>Messe &#8211; etterfulgt av sakramentstilbedelse<\/td>\n<\/tr>\n<tr>\n<td style=\"width: 70px;\">Onsdag<\/td>\n<td style=\"width: 46px;\">26.10<\/td>\n<td style=\"width: 36px;\">kl.<\/td>\n<td style=\"width: 53.5938px;\">18.00<\/td>\n<td style=\"width: 783.406px;\">Messe<\/td>\n<\/tr>\n<tr>\n<td style=\"width: 70px;\">Torsdag<\/td>\n<td style=\"width: 46px;\">27.10<\/td>\n<td style=\"width: 36px;\">kl.<\/p>\n<p>kl.<\/td>\n<td style=\"width: 53.5938px;\">11.00<\/p>\n<p>18.00<\/td>\n<td style=\"width: 783.406px;\">Messe &#8211; etterfulgt av felles lunsj i Kiga.<\/p>\n<p>Messe<\/td>\n<\/tr>\n<\/tbody>\n<\/table>\n<table style=\"width: 1081px;\">\n<tbody>\n<tr>\n<td style=\"width: 70px;\">Fredag<\/td>\n<td style=\"width: 51px;\">28.10<\/td>\n<td style=\"width: 23px;\">Fest:<\/p>\n<p>kl.<\/td>\n<td style=\"width: 55.2812px;\">&nbsp;<\/p>\n<p>18.00<\/td>\n<td style=\"width: 788.719px;\">De hellige apostler Simon og Judas<\/p>\n<p>Messe<\/td>\n<\/tr>\n<\/tbody>\n<\/table>\n<table style=\"width: 1081px;\">\n<tbody>\n<tr>\n<td style=\"width: 69px;\">L\u00f8rdag<\/td>\n<td style=\"width: 52px;\">29.10<\/td>\n<td style=\"width: 27px;\">kl.<\/p>\n<p>kl.<\/p>\n<p>kl.<\/p>\n<p>kl.<\/td>\n<td style=\"width: 54.8906px;\">11.00<\/p>\n<p>12.30<\/p>\n<p>13.00<\/p>\n<p>18.00<\/td>\n<td style=\"width: 783.109px;\">Messe p\u00e5 kroatisk- &nbsp;etterfulgt av kirkekaffe i Kiga<\/p>\n<p>Rosenkransb\u00f8nn<\/p>\n<p>Messe<\/p>\n<p>Messe p\u00e5 polsk<\/td>\n<\/tr>\n<\/tbody>\n<\/table>\n<table style=\"width: 1081px;\">\n<tbody>\n<tr>\n<td style=\"width: 69px;\">S\u00f8ndag<\/td>\n<td style=\"width: 50px;\">30.10<\/td>\n<td style=\"width: 870px;\" colspan=\"3\">31. S\u00d8NDAG I DET ALMINNELIGE KIRKE\u00c5R<\/td>\n<\/tr>\n<tr>\n<td style=\"width: 69px;\">&nbsp;<\/td>\n<td style=\"width: 50px;\">&nbsp;<\/td>\n<td style=\"width: 25px;\">kl.<\/p>\n<p>kl.<\/p>\n<p>kl.<\/p>\n<p>kl.<\/td>\n<td style=\"width: 63.5938px;\">09.00<\/p>\n<p>10.30<\/p>\n<p>11.00<\/p>\n<p>13.00<\/td>\n<td style=\"width: 781.406px;\">Messe p\u00e5 polsk<\/p>\n<p>Rosenkransb\u00f8nn<\/p>\n<p>H\u00f8ymesse<\/p>\n<p>Messe p\u00e5 vietnamesisk<\/td>\n<\/tr>\n<\/tbody>\n<\/table>\n<p><strong>Annet:<\/strong><\/p>\n<ol>\n<li><strong>Onsdag 26.10.<\/strong> inviterer Caritas til vaffelkveld i Kiga.<\/li>\n<\/ol>\n<p>Vi m\u00f8tes etter kveldsmessen til sosialt samv\u00e6r og gode samtaler over en kopp kaffe. En god anledning til \u00e5 treffe nye og gamle venner i menigheten.&nbsp;Det blir ogs\u00e5 mulighet for \u00e5 lage julepynt som senere skal selges til inntekt for Caritas p\u00e5 \u00e5rets julebasar. Eller du tar med eget h\u00e5ndarbeid eller annet og arbeider med det. Caritas er takknemlig for alle hjemmeprodusert gjenstander til julebasaren. Alle \u00f8nskes hjertelig velkommen.<\/p>\n<ol start=\"2\">\n<li><strong>Onsdag 26.10.<\/strong> 17.30 er det barnekor.<\/li>\n<li><strong>Torsdag 27.10.<\/strong> 18.45 er det troskurs.<\/li>\n<li><strong>Juniorklubbkveld fredag 28.10. <\/strong>Juniorklubben har bingokveld i menighetssalen<br \/>\nfredag 28.10. kl. 18.30 &#8211; 20.45. P\u00e5melding innen onsdag 26.10. til Dung Phan p\u00e5 418 44 223.<\/li>\n<li><strong>Tirsdag 1.11.<\/strong> er det Allehelgensdag. Det blir messe p\u00e5 norsk kl. 18.00 og p\u00e5 polsk kl.19.30.<\/li>\n<li><strong>Onsdag 2.11.<\/strong> feirer vi Allesjelersdag. Det blir messe p\u00e5 norsk kl. 18.00. Etter messen er det prosesjon med b\u00f8nn for alle avd\u00f8de p\u00e5 Kristiansand kirkeg\u00e5rd.<\/li>\n<\/ol>\n<p style=\"text-align: center;\"><strong><br \/>\n&nbsp;Alle er hjertelig velkommen til kirkekaffe. \u00d8nsker dere riktig god s\u00f8ndag!<\/strong><\/p>\n","protected":false},"excerpt":{"rendered":"<p>KUNNGJ\u00d8RINGER S\u00d8NDAG 23. OKTOBER 2022 Tirsdag 25.10 kl. kl. 17.30 18.00 Vesper Messe &#8211; etterfulgt av sakramentstilbedelse Onsdag 26.10 kl. 18.00 Messe Torsdag 27.10 kl. kl. 11.00 18.00 Messe &#8211; etterfulgt av felles lunsj i Kiga. Messe Fredag 28.10 Fest:&#8230;<br \/><a class=\"read-more-button\" href=\"https:\/\/stansgar.katolsk.no\/?p=11280\">Read more<\/a><\/p>\n","protected":false},"author":1,"featured_media":0,"comment_status":"open","ping_status":"open","sticky":false,"template":"","format":"standard","meta":{"footnotes":""},"categories":[482],"tags":[],"class_list":["post-11280","post","type-post","status-publish","format-standard","hentry","category-kunngjoringer"],"_links":{"self":[{"href":"https:\/\/stansgar.katolsk.no\/index.php?rest_route=\/wp\/v2\/posts\/11280","targetHints":{"allow":["GET"]}}],"collection":[{"href":"https:\/\/stansgar.katolsk.no\/index.php?rest_route=\/wp\/v2\/posts"}],"about":[{"href":"https:\/\/stansgar.katolsk.no\/index.php?rest_route=\/wp\/v2\/types\/post"}],"author":[{"embeddable":true,"href":"https:\/\/stansgar.katolsk.no\/index.php?rest_route=\/wp\/v2\/users\/1"}],"replies":[{"embeddable":true,"href":"https:\/\/stansgar.katolsk.no\/index.php?rest_route=%2Fwp%2Fv2%2Fcomments&post=11280"}],"version-history":[{"count":2,"href":"https:\/\/stansgar.katolsk.no\/index.php?rest_route=\/wp\/v2\/posts\/11280\/revisions"}],"predecessor-version":[{"id":11286,"href":"https:\/\/stansgar.katolsk.no\/index.php?rest_route=\/wp\/v2\/posts\/11280\/revisions\/11286"}],"wp:attachment":[{"href":"https:\/\/stansgar.katolsk.no\/index.php?rest_route=%2Fwp%2Fv2%2Fmedia&parent=11280"}],"wp:term":[{"taxonomy":"category","embeddable":true,"href":"https:\/\/stansgar.katolsk.no\/index.php?rest_route=%2Fwp%2Fv2%2Fcategories&post=11280"},{"taxonomy":"post_tag","embeddable":true,"href":"https:\/\/stansgar.katolsk.no\/index.php?rest_route=%2Fwp%2Fv2%2Ftags&post=11280"}],"curies":[{"name":"wp","href":"https:\/\/api.w.org\/{rel}","templated":true}]}}