{"id":11271,"date":"2022-10-16T10:01:09","date_gmt":"2022-10-16T08:01:09","guid":{"rendered":"https:\/\/stansgar.katolsk.no\/?p=11271"},"modified":"2022-10-14T13:29:43","modified_gmt":"2022-10-14T11:29:43","slug":"kunngjoringer-sondag-16-oktober-2022","status":"publish","type":"post","link":"https:\/\/stansgar.katolsk.no\/?p=11271","title":{"rendered":"KUNNGJ\u00d8RINGER S\u00d8NDAG 16. OKTOBER 2022"},"content":{"rendered":"<p style=\"text-align: center;\"><strong>KUNNGJ\u00d8RINGER S\u00d8NDAG 16. OKTOBER 2022<\/strong><\/p>\n<table style=\"width: 501.188px;\">\n<tbody>\n<tr>\n<td style=\"width: 45px;\" rowspan=\"2\">Tirsdag<\/td>\n<td style=\"width: 36px;\" rowspan=\"2\">18.10<\/td>\n<td style=\"width: 319.188px;\" colspan=\"3\">Fest: Evangelisten Lukas<\/td>\n<\/tr>\n<tr>\n<td style=\"width: 31px;\">kl.<\/p>\n<p>kl.<\/td>\n<td style=\"width: 51px;\">17.30<\/p>\n<p>18.00<\/td>\n<td style=\"width: 237.188px;\">Vesper<\/p>\n<p>Messe &#8211; etterfulgt av sakramentstilbedelse<\/td>\n<\/tr>\n<\/tbody>\n<\/table>\n<table style=\"width: 501px;\">\n<tbody>\n<tr>\n<td style=\"width: 41px;\">Onsdag<\/td>\n<td style=\"width: 35px;\">19.10<\/td>\n<td style=\"width: 31.4219px;\">kl.<\/td>\n<td style=\"width: 50.5781px;\">18.00<\/td>\n<td style=\"width: 243px;\">Messe<\/td>\n<\/tr>\n<tr>\n<td style=\"width: 41px;\">Torsdag<\/td>\n<td style=\"width: 35px;\">20.10<\/td>\n<td style=\"width: 31.4219px;\">kl.<\/p>\n<p>kl.<\/td>\n<td style=\"width: 50.5781px;\">11.00<\/p>\n<p>18.00<\/td>\n<td style=\"width: 243px;\">Messe &#8211; etterfulgt av felles lunsj i Kiga.<\/p>\n<p>Messe<\/td>\n<\/tr>\n<\/tbody>\n<\/table>\n<table style=\"width: 502.016px;\">\n<tbody>\n<tr>\n<td style=\"width: 47px;\">Fredag<\/td>\n<td style=\"width: 33px;\">21.10<\/td>\n<td style=\"width: 32px;\">kl.<\/td>\n<td style=\"width: 55px;\">18.00<\/td>\n<td style=\"width: 241.016px;\">Messe<\/td>\n<\/tr>\n<\/tbody>\n<\/table>\n<table style=\"width: 500.609px;\">\n<tbody>\n<tr>\n<td style=\"width: 51px;\">L\u00f8rdag<\/p>\n<p>&nbsp;<\/p>\n<p>&nbsp;<\/p>\n<p>&nbsp;<\/p>\n<p>&nbsp;<\/p>\n<p>Andre steder<\/td>\n<td style=\"width: 32px;\">22.10<\/td>\n<td style=\"width: 29px;\">kl.<\/p>\n<p>kl.<\/p>\n<p>kl.<\/p>\n<p>kl.<\/p>\n<p>kl.<\/p>\n<p>&nbsp;<\/p>\n<p>kl.<\/p>\n<p>kl.<\/td>\n<td style=\"width: 53px;\">12.30<\/p>\n<p>13.00<\/p>\n<p>14.00<\/p>\n<p>16.00<\/p>\n<p>18.00<\/p>\n<p>&nbsp;<\/p>\n<p>14.00<\/p>\n<p>17.00<\/td>\n<td style=\"width: 241.609px;\">Rosenkransb\u00f8nn<\/p>\n<p>Messe<\/p>\n<p>Messe p\u00e5 tagalog<\/p>\n<p>Messe p\u00e5 fransk<\/p>\n<p>Messe p\u00e5 polsk<\/p>\n<p>&nbsp;<\/p>\n<p>Messe i Lyngdal (p\u00e5 engelsk)<\/p>\n<p>Messe i Flekkefjord (p\u00e5 engelsk)<\/td>\n<\/tr>\n<\/tbody>\n<\/table>\n<table style=\"width: 500.719px;\">\n<tbody>\n<tr>\n<td style=\"width: 54px;\">S\u00f8ndag<\/td>\n<td style=\"width: 34px;\">23.10<\/td>\n<td style=\"width: 317.719px;\" colspan=\"3\">30. S\u00d8NDAG I DET ALMINNELIGE KIRKE\u00c5R<\/td>\n<\/tr>\n<tr>\n<td style=\"width: 54px;\">&nbsp;<\/td>\n<td style=\"width: 34px;\">&nbsp;<\/td>\n<td style=\"width: 25px;\">kl.<\/p>\n<p>kl.<\/p>\n<p>kl.<\/p>\n<p>kl.<\/p>\n<p>kl.<\/td>\n<td style=\"width: 48px;\">09.00<\/p>\n<p>10.30<\/p>\n<p>11.00<\/p>\n<p>13.00<\/p>\n<p>15.00<\/td>\n<td style=\"width: 244.719px;\">Messe p\u00e5 polsk<\/p>\n<p>Rosenkransb\u00f8nn<\/p>\n<p>H\u00f8ymesse<\/p>\n<p>Messe p\u00e5 vietnamesisk<\/p>\n<p>Messe p\u00e5 engelsk<\/td>\n<\/tr>\n<\/tbody>\n<\/table>\n<p><strong>Annet:<\/strong><\/p>\n<p><strong>&nbsp;<\/strong><\/p>\n<ol>\n<li>Kj\u00e6re troende,<br \/>\nprestene og menighetsr\u00e5det inviterer alle medlemmene i menigheten til det&nbsp;f\u00f8rste m\u00f8te i den synodale prosessen i menigheten. Temaet er \u00abfellesskap\u00bb.<\/li>\n<\/ol>\n<p>&nbsp; &nbsp; &nbsp;M\u00f8tet er i dag<strong> s\u00f8ndag 16. oktober kl. 16:00 i Kiga.<\/p>\n<p><\/strong><\/p>\n<ol start=\"2\">\n<li>Det er katekese for 3. trinn fredag 21.10. kl. 18.00 &#8211; 20.00.<\/li>\n<\/ol>\n<p><strong>&nbsp;<\/strong><\/p>\n<p style=\"text-align: center;\">&nbsp;<strong>&nbsp;&nbsp;&nbsp;&nbsp;&nbsp;&nbsp;&nbsp;&nbsp;&nbsp;&nbsp; Alle er hjertelig velkommen til kirkekaffe. \u00d8nsker dere riktig god s\u00f8ndag!<\/strong><\/p>\n","protected":false},"excerpt":{"rendered":"<p>KUNNGJ\u00d8RINGER S\u00d8NDAG 16. OKTOBER 2022 Tirsdag 18.10 Fest: Evangelisten Lukas kl. kl. 17.30 18.00 Vesper Messe &#8211; etterfulgt av sakramentstilbedelse Onsdag 19.10 kl. 18.00 Messe Torsdag 20.10 kl. kl. 11.00 18.00 Messe &#8211; etterfulgt av felles lunsj i Kiga. Messe&#8230;<br \/><a class=\"read-more-button\" href=\"https:\/\/stansgar.katolsk.no\/?p=11271\">Read more<\/a><\/p>\n","protected":false},"author":1,"featured_media":0,"comment_status":"open","ping_status":"open","sticky":false,"template":"","format":"standard","meta":{"footnotes":""},"categories":[482],"tags":[],"class_list":["post-11271","post","type-post","status-publish","format-standard","hentry","category-kunngjoringer"],"_links":{"self":[{"href":"https:\/\/stansgar.katolsk.no\/index.php?rest_route=\/wp\/v2\/posts\/11271","targetHints":{"allow":["GET"]}}],"collection":[{"href":"https:\/\/stansgar.katolsk.no\/index.php?rest_route=\/wp\/v2\/posts"}],"about":[{"href":"https:\/\/stansgar.katolsk.no\/index.php?rest_route=\/wp\/v2\/types\/post"}],"author":[{"embeddable":true,"href":"https:\/\/stansgar.katolsk.no\/index.php?rest_route=\/wp\/v2\/users\/1"}],"replies":[{"embeddable":true,"href":"https:\/\/stansgar.katolsk.no\/index.php?rest_route=%2Fwp%2Fv2%2Fcomments&post=11271"}],"version-history":[{"count":2,"href":"https:\/\/stansgar.katolsk.no\/index.php?rest_route=\/wp\/v2\/posts\/11271\/revisions"}],"predecessor-version":[{"id":11273,"href":"https:\/\/stansgar.katolsk.no\/index.php?rest_route=\/wp\/v2\/posts\/11271\/revisions\/11273"}],"wp:attachment":[{"href":"https:\/\/stansgar.katolsk.no\/index.php?rest_route=%2Fwp%2Fv2%2Fmedia&parent=11271"}],"wp:term":[{"taxonomy":"category","embeddable":true,"href":"https:\/\/stansgar.katolsk.no\/index.php?rest_route=%2Fwp%2Fv2%2Fcategories&post=11271"},{"taxonomy":"post_tag","embeddable":true,"href":"https:\/\/stansgar.katolsk.no\/index.php?rest_route=%2Fwp%2Fv2%2Ftags&post=11271"}],"curies":[{"name":"wp","href":"https:\/\/api.w.org\/{rel}","templated":true}]}}