{"id":11262,"date":"2022-10-07T13:46:35","date_gmt":"2022-10-07T11:46:35","guid":{"rendered":"https:\/\/stansgar.katolsk.no\/?p=11262"},"modified":"2022-10-07T13:46:53","modified_gmt":"2022-10-07T11:46:53","slug":"synodale-vei-2022","status":"publish","type":"post","link":"https:\/\/stansgar.katolsk.no\/?p=11262","title":{"rendered":"Synodale vei 2022"},"content":{"rendered":"<p style=\"text-align: center;\"><span style=\"color: #ff6600;\"><strong>LA OSS G\u00c5 SAMMEN SOM EN KIRKE MED DEN HELLIGE \u00c5ND<\/strong><\/span><\/p>\n<p style=\"text-align: center;\"><span style=\"color: #ff6600;\"><strong>Velkommen til synodalt m\u00f8te S\u00f8ndag 16. oktober kl 16:00 i Kiga.<\/strong><\/span><\/p>\n<p>&nbsp;<\/p>\n<p><img loading=\"lazy\" decoding=\"async\" class=\"aligncenter wp-image-11263 size-medium\" src=\"https:\/\/stansgar.katolsk.no\/wp-content\/uploads\/2022\/10\/synod-300x269.jpg\" alt=\"\" width=\"300\" height=\"269\" srcset=\"https:\/\/stansgar.katolsk.no\/wp-content\/uploads\/2022\/10\/synod-300x269.jpg 300w, https:\/\/stansgar.katolsk.no\/wp-content\/uploads\/2022\/10\/synod-1024x917.jpg 1024w, https:\/\/stansgar.katolsk.no\/wp-content\/uploads\/2022\/10\/synod-768x688.jpg 768w, https:\/\/stansgar.katolsk.no\/wp-content\/uploads\/2022\/10\/synod-956x856.jpg 956w, https:\/\/stansgar.katolsk.no\/wp-content\/uploads\/2022\/10\/synod.jpg 1430w\" sizes=\"auto, (max-width: 300px) 100vw, 300px\" \/><\/p>\n<p><strong>Tema: felleskap<\/strong><\/p>\n<p><strong>&nbsp;<\/strong><\/p>\n<p>Kj\u00e6re troende,<\/p>\n<p>Den 10. oktober 2021 feiret Pave Frans den Hellige Messe i basilika St. Peter, og Paven \u00e5pnet den XVI Ordin\u00e6re generalforsamlingen av Bispesynoden.<\/p>\n<p>Temaet for synoden er \u00ab<strong>For en synodal Kirke: fellesskap, deltagelse og misjon<\/strong>\u00bb.<\/p>\n<p>Paven sa at \u00ab\u00c5 holde en synode betyr \u00e5 g\u00e5 p\u00e5 samme vei, g\u00e5 sammen. La oss se p\u00e5 Jesus, som f\u00f8rst m\u00f8ter den rike mannen p\u00e5 veien, deretter lytter til sp\u00f8rsm\u00e5lene hans og til slutt hjelper ham \u00e5 skjelne hva han skal gj\u00f8re for \u00e5 f\u00e5 evig liv\u201d<a href=\"#_ftn1\" name=\"_ftnref1\">[1]<\/a>.<\/p>\n<p>Pave Frans inviterer alle d\u00f8pte til \u00e5 delta i Synoden, fordi alle d\u00f8pte &nbsp;danner <strong><em>sensus fidelium,<\/em><\/strong> den levende stemme av Guds folk.<\/p>\n<p>\u201c\u00c5 holde en &laquo;synode&raquo; betyr \u00e5 g\u00e5 sammen. Jeg synes dette er &nbsp;den mest fantastiske erfaringen vi kan ha: \u00e5 tilh\u00f8re en Kirke som g\u00e5r, reiser gjennom historien sammen med v\u00e5r Herre som vandrer blant oss! Vi er ikke alene; vi g\u00e5r ikke alene. Vi er en del av Kristi ene flokk som g\u00e5r sammen\u201d (Pave Frans, Francis of Assisi, 4 Oktober 2013).<\/p>\n<p>&nbsp;<\/p>\n<p><strong>&nbsp;Den Synodal veien i Oslo Katolske bisped\u00f8mmet<\/strong><\/p>\n<p>Biskop Bernt har sendt et opplegg for synodal prosess i menighetene til oss som er foresl\u00e5tt og anbefalt av Pastoralr\u00e5det. Biskopen \u00f8nsker alle medlemmer i OKB velkommen til \u00e5 v\u00e6re med i den synodale prosessen.<\/p>\n<p>Opplegget for den synodale veien forsl\u00e5tt av Pastoralr\u00e5det er delt i tre deler med temaene:<\/p>\n<ol>\n<li>Fellesskap<\/li>\n<li>Deltagelse<\/li>\n<li>Misjon<\/li>\n<\/ol>\n<p>Prestene og menighetsr\u00e5det inviterer alle medlemmer i menigheten til m\u00f8te om f\u00f8rste tema \u00abfellesskap\u00bb: <strong>S\u00f8ndag 16. oktober kl 16:00 i Kiga.<\/strong><\/p>\n<p>I m\u00f8tet skal vi<\/p>\n<ul>\n<li>Lytte respektfullt til Gud og til hverandre for \u00e5 forbedre kirken og bygge gode relasjoner.<\/li>\n<li>Be synodal b\u00f8nn om ydmykhet til \u00e5 h\u00f8re Guds stemme i forhold til de temaer vi har satt opp.<\/li>\n<li>Utforske mangfoldet i kirken, lytte til Guds \u00f8nsker for kirken og menigheten, og skape fellesskap og enhet<a href=\"#_ftn2\" name=\"_ftnref2\">[2]<\/a>.<\/li>\n<\/ul>\n<p>&nbsp;<\/p>\n<p><strong><u>Sp\u00f8rsm\u00e5l til samtale:<br \/>\n<\/u><\/strong><\/p>\n<ol>\n<li>Hva er det i menigheten som styrker fellesskapet?<\/li>\n<li>Er det noe i menigheten som svekker fellesskapet?<\/li>\n<li>Har vi mennesker i menigheten som savner fellesskap og tilh\u00f8righet?<\/li>\n<\/ol>\n<p style=\"padding-left: 80px;\">&#8211; Hva kan vi gj\u00f8re for \u00e5 inkludere mennesker som f\u00f8ler seg utenfor?<\/p>\n<ol start=\"4\">\n<li>Hvordan kan vi styrke fellesskapet i menigheten p\u00e5 tvers av nasjonaliteter?<\/li>\n<\/ol>\n<p style=\"padding-left: 80px;\">&#8211; Hvordan kan vi f\u00e5 til mer dialog og samarbeid mellom de ulike gruppene i menigheten?<\/p>\n<ol start=\"5\">\n<li>Hvordan kan vi bedre samarbeidet mellom menigheten og presten(e)?<\/li>\n<li>Hva kan bisped\u00f8mmet gj\u00f8re for \u00e5 bidra til \u00f8kt fellesskap i kirken?<\/li>\n<li>Hvordan bidrar vi som katolikker og vi som menighet til felleskapet i lokalsamfunnet?<\/li>\n<\/ol>\n<p>&nbsp;<\/p>\n<p>De nasjonale gruppene kan ogs\u00e5 arrangere m\u00f8te p\u00e5 eget spr\u00e5k. Kort referat sendes til menighetsr\u00e5det og menighetsr\u00e5det vil oppsummere hovedpunktene f\u00f8r det sendes til Pastoralr\u00e5det i OKB.<\/p>\n<p><strong><u>&nbsp;<\/u><\/strong><\/p>\n<p><strong>Velkommen til synodalt m\u00f8te S\u00f8ndag 16. oktober kl 16:00 i Kiga.<\/strong><\/p>\n<p>M\u00e5tte Herren velsigne alle i v\u00e5r menighet og velsigne veien vi g\u00e5r sammen i menigheten og i hele den Hellige Kirken.<\/p>\n<p>p. Tien, p. Piotr, p. Oliver og Menighetsr\u00e5det.<\/p>\n<p>&nbsp;<\/p>\n<p><a href=\"#_ftnref1\" name=\"_ftn1\">[1]<\/a> https:\/\/press.vatican.va\/content\/salastampa\/it\/bollettino\/pubblico\/2021\/10\/10\/0652\/01385.html#ita<\/p>\n<p><a href=\"#_ftnref2\" name=\"_ftn2\">[2]<\/a> Fra \u201cForslag til synodal prosess i menighetene\u201d.<\/p>\n","protected":false},"excerpt":{"rendered":"<p>LA OSS G\u00c5 SAMMEN SOM EN KIRKE MED DEN HELLIGE \u00c5ND Velkommen til synodalt m\u00f8te S\u00f8ndag 16. oktober kl 16:00 i Kiga. &nbsp; Tema: felleskap &nbsp; Kj\u00e6re troende, Den 10. oktober 2021 feiret Pave Frans den Hellige Messe i basilika&#8230;<br \/><a class=\"read-more-button\" href=\"https:\/\/stansgar.katolsk.no\/?p=11262\">Read more<\/a><\/p>\n","protected":false},"author":1,"featured_media":11263,"comment_status":"open","ping_status":"open","sticky":false,"template":"","format":"standard","meta":{"footnotes":""},"categories":[204],"tags":[628],"class_list":["post-11262","post","type-post","status-publish","format-standard","has-post-thumbnail","hentry","category-ukategorisert-nb","tag-synodal-vei"],"_links":{"self":[{"href":"https:\/\/stansgar.katolsk.no\/index.php?rest_route=\/wp\/v2\/posts\/11262","targetHints":{"allow":["GET"]}}],"collection":[{"href":"https:\/\/stansgar.katolsk.no\/index.php?rest_route=\/wp\/v2\/posts"}],"about":[{"href":"https:\/\/stansgar.katolsk.no\/index.php?rest_route=\/wp\/v2\/types\/post"}],"author":[{"embeddable":true,"href":"https:\/\/stansgar.katolsk.no\/index.php?rest_route=\/wp\/v2\/users\/1"}],"replies":[{"embeddable":true,"href":"https:\/\/stansgar.katolsk.no\/index.php?rest_route=%2Fwp%2Fv2%2Fcomments&post=11262"}],"version-history":[{"count":2,"href":"https:\/\/stansgar.katolsk.no\/index.php?rest_route=\/wp\/v2\/posts\/11262\/revisions"}],"predecessor-version":[{"id":11265,"href":"https:\/\/stansgar.katolsk.no\/index.php?rest_route=\/wp\/v2\/posts\/11262\/revisions\/11265"}],"wp:featuredmedia":[{"embeddable":true,"href":"https:\/\/stansgar.katolsk.no\/index.php?rest_route=\/wp\/v2\/media\/11263"}],"wp:attachment":[{"href":"https:\/\/stansgar.katolsk.no\/index.php?rest_route=%2Fwp%2Fv2%2Fmedia&parent=11262"}],"wp:term":[{"taxonomy":"category","embeddable":true,"href":"https:\/\/stansgar.katolsk.no\/index.php?rest_route=%2Fwp%2Fv2%2Fcategories&post=11262"},{"taxonomy":"post_tag","embeddable":true,"href":"https:\/\/stansgar.katolsk.no\/index.php?rest_route=%2Fwp%2Fv2%2Ftags&post=11262"}],"curies":[{"name":"wp","href":"https:\/\/api.w.org\/{rel}","templated":true}]}}