{"id":1126,"date":"2012-01-02T19:18:00","date_gmt":"2012-01-02T18:18:00","guid":{"rendered":"http:\/\/stansgar.katolsk.no\/index.php\/2012\/01\/02\/endringer-i-noen-av-sndagsmessetidene\/"},"modified":"2018-10-12T09:13:10","modified_gmt":"2018-10-12T07:13:10","slug":"endringer-i-noen-av-sndagsmessetidene","status":"publish","type":"post","link":"https:\/\/stansgar.katolsk.no\/?p=1126","title":{"rendered":"Endringer i noen av s\u00f8ndagsmessetidene."},"content":{"rendered":"<div class=\"MsoNormal\" style=\"border-collapse: collapse; color: #222222; font-family: Times, 'Times New Roman', serif; margin-bottom: 0px; margin-left: 0px; margin-right: 0px; margin-top: 0px;\"><b>Fra januar 2012 blir det noen endringer i messene p\u00e5 s\u00f8ndager:<\/b><u><\/u><u><\/u><\/div>\n<div class=\"MsoNormal\" style=\"border-collapse: collapse; color: #222222; font-family: Times, 'Times New Roman', serif; margin-bottom: 0px; margin-left: 0px; margin-right: 0px; margin-top: 0px;\">Det blir messe p\u00e5 <u>polsk to ganger i m\u00e5neden<\/u>, p\u00e5 den&nbsp; f\u00f8rste og den tredje s\u00f8ndagen kl 16.<u><\/u><u><\/u><\/div>\n<div class=\"MsoNormal\" style=\"border-collapse: collapse; color: #222222; font-family: Times, 'Times New Roman', serif; margin-bottom: 0px; margin-left: 0px; margin-right: 0px; margin-top: 0px;\">Messe p\u00e5<u> fransk<\/u> flyttes til den andre s\u00f8ndagen i m\u00e5neden kl 16. Det betyr at det er messe p\u00e5 fransk neste s\u00f8ndag kl 16.<u><\/u><u><\/u><\/div>\n<div class=\"MsoNormal\" style=\"border-collapse: collapse; color: #222222; font-family: Times, 'Times New Roman', serif; margin-bottom: 0px; margin-left: 0px; margin-right: 0px; margin-top: 0px;\">Messe p\u00e5 <u>tagalog<\/u> flyttes til den andre l\u00f8rdagen i m\u00e5neden. Neste messe p\u00e5 tagalog blir l\u00f8rdag 14. januar.<u><\/u><u><\/u><\/div>\n<div class=\"MsoNormal\" style=\"border-collapse: collapse; color: #222222; font-family: Times, 'Times New Roman', serif; margin-bottom: 0px; margin-left: 0px; margin-right: 0px; margin-top: 0px;\">\n<\/div>\n","protected":false},"excerpt":{"rendered":"<p>Fra januar 2012 blir det noen endringer i messene p\u00e5 s\u00f8ndager: Det blir messe p\u00e5 polsk to ganger i m\u00e5neden, p\u00e5 den&nbsp; f\u00f8rste og den tredje s\u00f8ndagen kl 16. Messe p\u00e5 fransk flyttes til den andre s\u00f8ndagen i m\u00e5neden kl&#8230;<br \/><a class=\"read-more-button\" href=\"https:\/\/stansgar.katolsk.no\/?p=1126\">Read more<\/a><\/p>\n","protected":false},"author":3,"featured_media":0,"comment_status":"open","ping_status":"open","sticky":false,"template":"","format":"standard","meta":{"footnotes":""},"categories":[1],"tags":[83,52,15,86],"class_list":["post-1126","post","type-post","status-publish","format-standard","hentry","category-ukategorisert","tag-fransk","tag-messe","tag-polsk","tag-tagalog"],"_links":{"self":[{"href":"https:\/\/stansgar.katolsk.no\/index.php?rest_route=\/wp\/v2\/posts\/1126","targetHints":{"allow":["GET"]}}],"collection":[{"href":"https:\/\/stansgar.katolsk.no\/index.php?rest_route=\/wp\/v2\/posts"}],"about":[{"href":"https:\/\/stansgar.katolsk.no\/index.php?rest_route=\/wp\/v2\/types\/post"}],"author":[{"embeddable":true,"href":"https:\/\/stansgar.katolsk.no\/index.php?rest_route=\/wp\/v2\/users\/3"}],"replies":[{"embeddable":true,"href":"https:\/\/stansgar.katolsk.no\/index.php?rest_route=%2Fwp%2Fv2%2Fcomments&post=1126"}],"version-history":[{"count":1,"href":"https:\/\/stansgar.katolsk.no\/index.php?rest_route=\/wp\/v2\/posts\/1126\/revisions"}],"predecessor-version":[{"id":3301,"href":"https:\/\/stansgar.katolsk.no\/index.php?rest_route=\/wp\/v2\/posts\/1126\/revisions\/3301"}],"wp:attachment":[{"href":"https:\/\/stansgar.katolsk.no\/index.php?rest_route=%2Fwp%2Fv2%2Fmedia&parent=1126"}],"wp:term":[{"taxonomy":"category","embeddable":true,"href":"https:\/\/stansgar.katolsk.no\/index.php?rest_route=%2Fwp%2Fv2%2Fcategories&post=1126"},{"taxonomy":"post_tag","embeddable":true,"href":"https:\/\/stansgar.katolsk.no\/index.php?rest_route=%2Fwp%2Fv2%2Ftags&post=1126"}],"curies":[{"name":"wp","href":"https:\/\/api.w.org\/{rel}","templated":true}]}}