{"id":1124,"date":"2012-01-03T18:13:00","date_gmt":"2012-01-03T17:13:00","guid":{"rendered":"http:\/\/stansgar.katolsk.no\/index.php\/2012\/01\/03\/katekese-i-manda\/"},"modified":"2018-10-12T09:13:10","modified_gmt":"2018-10-12T07:13:10","slug":"katekese-i-manda","status":"publish","type":"post","link":"https:\/\/stansgar.katolsk.no\/?p=1124","title":{"rendered":"Katekese i Mandal!"},"content":{"rendered":"<div class=\"MsoNormal\" style=\"border-collapse: collapse; color: #222222; margin-bottom: 0px; margin-left: 0px; margin-right: 0px; margin-top: 0px;\">\n<\/div>\n<div class=\"MsoNormal\" style=\"border-collapse: collapse; color: #222222; font-size: 13px; margin-bottom: 0px; margin-left: 0px; margin-right: 0px; margin-top: 0px;\">S\u00f8ndag 8. januar begynner St. Ansgar menighet med katekese for barn i Mandal.<u><\/u><u><\/u><\/div>\n<div class=\"MsoNormal\" style=\"border-collapse: collapse; color: #222222; font-size: 13px; margin-bottom: 0px; margin-left: 0px; margin-right: 0px; margin-top: 0px;\">\n<\/div>\n<div class=\"MsoNormal\" style=\"border-collapse: collapse; color: #222222; font-size: 13px; margin-bottom: 0px; margin-left: 0px; margin-right: 0px; margin-top: 0px;\">Hver andre s\u00f8ndag i m\u00e5neden er det messe p\u00e5 Stella Maris (Leirvikveien 16) kl 14. P\u00e5 disse s\u00f8ndagene er alle barn er velkomne til katekese kl 12.30. Dette blir en kort s\u00f8ndagsskole med litt undervisning og ogs\u00e5 litt sang og praktisk forberedelse til messen. Kl. 14 er hele familien velkommen til messe. Etter messen avsluttes dagen med kaffe, saft og kaker.<u><\/u><u><\/u><\/div>\n<div class=\"MsoNormal\" style=\"border-collapse: collapse; color: #222222; font-size: 13px; margin-bottom: 0px; margin-left: 0px; margin-right: 0px; margin-top: 0px;\">\n<\/div>\n<div class=\"MsoNormal\" style=\"border-collapse: collapse; color: #222222; font-size: 13px; margin-bottom: 0px; margin-left: 0px; margin-right: 0px; margin-top: 0px;\">&nbsp;Alle registrerte barn fra 1. til 6. klasse har f\u00e5tt brev, men litt yngre (eller kanskje ogs\u00e5 litt eldre) s\u00f8sken, eller andre som vil v\u00e6re med, er hjertelig velkomne.<u><\/u><u><\/u><\/div>\n<div class=\"MsoNormal\" style=\"border-collapse: collapse; color: #222222; font-size: 13px; margin-bottom: 0px; margin-left: 0px; margin-right: 0px; margin-top: 0px;\">\n<\/div>\n<div class=\"MsoNormal\" style=\"border-collapse: collapse; color: #222222; font-size: 13px; margin-bottom: 0px; margin-left: 0px; margin-right: 0px; margin-top: 0px;\">Marie Storaker vil st\u00e5 for katekesen, i samarbeid med p. Frode som kommer til messen kl 14.<u><\/u><u><\/u><\/div>\n<div class=\"MsoNormal\" style=\"border-collapse: collapse; color: #222222; font-size: 13px; margin-bottom: 0px; margin-left: 0px; margin-right: 0px; margin-top: 0px;\">\n<\/div>\n<div class=\"MsoNormal\" style=\"border-collapse: collapse; color: #222222; font-size: 13px; margin-bottom: 0px; margin-left: 0px; margin-right: 0px; margin-top: 0px;\">Vi h\u00e5per mange har lyst til \u00e5 komme. Det er mange katolikker i Mandal n\u00e5, og det vil v\u00e6re kjempefint hvis vi kan bli bedre kjent og styrke v\u00e5rt fellesskap.<u><\/u><u><\/u><\/div>\n<div class=\"MsoNormal\" style=\"border-collapse: collapse; color: #222222; font-size: 13px; margin-bottom: 0px; margin-left: 0px; margin-right: 0px; margin-top: 0px;\">\n<\/div>\n<div class=\"MsoNormal\" style=\"border-collapse: collapse; color: #222222; margin-bottom: 0px; margin-left: 0px; margin-right: 0px; margin-top: 0px;\">\n<div style=\"font-size: 13px;\">Hjertelig velkommen til alle barn s\u00f8ndag&nbsp;kl 12.30&nbsp;p\u00e5 Stella Maris!<\/div>\n<div style=\"font-size: 13px;\">\n<\/div>\n<p>&nbsp; &nbsp; &nbsp; &nbsp; &nbsp; &nbsp; &nbsp; &nbsp; &nbsp; &nbsp; &nbsp; &nbsp; &nbsp; &nbsp; &nbsp; &nbsp; &nbsp; Datoer for v\u00e5ren&nbsp;:<b>8\/1, 12\/2, 11\/3, 8\/4, 13\/5 og 10\/6<\/b><\/div>\n","protected":false},"excerpt":{"rendered":"<p>S\u00f8ndag 8. januar begynner St. Ansgar menighet med katekese for barn i Mandal. Hver andre s\u00f8ndag i m\u00e5neden er det messe p\u00e5 Stella Maris (Leirvikveien 16) kl 14. P\u00e5 disse s\u00f8ndagene er alle barn er velkomne til katekese kl 12.30&#8230;.<br \/><a class=\"read-more-button\" href=\"https:\/\/stansgar.katolsk.no\/?p=1124\">Read more<\/a><\/p>\n","protected":false},"author":3,"featured_media":0,"comment_status":"open","ping_status":"open","sticky":false,"template":"","format":"standard","meta":{"footnotes":""},"categories":[1],"tags":[10,23,52],"class_list":["post-1124","post","type-post","status-publish","format-standard","hentry","category-ukategorisert","tag-katekese","tag-mandal","tag-messe"],"_links":{"self":[{"href":"https:\/\/stansgar.katolsk.no\/index.php?rest_route=\/wp\/v2\/posts\/1124","targetHints":{"allow":["GET"]}}],"collection":[{"href":"https:\/\/stansgar.katolsk.no\/index.php?rest_route=\/wp\/v2\/posts"}],"about":[{"href":"https:\/\/stansgar.katolsk.no\/index.php?rest_route=\/wp\/v2\/types\/post"}],"author":[{"embeddable":true,"href":"https:\/\/stansgar.katolsk.no\/index.php?rest_route=\/wp\/v2\/users\/3"}],"replies":[{"embeddable":true,"href":"https:\/\/stansgar.katolsk.no\/index.php?rest_route=%2Fwp%2Fv2%2Fcomments&post=1124"}],"version-history":[{"count":1,"href":"https:\/\/stansgar.katolsk.no\/index.php?rest_route=\/wp\/v2\/posts\/1124\/revisions"}],"predecessor-version":[{"id":3298,"href":"https:\/\/stansgar.katolsk.no\/index.php?rest_route=\/wp\/v2\/posts\/1124\/revisions\/3298"}],"wp:attachment":[{"href":"https:\/\/stansgar.katolsk.no\/index.php?rest_route=%2Fwp%2Fv2%2Fmedia&parent=1124"}],"wp:term":[{"taxonomy":"category","embeddable":true,"href":"https:\/\/stansgar.katolsk.no\/index.php?rest_route=%2Fwp%2Fv2%2Fcategories&post=1124"},{"taxonomy":"post_tag","embeddable":true,"href":"https:\/\/stansgar.katolsk.no\/index.php?rest_route=%2Fwp%2Fv2%2Ftags&post=1124"}],"curies":[{"name":"wp","href":"https:\/\/api.w.org\/{rel}","templated":true}]}}