{"id":11230,"date":"2022-10-02T10:01:04","date_gmt":"2022-10-02T08:01:04","guid":{"rendered":"https:\/\/stansgar.katolsk.no\/?p=11230"},"modified":"2022-09-30T11:54:03","modified_gmt":"2022-09-30T09:54:03","slug":"kunngjoringer-sondag-2-oktober-2022","status":"publish","type":"post","link":"https:\/\/stansgar.katolsk.no\/?p=11230","title":{"rendered":"KUNNGJ\u00d8RINGER S\u00d8NDAG 2. OKTOBER 2022"},"content":{"rendered":"<table width=\"642\">\n<tbody>\n<tr>\n<td rowspan=\"2\" width=\"76\">Tirsdag<\/td>\n<td rowspan=\"2\" width=\"72\">04.10<\/td>\n<td colspan=\"6\" width=\"494\">Minnedag: Den hellige Frans av Assisi<\/td>\n<\/tr>\n<tr>\n<td colspan=\"2\" width=\"39\">kl.<\/p>\n<p>kl.<\/td>\n<td colspan=\"2\" width=\"57\">17.30<\/p>\n<p>18.00<\/td>\n<td colspan=\"2\" width=\"399\">Vesper<\/p>\n<p>Messe &#8211; etterfulgt av sakramentstilbedelse<\/td>\n<\/tr>\n<tr>\n<td width=\"76\">Onsdag<\/td>\n<td width=\"72\">05.10<\/td>\n<td colspan=\"2\" width=\"39\">kl.<\/td>\n<td colspan=\"2\" width=\"57\">18.00<\/td>\n<td colspan=\"2\" width=\"399\">Messe<\/td>\n<\/tr>\n<tr>\n<td width=\"76\">Torsdag<\/td>\n<td width=\"72\">06.10<\/td>\n<td colspan=\"2\" width=\"39\">kl.<\/p>\n<p>&nbsp;<\/p>\n<p>&nbsp;<\/p>\n<p>kl.<\/td>\n<td colspan=\"2\" width=\"57\">11.00<\/p>\n<p>&nbsp;<\/p>\n<p>&nbsp;<\/p>\n<p>18.00<\/td>\n<td colspan=\"2\" width=\"399\">Messe &#8211; etterfulgt av felles lunsj i Kiga.<\/p>\n<p>Etter messen er det stille tilbedelse fram til kl. 17.45.<\/p>\n<p>Vi ber spesielt for kall til ordenslivet og presteskapet.<\/p>\n<p>Messe<\/td>\n<\/tr>\n<tr>\n<td rowspan=\"2\" width=\"76\">Fredag<\/td>\n<td rowspan=\"2\" width=\"72\">07.10<\/td>\n<td colspan=\"6\" width=\"494\">Minnedag: V\u00e5r Frue av Rosenkransen<\/td>\n<\/tr>\n<tr>\n<td colspan=\"3\" width=\"39\">kl.<\/p>\n<p>kl.<\/td>\n<td colspan=\"2\" width=\"58\">17.00<\/p>\n<p>18.00<\/td>\n<td width=\"397\">Sakramentstilbedelse \u2013 Skriftem\u00e5l under tilbedelsen<\/p>\n<p>Messe<\/td>\n<\/tr>\n<tr>\n<td width=\"76\">L\u00f8rdag<\/td>\n<td width=\"72\">08.10<\/td>\n<td colspan=\"3\" width=\"39\">kl.<\/p>\n<p>kl.<\/td>\n<td colspan=\"2\" width=\"58\">13.00<\/p>\n<p>17.30<\/td>\n<td width=\"397\">Katekesemesse<\/p>\n<p>Messe: V\u00e5r Frue av Fatima \u2013 etterfulgt av Marias prosesjon gjennom byens gater &#8211; Rosenkransb\u00f8nn<\/td>\n<\/tr>\n<tr>\n<td width=\"76\">S\u00f8ndag<\/td>\n<td colspan=\"2\" width=\"73\">09.10<\/td>\n<td colspan=\"5\" width=\"493\">28. S\u00d8NDAG I DET ALMINNELIGE KIRKE\u00c5R<\/td>\n<\/tr>\n<tr>\n<td width=\"76\">&nbsp;<\/p>\n<p>&nbsp;<\/p>\n<p>&nbsp;<\/p>\n<p>Andre steder:<\/td>\n<td colspan=\"2\" width=\"73\">&nbsp;<\/td>\n<td colspan=\"2\" width=\"39\">kl.<\/p>\n<p>kl.<\/p>\n<p>kl.<\/p>\n<p>&nbsp;<\/p>\n<p>kl.<\/td>\n<td colspan=\"2\" width=\"58\">09.00<\/p>\n<p>11.00<\/p>\n<p>13.00<\/p>\n<p>&nbsp;<\/p>\n<p>17.00<\/td>\n<td width=\"397\">Messe p\u00e5 polsk<\/p>\n<p>H\u00f8ymesse<\/p>\n<p>Messe p\u00e5 vietnamesisk<\/p>\n<p>&nbsp;<\/p>\n<p>Messe p\u00e5 Stella Maris<\/td>\n<\/tr>\n<\/tbody>\n<\/table>\n<p><strong>Annet:<\/strong><\/p>\n<p><strong>1) Katekese l\u00f8rdag 8. oktober<\/strong><\/p>\n<ul>\n<li>10.00 &#8211; 14.00: Katekese for barn p\u00e5 2. og 3. trinn<\/li>\n<li>13.00 &#8211; 17.00: Katekese for barn p\u00e5 1., 4., 6. og 7. trinn<\/li>\n<li>13.00 &#8211; 14.00: Katekesemesse<\/li>\n<\/ul>\n<p>Siste frist for \u00e5 begynne i katekesen for f\u00f8rste hellige kommunionskandidater er <strong>l\u00f8rdag 8. oktober<\/strong>.&nbsp;<\/p>\n<p>Etter 8. oktober tar vi ikke imot nye f\u00f8rste hellige kommunionskandidater. Det betyr at barnet m\u00e5 vente til september 2023 for \u00e5 begynne forberedelsen til F\u00f8rste Hellige Kommunion.<\/p>\n<p>&nbsp;<\/p>\n<p><strong>2) L\u00f8rdag den 8. oktober kl. 17.30 blir V\u00e5r Frue av Fatima feiret med messe i St. Ansgar<br \/>\nkirke og etterfulgt av prosesjon gjennom Kristiansands gater.<\/p>\n<p><\/strong><\/p>\n<p><strong>3) Ministrantkveld fredag 7. oktober:<\/strong><\/p>\n<p>Alle ministranter fra og med 3. trinn til og med videreg\u00e5ende og voksne er invitert til ministrantkveld fredag 7. oktober kl. 18.00 &#8211; kl. 20.30.<\/p>\n<p>Vi ministrerer i messen kl. 18.00, og etter messen har vi m\u00f8te i ungdomskjelleren: vi l\u00e6rer noen praktiske ting i forbindelse med ministrering, vi har underholdning, film og mat.<\/p>\n<p><strong>4) Fredag 7. oktober kl. 18.00&nbsp; <\/strong>inviterer Saul til aktiviteter i KIGA.<\/p>\n<p><strong>&nbsp;<\/strong><\/p>\n<p><strong>5) Tirsdag 4. oktober<\/strong> kl. 19.00 er det bibelgruppe.<\/p>\n<p style=\"text-align: center;\">\n&nbsp;<strong>&nbsp;&nbsp;&nbsp;&nbsp;&nbsp;&nbsp;&nbsp;&nbsp;&nbsp;&nbsp; Alle er hjertelig velkommen til kirkekaffe. \u00d8nsker dere riktig god s\u00f8ndag<\/strong><\/p>\n","protected":false},"excerpt":{"rendered":"<p>Tirsdag 04.10 Minnedag: Den hellige Frans av Assisi kl. kl. 17.30 18.00 Vesper Messe &#8211; etterfulgt av sakramentstilbedelse Onsdag 05.10 kl. 18.00 Messe Torsdag 06.10 kl. &nbsp; &nbsp; kl. 11.00 &nbsp; &nbsp; 18.00 Messe &#8211; etterfulgt av felles lunsj i&#8230;<br \/><a class=\"read-more-button\" href=\"https:\/\/stansgar.katolsk.no\/?p=11230\">Read more<\/a><\/p>\n","protected":false},"author":1,"featured_media":0,"comment_status":"open","ping_status":"open","sticky":false,"template":"","format":"standard","meta":{"footnotes":""},"categories":[482],"tags":[],"class_list":["post-11230","post","type-post","status-publish","format-standard","hentry","category-kunngjoringer"],"_links":{"self":[{"href":"https:\/\/stansgar.katolsk.no\/index.php?rest_route=\/wp\/v2\/posts\/11230","targetHints":{"allow":["GET"]}}],"collection":[{"href":"https:\/\/stansgar.katolsk.no\/index.php?rest_route=\/wp\/v2\/posts"}],"about":[{"href":"https:\/\/stansgar.katolsk.no\/index.php?rest_route=\/wp\/v2\/types\/post"}],"author":[{"embeddable":true,"href":"https:\/\/stansgar.katolsk.no\/index.php?rest_route=\/wp\/v2\/users\/1"}],"replies":[{"embeddable":true,"href":"https:\/\/stansgar.katolsk.no\/index.php?rest_route=%2Fwp%2Fv2%2Fcomments&post=11230"}],"version-history":[{"count":2,"href":"https:\/\/stansgar.katolsk.no\/index.php?rest_route=\/wp\/v2\/posts\/11230\/revisions"}],"predecessor-version":[{"id":11232,"href":"https:\/\/stansgar.katolsk.no\/index.php?rest_route=\/wp\/v2\/posts\/11230\/revisions\/11232"}],"wp:attachment":[{"href":"https:\/\/stansgar.katolsk.no\/index.php?rest_route=%2Fwp%2Fv2%2Fmedia&parent=11230"}],"wp:term":[{"taxonomy":"category","embeddable":true,"href":"https:\/\/stansgar.katolsk.no\/index.php?rest_route=%2Fwp%2Fv2%2Fcategories&post=11230"},{"taxonomy":"post_tag","embeddable":true,"href":"https:\/\/stansgar.katolsk.no\/index.php?rest_route=%2Fwp%2Fv2%2Ftags&post=11230"}],"curies":[{"name":"wp","href":"https:\/\/api.w.org\/{rel}","templated":true}]}}