{"id":11213,"date":"2022-09-28T10:47:23","date_gmt":"2022-09-28T08:47:23","guid":{"rendered":"https:\/\/stansgar.katolsk.no\/?p=11213"},"modified":"2022-09-28T10:47:24","modified_gmt":"2022-09-28T08:47:24","slug":"fatimaprosesjonen-2022","status":"publish","type":"post","link":"https:\/\/stansgar.katolsk.no\/?p=11213","title":{"rendered":"Fatimaprosesjonen 2022"},"content":{"rendered":"\n<div class=\"wp-block-file\"><a href=\"https:\/\/stansgar.katolsk.no\/wp-content\/uploads\/2022\/09\/Fatimaprosesjonen_2022_3.-versjon.pdf\">Fatimaprosesjonen_2022_3.-versjon<\/a><a href=\"https:\/\/stansgar.katolsk.no\/wp-content\/uploads\/2022\/09\/Fatimaprosesjonen_2022_3.-versjon.pdf\" class=\"wp-block-file__button\" download>Last ned<\/a><\/div>\n\n\n\n<div class=\"wp-block-group\"><div class=\"wp-block-group__inner-container is-layout-flow wp-block-group-is-layout-flow\">\n<p style=\"color:#0c83b6\" class=\"has-text-color has-text-align-center\"><strong>MESSE OG PROSESJON TIL \u00c6RE FOR V\u00c5R FRUE AV FATIMA<\/strong><\/p>\n\n\n\n<p style=\"color:#0c83b6\" class=\"has-text-color has-text-align-center\"><strong>L\u00d8RDAG 8. OKTOBER 2022<\/strong><\/p>\n<\/div><\/div>\n\n\n\n<figure class=\"wp-block-image size-large\"><img loading=\"lazy\" decoding=\"async\" width=\"1024\" height=\"680\" src=\"https:\/\/stansgar.katolsk.no\/wp-content\/uploads\/2022\/09\/prosesjon-fatima-1024x680.jpg\" alt=\"\" class=\"wp-image-11215\" srcset=\"https:\/\/stansgar.katolsk.no\/wp-content\/uploads\/2022\/09\/prosesjon-fatima-1024x680.jpg 1024w, https:\/\/stansgar.katolsk.no\/wp-content\/uploads\/2022\/09\/prosesjon-fatima-300x199.jpg 300w, https:\/\/stansgar.katolsk.no\/wp-content\/uploads\/2022\/09\/prosesjon-fatima-768x510.jpg 768w, https:\/\/stansgar.katolsk.no\/wp-content\/uploads\/2022\/09\/prosesjon-fatima-1536x1020.jpg 1536w, https:\/\/stansgar.katolsk.no\/wp-content\/uploads\/2022\/09\/prosesjon-fatima-956x635.jpg 956w, https:\/\/stansgar.katolsk.no\/wp-content\/uploads\/2022\/09\/prosesjon-fatima.jpg 1832w\" sizes=\"auto, (max-width: 1024px) 100vw, 1024px\" \/><\/figure>\n\n\n\n<p>Kj\u00e6re troende,<\/p>\n\n\n\n<p>Hver og en av oss \u00e6rer Jomfru Maria p\u00e5 en spesiell m\u00e5te ved \u00e5 be til henne og leve etter hennes hellige forbilde. Gjennom henne kommer vi til Jesus Kristus, <em>Ad Jesum per Maria<\/em>.<\/p>\n\n\n\n<p>I oktober g\u00e5r vi med statuen av V\u00e5r Frue av Fatima gjennom byen. Hun vandrer med oss p\u00e5 v\u00e5r pilgrimsvandring p\u00e5 jorden. Vi ber rosenkransen sammen og synger sangen til Maria p\u00e5 forskjellige spr\u00e5k. Maria er v\u00e5r Mor. Hun omfavner hele verden, hele menneskeheten i sitt moderskap.<\/p>\n\n\n\n<p>La oss komme for \u00e5 lovprise Gud som utvalgte Jomfru Maria til \u00e5 bli Jesu Mor og v\u00e5r Mor.<\/p>\n\n\n\n<p>La oss komme for \u00e5 tenne lys for fred i verden.<\/p>\n\n\n\n<p>La oss komme for \u00e5 be for denne urolige verden, spesielt for Ukraina og det ukrainske folket p\u00e5 grunn av krigen og dens forferdelige konsekvenser.<\/p>\n\n\n\n<p>La oss be om at verdens ledere finner effektive l\u00f8sninger for \u00e5 f\u00e5 slutt p\u00e5 krigen, at v\u00e5pnene i verden tier og alle konflikter blir eliminert ved utrettelige dialoger og handlinger.<\/p>\n\n\n\n<p><strong>P\u00e5 denne dagen la oss p\u00e5 en helt spesiell m\u00e5te innvie menneskeheten til Jomfru Marias uplettede hjerte.<\/strong><\/p>\n\n\n\n<p>La oss be sammen at vi forblir sammen. La oss betro v\u00e5r menighet, v\u00e5re familier, hver en og av oss til den salige Jomfru Maria. Ved \u00e5 be rosenkransen sammen, forener vi oss i v\u00e5r Mor og i hennes S\u00f8nn, Jesus Kristus.<\/p>\n\n\n\n<p><strong>L\u00f8rdag den 8. oktober kl. 17.30 blir V\u00e5r Frue av Fatima feiret med messe i St. Ansgar kirke og etterfulgt av prosesjon gjennom Kristiansands gater.<\/strong><\/p>\n\n\n\n<h5 class=\"wp-block-heading\">p. Tien, p. Piotr og p. Oliver<\/h5>\n\n\n\n<p><\/p>\n","protected":false},"excerpt":{"rendered":"<p>MESSE OG PROSESJON TIL \u00c6RE FOR V\u00c5R FRUE AV FATIMA L\u00d8RDAG 8. OKTOBER 2022 Kj\u00e6re troende, Hver og en av oss \u00e6rer Jomfru Maria p\u00e5 en spesiell m\u00e5te ved \u00e5 be til henne og leve etter hennes hellige forbilde. Gjennom&#8230;<br \/><a class=\"read-more-button\" href=\"https:\/\/stansgar.katolsk.no\/?p=11213\">Read more<\/a><\/p>\n","protected":false},"author":1,"featured_media":0,"comment_status":"open","ping_status":"open","sticky":false,"template":"","format":"standard","meta":{"footnotes":""},"categories":[488,204],"tags":[627],"class_list":["post-11213","post","type-post","status-publish","format-standard","hentry","category-bonn","category-ukategorisert-nb","tag-fatimaprosesjon"],"_links":{"self":[{"href":"https:\/\/stansgar.katolsk.no\/index.php?rest_route=\/wp\/v2\/posts\/11213","targetHints":{"allow":["GET"]}}],"collection":[{"href":"https:\/\/stansgar.katolsk.no\/index.php?rest_route=\/wp\/v2\/posts"}],"about":[{"href":"https:\/\/stansgar.katolsk.no\/index.php?rest_route=\/wp\/v2\/types\/post"}],"author":[{"embeddable":true,"href":"https:\/\/stansgar.katolsk.no\/index.php?rest_route=\/wp\/v2\/users\/1"}],"replies":[{"embeddable":true,"href":"https:\/\/stansgar.katolsk.no\/index.php?rest_route=%2Fwp%2Fv2%2Fcomments&post=11213"}],"version-history":[{"count":1,"href":"https:\/\/stansgar.katolsk.no\/index.php?rest_route=\/wp\/v2\/posts\/11213\/revisions"}],"predecessor-version":[{"id":11216,"href":"https:\/\/stansgar.katolsk.no\/index.php?rest_route=\/wp\/v2\/posts\/11213\/revisions\/11216"}],"wp:attachment":[{"href":"https:\/\/stansgar.katolsk.no\/index.php?rest_route=%2Fwp%2Fv2%2Fmedia&parent=11213"}],"wp:term":[{"taxonomy":"category","embeddable":true,"href":"https:\/\/stansgar.katolsk.no\/index.php?rest_route=%2Fwp%2Fv2%2Fcategories&post=11213"},{"taxonomy":"post_tag","embeddable":true,"href":"https:\/\/stansgar.katolsk.no\/index.php?rest_route=%2Fwp%2Fv2%2Ftags&post=11213"}],"curies":[{"name":"wp","href":"https:\/\/api.w.org\/{rel}","templated":true}]}}