{"id":11209,"date":"2022-09-27T11:09:54","date_gmt":"2022-09-27T09:09:54","guid":{"rendered":"https:\/\/stansgar.katolsk.no\/?p=11209"},"modified":"2022-09-27T11:12:04","modified_gmt":"2022-09-27T09:12:04","slug":"referat-fra-menighetsradsmote-21-09-22","status":"publish","type":"post","link":"https:\/\/stansgar.katolsk.no\/?p=11209","title":{"rendered":"Referat fra menighetsr\u00e5dsm\u00f8te 21.09.22"},"content":{"rendered":"\n<h1 class=\"wp-block-heading\">St. Ansgar menighet<br>Referat menighetsr\u00e5dsm\u00f8te med representanter fra spr\u00e5kgruppene<\/h1>\n\n\n\n<h2 class=\"wp-block-heading\">&nbsp;<\/h2>\n\n\n\n<div class=\"wp-block-file\"><a href=\"https:\/\/stansgar.katolsk.no\/wp-content\/uploads\/2022\/09\/Referat-menighetsr\u00e5d-21.09.2022-2.pdf\">Referat-menighetsr\u00e5d-21.09.2022-2<\/a><a href=\"https:\/\/stansgar.katolsk.no\/wp-content\/uploads\/2022\/09\/Referat-menighetsr\u00e5d-21.09.2022-2.pdf\" class=\"wp-block-file__button\" download>Last ned<\/a><\/div>\n\n\n\n<p>21.09.2022 kl. 18.45<\/p>\n\n\n\n<figure class=\"wp-block-table\"><table><tbody><tr><td>Tilstede:<\/td><td>P. Quang Tien Dang, P. Pjotr Gasior, P. Oliver Obinna Izuogu, Xuat Minh Dang, Wlodzimierz Dyzma, Kaja Kristine Gustavsen Tho, Sigrid Therese Kornbrekke, Victor Manuel Meza Munoz, Lan Ngoc Nguyen, Lucyna Zawadzka, Helen Maty, Ane Ugland Alb\u00e6k, Edward Jada, Fabiola Murugiah, Than Doan, Daline Habarugira, Yonas Tsegay, Carmen Glora Diaz Fuentes, Jean Alb\u00e9rie Nyovu &nbsp;<\/td><\/tr><tr><td>Forfall:<\/td><td>Jocelyn Augland, Randi Birkeland<\/td><\/tr><tr><td>&nbsp;<\/td><td>&nbsp;<\/td><\/tr><\/tbody><\/table><\/figure>\n\n\n\n<p><a>Sak 1 Godkjenning av innkalling og saksliste<\/a><\/p>\n\n\n\n<p>Godkjent uten anmerkninger.<\/p>\n\n\n\n<p>Sak 2 Oppdatering fra aktiviteten i de ulike spr\u00e5kgruppene<\/p>\n\n\n\n<p>Fransk gruppe har messe hver 4. l\u00f8rdag og har f\u00e5tt med studenter fra Kongo.<\/p>\n\n\n\n<p>Engelsk gruppe har messe hver 3. s\u00f8ndag v\/ p. Oliver og har ogs\u00e5 med en del studenter fra UiA.<\/p>\n\n\n\n<p>Eritreisk gruppe m\u00f8tes hver l\u00f8rdag til b\u00f8nn og katekese for barn. De har ikke prest n\u00e5, men har hatt bes\u00f8k av prest fra Italia. OKB jobber med \u00e5 f\u00e5 tak i eritreisk prest.<\/p>\n\n\n\n<p>Spansk gruppe har messe en l\u00f8rdag per m\u00e5ned og ber av og til sammen p\u00e5 torsdager.<\/p>\n\n\n\n<p>Midt\u00f8stengruppe har messe 1. s\u00f8ndag i m\u00e5neden p\u00e5 kaldeisk\/arabisk v\/prest som kommer fra Oslo. De fleste i gruppa er fra Irak og Syria. Gruppen m\u00f8tes i tillegg en gang per mnd.<\/p>\n\n\n\n<p>Vietnamesisk gruppe har startet opp for fullt etter korona\/sommerferie. Messe hver s\u00f8ndag kl. 13 og har egen katekese for barn (litt f\u00e5 som kommer n\u00e5, h\u00e5per det tar seg opp).<\/p>\n\n\n\n<p>Polsk gruppe har messe hver l\u00f8rdag og s\u00f8ndag og kirkekaffe en s\u00f8ndag per m\u00e5ned. Katekese p\u00e5 polsk for de barna som skal motta 1.kommunion i Polen og for de ungdommene som skal konfirmeres i Polen.<\/p>\n\n\n\n<p>Tamilsk gruppe er f\u00e5 familier og det er mest de eldre som kommer. De har ikke messe p\u00e5 tamilsk p\u00e5 grunn av at det er f\u00e5 prester.<\/p>\n\n\n\n<p>Filippinsk gruppe har messe p\u00e5 tagalog hver 4. l\u00f8rdag.<\/p>\n\n\n\n<p>De spr\u00e5kgruppene som har studenter, b\u00f8r kontakte Helen Maty med kontaktinformasjon p\u00e5 disse. Hun kan da ta kontakt for \u00e5 invitere dem til unge voksne-gruppen.<\/p>\n\n\n\n<p>Det er mulig \u00e5 informere studenter via studentpresten p\u00e5 UiA om at det finnes en katolsk kirke i Kristiansand. Engelsk representant gir informasjon til studentpresten om dette.<\/p>\n\n\n\n<p>L\u00f8rdag 29. oktober f\u00e5r vi bes\u00f8k av kroatisk prest som vil feire messe p\u00e5 kroatisk.<\/p>\n\n\n\n<p><strong>Sak 3 Planlegge Maria av Fatima-feiring 8. oktober<\/strong><\/p>\n\n\n\n<p>Messen starter kl. 17.30.<\/p>\n\n\n\n<ul class=\"wp-block-list\"><li>Generelt<ul><li>Melding til politi \u2013 Ane sender.<\/li><\/ul><ul><li>Rute: opp Kirkegata til domkirken. Gyldenl\u00f8vesgate til Markens gate som vi f\u00f8lger ned til Kongens gate. Deretter tilbake til St Ansgar kirke via Kongens gate.<\/li><\/ul><\/li><li>Liturgi<ul><li>Lesningene vil v\u00e6re p\u00e5 norsk.<\/li><\/ul><ul><li>Forb\u00f8nnene vil v\u00e6re p\u00e5 forskjellige spr\u00e5k (egen oversikt). Det skal legges til en b\u00f8nneintensjon under punkt 6 p\u00e5 engelsk.<\/li><\/ul><ul><li>NB Det skal reserveres plasser til dem som skal lese og til korene! Fransk, eritreisk og spansk kor sitter nede under korgalleriet. Vietnamesisk og h\u00f8ymessekor sitter oppe p\u00e5 korgalleriet.<\/li><\/ul><ul><li>Ministranter, prestene tar ansvar for \u00e5 organisere<\/li><\/ul><ul><li>Sanger:<ul><li>Inngangssalme: norsk v\/kor, menigheten synger med<\/li><\/ul><ul><li>Responsorium: norsk v\/kor<\/li><\/ul><ul><li>Offertorium: sang v\/fransk kor<\/li><\/ul><ul><li>Under kommunionen: sang v\/vietnamesisk kor<\/li><\/ul><ul><li>Etter kommunionen: sang v\/eritreisk kor<\/li><\/ul><ul><li>Maria avslutningssalme: sang v\/spansk kor<\/li><\/ul><\/li><\/ul><\/li><li>Prosesjon<ul><li>Ane informerer p\u00e5 slutten av messen om prosesjonen.<\/li><\/ul><ul><li>Sanghefte med oversikt over sanger, rosenkransb\u00f8nn og lesninger til prosesjonen deles ut i messen.<\/li><\/ul><ul><li>Vakter: Vietnamesisk gruppe tar ansvar for dette. Polsk gruppe stiller med to personer og Unge voksne gruppen kan sp\u00f8rres.<\/li><\/ul><ul><li>Vietnamesisk gruppe tar ansvar for prosesjonslys til alle. Vi ber om frivillig donasjon for lysene enten kontant eller p\u00e5 Vipps.<\/li><\/ul><ul><li>Polsk gruppe skaffer b\u00e6rere til Jomfru Maria og ordner blomster til tronen.<\/li><\/ul><ul><li>H\u00f8yttaler: Vi sp\u00f8r noen fra unge voksne.<\/li><\/ul><ul><li>B\u00e6re kors med lys, midt\u00f8sten-gruppe?<\/li><\/ul><ul><li>Polsk fotograf?<\/li><\/ul><\/li><\/ul>\n\n\n\n<p>Under prosesjonen ber vi rosenkransen, gledens mysterier. &nbsp;Hvert mysterium med tilh\u00f8rende b\u00f8nner deles p\u00e5 \u00e5 leses av to spr\u00e5kgrupper.<\/p>\n\n\n\n<p>Prosesjonen:<\/p>\n\n\n\n<p>Norsk: lese f\u00f8rste mysterium (Kaja)<\/p>\n\n\n\n<p>Norsk: Evangelietekst (Helen)<\/p>\n\n\n\n<p>Norsk: Fader v\u00e5r og 5 Hill deg Maria (Kaja).<\/p>\n\n\n\n<p>Portugisisk: 5 Hill deg Maria<\/p>\n\n\n\n<p>Portugisisk: Ave Maria sang (?)<\/p>\n\n\n\n<p>Norsk: \u00c5, Jesus (Kaja)<\/p>\n\n\n\n<p>Norsk: lese andre mysterium, evangelietekst (Lucyna)<\/p>\n\n\n\n<p>Eritreisk: &nbsp;Fader v\u00e5r og 5 Hill deg Maria (Yonas).<\/p>\n\n\n\n<p>Polsk: 5 Hill deg Maria og \u00c6re v\u00e6re.<\/p>\n\n\n\n<p>Polsk: Ave Maria sang<\/p>\n\n\n\n<p>Norsk: \u00c5, Jesus (Lucyna)<\/p>\n\n\n\n<p>Norsk: lese tredje mysterium og evangelietekst (Daline)<\/p>\n\n\n\n<p>Fransk: Fader v\u00e5r og 5 Hill deg Maria.<\/p>\n\n\n\n<p>Spansk: 5 Hill deg Maria og \u00c6re v\u00e6re<\/p>\n\n\n\n<p>Fransk: Ave Maria sang<\/p>\n\n\n\n<p>Spansk: Ave Maria sang<\/p>\n\n\n\n<p>Norsk: \u00c5, Jesus (Daline)<\/p>\n\n\n\n<p>Norsk: lese fjerde mysterium (Edward)<\/p>\n\n\n\n<p>Norsk: evangelietekst (Fabiola)<\/p>\n\n\n\n<p>Tamilsk: Fader v\u00e5r og 5 Hill deg Maria (Fabiola)<\/p>\n\n\n\n<p>Engelsk: 5 Hill deg Maria og \u00c6re v\u00e6re (Edward)<\/p>\n\n\n\n<p>Engelsk: Ave Maria sang (engelsktalende\/filipinsk gruppe)<\/p>\n\n\n\n<p>Norsk: \u00c5, Jesus (Edward)<\/p>\n\n\n\n<p>Norsk: lese 5. mysterium (Helen)<\/p>\n\n\n\n<p>Norsk: evangelietekst (vietnamesisk)<\/p>\n\n\n\n<p>Arameisk\/arabisk: Fader v\u00e5r og 5 Hill deg Maria.<\/p>\n\n\n\n<p>Vietnamesisk: 5 Hill deg Maria og \u00c6re v\u00e6re.<\/p>\n\n\n\n<p>Arabisk: Ave Maria sang<\/p>\n\n\n\n<p>Vietnamesisk: Ave Maria song<\/p>\n\n\n\n<p>Norsk: \u00c5, Jesus (vietnamesisk)<\/p>\n\n\n\n<p><strong>NB! Alle som skal lese\/synge m\u00e5 g\u00e5 rett bak Maria.<\/strong><\/p>\n\n\n\n<p>Vi kommer tilbake til kirken. Synger Ave Maria av Fatima, ber avslutningsb\u00f8nn sammen, og synger Salve Regina.<\/p>\n\n\n\n<p><strong>Sak 4 Den synodale veien i menigheten<\/strong><\/p>\n\n\n\n<p>Den synodale vei er satt i gang av Pave Frans for \u00e5 samle Kirken. Oslo katolske bisped\u00f8mme har utarbeidet et opplegg med sp\u00f8rsm\u00e5l som menigheten skal jobbe med. Pastoralr\u00e5det skal m\u00f8tes 21.-23. oktober. F\u00f8rste tema er fellesskap. Det er \u00f8nskelig at menigheten skal ha jobbet med sp\u00f8rsm\u00e5lene i forkant av dette m\u00f8tet, slik at menighetsr\u00e5dsleder kan ha med seg referat fra menigheten.<\/p>\n\n\n\n<p>Det arrangeres derfor et m\u00f8te for alle i menigheten s\u00f8ndag 16. oktober kl. 16. &nbsp;Alle i menighetsr\u00e5det blir med p\u00e5 dette.<\/p>\n\n\n\n<p>Det skal lages plakat om m\u00f8tet der sp\u00f8rsm\u00e5lene under er listet opp. Det skal ogs\u00e5 leses i kunngj\u00f8ringene. De fremm\u00f8tte deles opp i grupper der menighetsr\u00e5dsmedlemmene plasseres p\u00e5 de forskjellige gruppene og s\u00f8rger for et lite referat (stikkord).<\/p>\n\n\n\n<p>I tillegg oppfordres de nasjonale gruppene til \u00e5 arrangere egne m\u00f8ter slik at de som eventuelt ikke er s\u00e5 komfortable med \u00e5 komme med sin mening p\u00e5 norsk ogs\u00e5 f\u00e5r anledning til \u00e5 delta. Det m\u00e5 skrives kort norsk referat (stikkord).<\/p>\n\n\n\n<p>Gruppene tar utgangspunkt i sp\u00f8rsm\u00e5lene:<\/p>\n\n\n\n<p>Frist til \u00e5 gjennomf\u00f8re m\u00f8ter for de forskjellige gruppene er 15. november. Vi lager et felles referat fra alle m\u00f8tene som er gjennomf\u00f8rt som sendes til pastoralr\u00e5det.<\/p>\n\n\n\n<p><strong>Sak 5 Eventuelt<\/strong><\/p>\n\n\n\n<p>SAUL:<\/p>\n\n\n\n<p>Ungdomslaget er i gang. De har f\u00e5tt 6 frivillige til \u00e5 delta som ledere. H\u00e5kon er leder, Marius nestleder, Lan kasserer, Rachel og Rebecca er styremedlemmer og Minh er promoteringsansvarlig. Helen er med som st\u00f8tte. Navnene er sendt inn til NUK. Laget har laget program for h\u00f8sten og har laget plakat med oversikt over alle arrangementene. De lager ogs\u00e5 plakat for enkeltarrangementene som deles ut i katekesen.<\/p>\n\n\n\n<p>Viktig at dette kommer med i kunngj\u00f8ringene.<\/p>\n\n\n\n<p>P. Tien og menighetsr\u00e5det er enige om at det er viktig at menigheten st\u00f8tter ungdomslaget \u00f8konomisk n\u00e5 i oppstarten. Minner om at alle ledere som er over 18 \u00e5r m\u00e5 levere politiattest.<\/p>\n\n\n\n<p>Ung-voksenlag: Har laget Messenger-gruppe. Lavterskel, uten mye organisering. Har hatt flere treff, bl.a. rekefest. \u00d8nsker \u00e5 fokusere p\u00e5 \u00e5 f\u00e5 i gang ungdomslaget f\u00f8rst, ettersom mange av de aktuelle personene i ung-voksenlaget ogs\u00e5 er engasjert der.<\/p>\n\n\n\n<p>Midler fra NUK. Fristen er ute n\u00e5, men s\u00f8ker p\u00e5 nytt til v\u00e5ren. Ungdommene m\u00e5 registrere seg i NUK for at man kan f\u00e5 st\u00f8tte.<\/p>\n\n\n\n<p>Menighetavis:<\/p>\n\n\n\n<p>Sigrid har f\u00e5tt innspill fra noen i menigheten som \u00f8nsker \u00e5 lage en menighetsavis. Menighetsr\u00e5det er positive til initiativet, men det b\u00f8r v\u00e6re en redaksjonskomit\u00e9, helst med en i menighetsr\u00e5det i komiteen. Sigrid gir beskjed til initiativtakere om at dette er positivt. Vi vil invitere dem til menighetsr\u00e5dsm\u00f8te for \u00e5 snakke om dette neste gang.<\/p>\n\n\n\n<p>Neste menighetsr\u00e5dsm\u00f8te er onsdag 23. november kl. 18.45.<\/p>\n\n\n\n<p>22\/9-22<\/p>\n\n\n\n<p>Kaja Kristine Tho<\/p>\n\n\n\n<p>Sekret\u00e6r<\/p>\n","protected":false},"excerpt":{"rendered":"<p>St. Ansgar menighetReferat menighetsr\u00e5dsm\u00f8te med representanter fra spr\u00e5kgruppene &nbsp; 21.09.2022 kl. 18.45 Tilstede: P. Quang Tien Dang, P. Pjotr Gasior, P. Oliver Obinna Izuogu, Xuat Minh Dang, Wlodzimierz Dyzma, Kaja Kristine Gustavsen Tho, Sigrid Therese Kornbrekke, Victor Manuel Meza Munoz,&#8230;<br \/><a class=\"read-more-button\" href=\"https:\/\/stansgar.katolsk.no\/?p=11209\">Read more<\/a><\/p>\n","protected":false},"author":1,"featured_media":0,"comment_status":"open","ping_status":"open","sticky":false,"template":"","format":"standard","meta":{"footnotes":""},"categories":[493],"tags":[],"class_list":["post-11209","post","type-post","status-publish","format-standard","hentry","category-menighetsradsmote"],"_links":{"self":[{"href":"https:\/\/stansgar.katolsk.no\/index.php?rest_route=\/wp\/v2\/posts\/11209","targetHints":{"allow":["GET"]}}],"collection":[{"href":"https:\/\/stansgar.katolsk.no\/index.php?rest_route=\/wp\/v2\/posts"}],"about":[{"href":"https:\/\/stansgar.katolsk.no\/index.php?rest_route=\/wp\/v2\/types\/post"}],"author":[{"embeddable":true,"href":"https:\/\/stansgar.katolsk.no\/index.php?rest_route=\/wp\/v2\/users\/1"}],"replies":[{"embeddable":true,"href":"https:\/\/stansgar.katolsk.no\/index.php?rest_route=%2Fwp%2Fv2%2Fcomments&post=11209"}],"version-history":[{"count":2,"href":"https:\/\/stansgar.katolsk.no\/index.php?rest_route=\/wp\/v2\/posts\/11209\/revisions"}],"predecessor-version":[{"id":11212,"href":"https:\/\/stansgar.katolsk.no\/index.php?rest_route=\/wp\/v2\/posts\/11209\/revisions\/11212"}],"wp:attachment":[{"href":"https:\/\/stansgar.katolsk.no\/index.php?rest_route=%2Fwp%2Fv2%2Fmedia&parent=11209"}],"wp:term":[{"taxonomy":"category","embeddable":true,"href":"https:\/\/stansgar.katolsk.no\/index.php?rest_route=%2Fwp%2Fv2%2Fcategories&post=11209"},{"taxonomy":"post_tag","embeddable":true,"href":"https:\/\/stansgar.katolsk.no\/index.php?rest_route=%2Fwp%2Fv2%2Ftags&post=11209"}],"curies":[{"name":"wp","href":"https:\/\/api.w.org\/{rel}","templated":true}]}}