{"id":11198,"date":"2022-09-25T10:01:20","date_gmt":"2022-09-25T08:01:20","guid":{"rendered":"https:\/\/stansgar.katolsk.no\/?p=11198"},"modified":"2022-09-23T13:19:29","modified_gmt":"2022-09-23T11:19:29","slug":"kunngjoringer-sondag-25-september-2022","status":"publish","type":"post","link":"https:\/\/stansgar.katolsk.no\/?p=11198","title":{"rendered":"KUNNGJ\u00d8RINGER S\u00d8NDAG 25. SEPTEMBER 2022"},"content":{"rendered":"<p style=\"text-align: center;\"><strong>KUNNGJ\u00d8RINGER S\u00d8NDAG 25. SEPTEMBER 2022<\/strong><\/p>\n<table style=\"width: 500.766px;\">\n<tbody>\n<tr>\n<td style=\"width: 659.484px;\" colspan=\"6\">26.9 &#8211; 29.9: Prester i Oslo katolske bisped\u00f8mme har m\u00f8te p\u00e5 Mariaholm.<\/p>\n<p>&nbsp;&nbsp;&nbsp;&nbsp;&nbsp;&nbsp;&nbsp;&nbsp;&nbsp;&nbsp;&nbsp;&nbsp;&nbsp;&nbsp;&nbsp; Vi ber for prestene. Det er ikke messer p\u00e5 tirsdag, onsdag og torsdag.<\/td>\n<\/tr>\n<tr>\n<td style=\"width: 76px;\" rowspan=\"2\">Fredag<\/td>\n<td style=\"width: 72px;\" rowspan=\"2\">30.09.<\/td>\n<td style=\"width: 511.484px;\" colspan=\"4\">Minnedag: Den hellige Hieronymus<\/td>\n<\/tr>\n<tr>\n<td style=\"width: 184.719px;\" colspan=\"2\">kl.<\/td>\n<td style=\"width: 10px;\">18.00<\/td>\n<td style=\"width: 316.766px;\">Messe<\/td>\n<\/tr>\n<tr>\n<td style=\"width: 76px;\" rowspan=\"2\">L\u00f8rdag<\/td>\n<td style=\"width: 72px;\" rowspan=\"2\">01.10<\/td>\n<td style=\"width: 511.484px;\" colspan=\"4\">Minnedag: Den hellige Terese av Jesusbarnet<\/td>\n<\/tr>\n<tr>\n<td style=\"width: 184.719px;\" colspan=\"2\">kl.<\/p>\n<p>kl.<\/td>\n<td style=\"width: 10px;\">13.00<\/p>\n<p>18.00<\/td>\n<td style=\"width: 316.766px;\">Katekesemesse<\/p>\n<p>Messe p\u00e5 polsk<\/td>\n<\/tr>\n<tr>\n<td style=\"width: 76px;\">S\u00f8ndag<\/td>\n<td style=\"width: 246.719px;\" colspan=\"2\">02.10.<\/td>\n<td style=\"width: 336.766px;\" colspan=\"3\">27. S\u00d8NDAG I DET ALMINNELIGE KIRKE\u00c5R<\/td>\n<\/tr>\n<tr>\n<td style=\"width: 76px;\">&nbsp;<\/td>\n<td style=\"width: 246.719px;\" colspan=\"2\">&nbsp;<\/td>\n<td style=\"width: 10px;\">kl.<\/p>\n<p>kl.<\/p>\n<p>kl.<\/p>\n<p>kl.<\/td>\n<td style=\"width: 10px;\">09.00<\/p>\n<p>11.00<\/p>\n<p>13.00<\/p>\n<p>15.00<\/td>\n<td style=\"width: 316.766px;\">Messe p\u00e5 polsk<\/p>\n<p>H\u00f8ymesse<\/p>\n<p>Messe p\u00e5 vietnamesisk<\/p>\n<p>Messe p\u00e5 kaldeisk<\/td>\n<\/tr>\n<\/tbody>\n<\/table>\n<p><strong>Annet:<\/strong><\/p>\n<p><strong>1)<\/strong> I dag feires Caritas-s\u00f8ndag i alle katolske menigheter i Norge. Kollekt og andre innsamlede midler g\u00e5r til Caritas\u2019 arbeid.<\/p>\n<p><strong>2) Onsdag 28.9<\/strong><\/p>\n<p>&nbsp;Caritas inviterer til vaffelkveld etter kveldsmessen.<\/p>\n<p>&nbsp;Sosialt fellesskap, gode samtaler og felles aktiviteter over en kopp kaffe og vafler.<\/p>\n<p>&nbsp;Alle er hjertelig velkommen.<\/p>\n<p><strong>3) Katekese l\u00f8rdag 1. oktober:<\/strong><\/p>\n<p>Kl. 10.00 &#8211; 14.00 er det katekese for barn og ungdommer p\u00e5 5., 8. og 9. trinn.<\/p>\n<p><strong>1.oktober 2022 er siste frist<\/strong> for \u00e5 begynne p\u00e5 konfirmantkurset for f\u00f8rste\u00e5rskonfirmanter.<\/p>\n<p>Etter 1. oktober tar vi ikke imot nye konfirmantkandidater. Det betyr at ungdommen m\u00e5 vente til september 2023 for \u00e5 begynne p\u00e5 konfirmantkurset for f\u00f8rste\u00e5rskonfirmanter.<\/p>\n<p>Konfirmasjonsforberedelsen er to \u00e5r, fra 8. trinn. Ungdommer som g\u00e5r p\u00e5 9. og 10. trinn p\u00e5 grunnskolen eller p\u00e5 videreg\u00e5ende, m\u00e5 ogs\u00e5 begynne p\u00e5 konfirmantkurset for f\u00f8rste\u00e5rskonfirmanter.<\/p>\n<p><strong>4)<\/strong> <strong>Oppstart av nytt barnekor for barn fra 5 \u00e5r og oppover<br \/>\n<\/strong>Onsdag 28. september kl. 17.30 &#8211; 18.30 har det nye barnekoret \u00f8velse i ungdomskjelleren.<br \/>\nDet er \u00f8velse kl. 17.30 p\u00e5 onsdager i oddetalls uker. Barn fra fem \u00e5r og oppover er velkommen.<\/p>\n<p><strong>5)<\/strong> <strong>Torsdag 29. september<\/strong> kl. 18.45 er det troskurs.<\/p>\n<p><strong>6) Rosenkransm\u00e5neden oktober 2022<\/strong><\/p>\n<p>Da Den Salige Jomfru Maria viste seg i Lourdes og i Fatima, anbefalte hun oss \u00e5 be rosenkransen. Den hjelper oss til \u00e5 kontemplere og \u00e5 utdype Kristi mysterier og Jomfru Marias rolle i Kristi mysterier og i Kirken.<\/p>\n<p><strong>Oversikten av Rosenkransandakter p\u00e5 forskjellige spr\u00e5k p\u00e5 ukedager i St. Ansgar kirke:<\/strong><\/p>\n<p>Onsdager:<\/p>\n<p>&#8211;&nbsp; kl. 17.30: Rosenkransb\u00f8nn p\u00e5 vietnamesisk<br \/>\n&#8211;&nbsp; kl. 19.00: Rosenkransb\u00f8nn p\u00e5 engelsk<\/p>\n<p>Torsdager:<\/p>\n<p>&#8211;&nbsp; kl. 17.30: Rosenkransb\u00f8nn p\u00e5 tamilsk<\/p>\n<p>&#8211;&nbsp; kl. 19.00: Rosenkransb\u00f8nn p\u00e5 spansk<\/p>\n<p>Fredager:<\/p>\n<p>&#8211;&nbsp; kl. 17.30: Rosenkransb\u00f8nn p\u00e5 norsk<\/p>\n<p>L\u00f8rdager:<\/p>\n<p>&#8211;&nbsp; kl. 12.30: Rosenkransb\u00f8nn p\u00e5 norsk. Etterfulgt av messe p\u00e5 norsk.<\/p>\n<p>&#8211;&nbsp; kl. 18.00: Messe p\u00e5 polsk. Etterfulgt av rosenkransandakt p\u00e5 polsk.<\/p>\n<p>S\u00f8ndager:<\/p>\n<p>&#8211;&nbsp; kl. 08.30: Rosenkransb\u00f8nn p\u00e5 polsk. Etterfulgt av messe p\u00e5 polsk.<\/p>\n<p>&#8211; &nbsp;kl. 10.30: Rosenkransb\u00f8nn p\u00e5 norsk. Etterfulgt av h\u00f8ymesse p\u00e5 norsk.<\/p>\n<p>&#8211;&nbsp; kl. 12.30: Rosenkransb\u00f8nn p\u00e5 vietnamesisk. Etterfulgt av messe p\u00e5 vietnamesisk.<\/p>\n<p>&nbsp;<\/p>\n<p style=\"text-align: center;\">&nbsp;<strong>&nbsp;&nbsp;&nbsp;&nbsp;&nbsp;&nbsp;&nbsp;&nbsp;&nbsp;&nbsp; Alle er hjertelig velkommen til kirkekaffe. \u00d8nsker dere riktig god s\u00f8ndag!<\/strong><\/p>\n","protected":false},"excerpt":{"rendered":"<p>KUNNGJ\u00d8RINGER S\u00d8NDAG 25. SEPTEMBER 2022 26.9 &#8211; 29.9: Prester i Oslo katolske bisped\u00f8mme har m\u00f8te p\u00e5 Mariaholm. &nbsp;&nbsp;&nbsp;&nbsp;&nbsp;&nbsp;&nbsp;&nbsp;&nbsp;&nbsp;&nbsp;&nbsp;&nbsp;&nbsp;&nbsp; Vi ber for prestene. Det er ikke messer p\u00e5 tirsdag, onsdag og torsdag. Fredag 30.09. Minnedag: Den hellige Hieronymus kl. 18.00 Messe&#8230;<br \/><a class=\"read-more-button\" href=\"https:\/\/stansgar.katolsk.no\/?p=11198\">Read more<\/a><\/p>\n","protected":false},"author":1,"featured_media":0,"comment_status":"open","ping_status":"open","sticky":false,"template":"","format":"standard","meta":{"footnotes":""},"categories":[482],"tags":[],"class_list":["post-11198","post","type-post","status-publish","format-standard","hentry","category-kunngjoringer"],"_links":{"self":[{"href":"https:\/\/stansgar.katolsk.no\/index.php?rest_route=\/wp\/v2\/posts\/11198","targetHints":{"allow":["GET"]}}],"collection":[{"href":"https:\/\/stansgar.katolsk.no\/index.php?rest_route=\/wp\/v2\/posts"}],"about":[{"href":"https:\/\/stansgar.katolsk.no\/index.php?rest_route=\/wp\/v2\/types\/post"}],"author":[{"embeddable":true,"href":"https:\/\/stansgar.katolsk.no\/index.php?rest_route=\/wp\/v2\/users\/1"}],"replies":[{"embeddable":true,"href":"https:\/\/stansgar.katolsk.no\/index.php?rest_route=%2Fwp%2Fv2%2Fcomments&post=11198"}],"version-history":[{"count":1,"href":"https:\/\/stansgar.katolsk.no\/index.php?rest_route=\/wp\/v2\/posts\/11198\/revisions"}],"predecessor-version":[{"id":11199,"href":"https:\/\/stansgar.katolsk.no\/index.php?rest_route=\/wp\/v2\/posts\/11198\/revisions\/11199"}],"wp:attachment":[{"href":"https:\/\/stansgar.katolsk.no\/index.php?rest_route=%2Fwp%2Fv2%2Fmedia&parent=11198"}],"wp:term":[{"taxonomy":"category","embeddable":true,"href":"https:\/\/stansgar.katolsk.no\/index.php?rest_route=%2Fwp%2Fv2%2Fcategories&post=11198"},{"taxonomy":"post_tag","embeddable":true,"href":"https:\/\/stansgar.katolsk.no\/index.php?rest_route=%2Fwp%2Fv2%2Ftags&post=11198"}],"curies":[{"name":"wp","href":"https:\/\/api.w.org\/{rel}","templated":true}]}}