{"id":11150,"date":"2022-09-18T10:01:01","date_gmt":"2022-09-18T08:01:01","guid":{"rendered":"https:\/\/stansgar.katolsk.no\/?p=11150"},"modified":"2022-09-16T13:21:41","modified_gmt":"2022-09-16T11:21:41","slug":"kunngjoringer-sondag-18-september-2022","status":"publish","type":"post","link":"https:\/\/stansgar.katolsk.no\/?p=11150","title":{"rendered":"KUNNGJ\u00d8RINGER S\u00d8NDAG 18. SEPTEMBER 2022"},"content":{"rendered":"<p style=\"text-align: center;\"><strong>KUNNGJ\u00d8RINGER S\u00d8NDAG 18. SEPTEMBER 2022<\/strong><\/p>\n<table style=\"width: 522.5px;\">\n<tbody>\n<tr>\n<td style=\"width: 40px;\">Tirsdag<\/td>\n<td style=\"width: 25px;\">20.09.<\/td>\n<td style=\"width: 31.0469px;\" colspan=\"2\">&nbsp;<\/p>\n<p>kl.<\/p>\n<p>kl.<\/td>\n<td style=\"width: 21px;\">&nbsp;<\/p>\n<p>17.30<\/p>\n<p>18.00<\/td>\n<td style=\"width: 290.5px;\">Minnedag: Den hellige Kim Taegon og hans ledsagere<\/p>\n<p>Vesper<\/p>\n<p>Messe &#8211; etterfulgt av sakramentstilbedelse<\/td>\n<\/tr>\n<tr>\n<td style=\"width: 40px;\">Onsdag<\/td>\n<td style=\"width: 25px;\">21.09<\/td>\n<td style=\"width: 31.0469px;\" colspan=\"2\">&nbsp;<\/p>\n<p>kl.<\/td>\n<td style=\"width: 21px;\">&nbsp;<\/p>\n<p>18.00<\/td>\n<td style=\"width: 290.5px;\"><strong>Fest: Evangelisten Matteus<\/strong><\/p>\n<p>Messe<\/td>\n<\/tr>\n<tr>\n<td style=\"width: 40px;\">Torsdag<\/td>\n<td style=\"width: 25px;\">22.09.<\/td>\n<td style=\"width: 31.0469px;\" colspan=\"2\">kl.<\/p>\n<p>kl.<\/td>\n<td style=\"width: 21px;\">11.00<\/p>\n<p>18.00<\/td>\n<td style=\"width: 290.5px;\">Messe- etterfulgt av felles lunsj i Kiga<\/p>\n<p>Messe<\/td>\n<\/tr>\n<tr>\n<td style=\"width: 40px;\">Fredag<\/td>\n<td style=\"width: 25px;\">23.09.<\/td>\n<td style=\"width: 31.0469px;\" colspan=\"2\">kl.<\/td>\n<td style=\"width: 21px;\">18.00<\/td>\n<td style=\"width: 290.5px;\">Messe<\/td>\n<\/tr>\n<tr>\n<td style=\"width: 40px;\">L\u00f8rdag<\/p>\n<p>&nbsp;<\/p>\n<p>&nbsp;<\/p>\n<p>&nbsp;<\/p>\n<p>Andre steder:<\/td>\n<td style=\"width: 25px;\">24.09<\/td>\n<td style=\"width: 31.0469px;\" colspan=\"2\">kl.<\/p>\n<p>kl.<\/p>\n<p>kl.<\/p>\n<p>kl.<\/p>\n<p>&nbsp;<\/p>\n<p>kl.<\/p>\n<p>kl.<\/td>\n<td style=\"width: 21px;\">13.00<\/p>\n<p>14.00<\/p>\n<p>16.00<\/p>\n<p>18.00<\/p>\n<p>&nbsp;<\/p>\n<p>14.00<\/p>\n<p>17.00<\/td>\n<td style=\"width: 290.5px;\">Messe<\/p>\n<p>Messe p\u00e5 tagalog<\/p>\n<p>Messe p\u00e5 fransk<\/p>\n<p>Messe p\u00e5 polsk<\/p>\n<p>&nbsp;<\/p>\n<p>Messe i Lyngdal<\/p>\n<p>Messe i Flekkefjord<\/td>\n<\/tr>\n<tr>\n<td style=\"width: 40px;\">S\u00f8ndag<\/td>\n<td style=\"width: 26.0469px;\" colspan=\"2\">25.09.<\/td>\n<td style=\"width: 341.5px;\" colspan=\"3\">26. S\u00d8NDAG I DET ALMINNELIGE KIRKE\u00c5R<\/td>\n<\/tr>\n<tr>\n<td style=\"width: 40px;\">&nbsp;<\/td>\n<td style=\"width: 26.0469px;\" colspan=\"2\">&nbsp;<\/td>\n<td style=\"width: 30px;\">kl.<\/p>\n<p>kl.<\/p>\n<p>kl.<\/p>\n<p>kl.<\/td>\n<td style=\"width: 21px;\">09.00<\/p>\n<p>11.00<\/p>\n<p>13.00<\/p>\n<p>15.00<\/td>\n<td style=\"width: 290.5px;\">Messe p\u00e5 polsk<\/p>\n<p>H\u00f8ymesse<\/p>\n<p>Messe p\u00e5 vietnamesisk<\/p>\n<p>Messe p\u00e5 engelsk<\/td>\n<\/tr>\n<\/tbody>\n<\/table>\n<p><strong>Annet:<\/strong><\/p>\n<ul>\n<li><strong>Juniorklubbkveld fredag 23. september<br \/>\n<\/strong>Juniorklubben har aktivitetskveld i menighetssalen fredag 23. september kl. 18.30 &#8211; 20.45.<br \/>\nP\u00e5melding innen onsdag 21. september til Dung Phan p\u00e5 418 44 223.<\/li>\n<\/ul>\n<p>&nbsp;<\/p>\n<ul>\n<li><strong>Oppstart av nytt barnekor for barn fra 5 \u00e5r og oppover<br \/>\n<\/strong>Onsdag 28. september kl. 17.30 &#8211; 18.30 har det nye barnekoret \u00f8velse i ungdomskjelleren.<br \/>\nDet er \u00f8velse kl. 17.30 p\u00e5 onsdager i oddetalls uker. Barn fra fem \u00e5r og oppover er velkommen.<\/li>\n<\/ul>\n<p>&nbsp;<\/p>\n<ul>\n<li><strong>Saul <\/strong>skal startes opp igjen! Saul er en ungdomsklubb for ungdom fra 13 til 18 \u00e5r.<br \/>\nFredag 23.09 er det bowlingkveld! Det er mer informasjon om arrangementet p\u00e5 SAUL plakaten som er ved inngangspartiet.&nbsp;<\/li>\n<\/ul>\n<p>&nbsp;<\/p>\n<p style=\"text-align: center;\">&nbsp;<strong>&nbsp;&nbsp;&nbsp;&nbsp;&nbsp;&nbsp;&nbsp;&nbsp;&nbsp;&nbsp; Alle er hjertelig velkommen til kirkekaffe. \u00d8nsker dere riktig god s\u00f8ndag!<\/strong><\/p>\n","protected":false},"excerpt":{"rendered":"<p>KUNNGJ\u00d8RINGER S\u00d8NDAG 18. SEPTEMBER 2022 Tirsdag 20.09. &nbsp; kl. kl. &nbsp; 17.30 18.00 Minnedag: Den hellige Kim Taegon og hans ledsagere Vesper Messe &#8211; etterfulgt av sakramentstilbedelse Onsdag 21.09 &nbsp; kl. &nbsp; 18.00 Fest: Evangelisten Matteus Messe Torsdag 22.09. kl&#8230;.<br \/><a class=\"read-more-button\" href=\"https:\/\/stansgar.katolsk.no\/?p=11150\">Read more<\/a><\/p>\n","protected":false},"author":1,"featured_media":0,"comment_status":"open","ping_status":"open","sticky":false,"template":"","format":"standard","meta":{"footnotes":""},"categories":[482],"tags":[],"class_list":["post-11150","post","type-post","status-publish","format-standard","hentry","category-kunngjoringer"],"_links":{"self":[{"href":"https:\/\/stansgar.katolsk.no\/index.php?rest_route=\/wp\/v2\/posts\/11150","targetHints":{"allow":["GET"]}}],"collection":[{"href":"https:\/\/stansgar.katolsk.no\/index.php?rest_route=\/wp\/v2\/posts"}],"about":[{"href":"https:\/\/stansgar.katolsk.no\/index.php?rest_route=\/wp\/v2\/types\/post"}],"author":[{"embeddable":true,"href":"https:\/\/stansgar.katolsk.no\/index.php?rest_route=\/wp\/v2\/users\/1"}],"replies":[{"embeddable":true,"href":"https:\/\/stansgar.katolsk.no\/index.php?rest_route=%2Fwp%2Fv2%2Fcomments&post=11150"}],"version-history":[{"count":3,"href":"https:\/\/stansgar.katolsk.no\/index.php?rest_route=\/wp\/v2\/posts\/11150\/revisions"}],"predecessor-version":[{"id":11156,"href":"https:\/\/stansgar.katolsk.no\/index.php?rest_route=\/wp\/v2\/posts\/11150\/revisions\/11156"}],"wp:attachment":[{"href":"https:\/\/stansgar.katolsk.no\/index.php?rest_route=%2Fwp%2Fv2%2Fmedia&parent=11150"}],"wp:term":[{"taxonomy":"category","embeddable":true,"href":"https:\/\/stansgar.katolsk.no\/index.php?rest_route=%2Fwp%2Fv2%2Fcategories&post=11150"},{"taxonomy":"post_tag","embeddable":true,"href":"https:\/\/stansgar.katolsk.no\/index.php?rest_route=%2Fwp%2Fv2%2Ftags&post=11150"}],"curies":[{"name":"wp","href":"https:\/\/api.w.org\/{rel}","templated":true}]}}