{"id":11087,"date":"2022-09-11T10:01:55","date_gmt":"2022-09-11T08:01:55","guid":{"rendered":"https:\/\/stansgar.katolsk.no\/?p=11087"},"modified":"2022-09-08T13:19:09","modified_gmt":"2022-09-08T11:19:09","slug":"kunngjoringer-sondag-11-september-2022","status":"publish","type":"post","link":"https:\/\/stansgar.katolsk.no\/?p=11087","title":{"rendered":"KUNNGJ\u00d8RINGER S\u00d8NDAG 11. SEPTEMBER 2022"},"content":{"rendered":"<p style=\"text-align: center;\"><strong>KUNNGJ\u00d8RINGER S\u00d8NDAG 11. SEPTEMBER 2022<\/strong><\/p>\n<table style=\"width: 521.531px;\">\n<tbody>\n<tr>\n<td style=\"width: 32px;\">Tirsdag<\/td>\n<td style=\"width: 26px;\">13.09.<\/td>\n<td style=\"width: 60px;\" colspan=\"2\">&nbsp;<\/p>\n<p>kl.<\/p>\n<p>kl.<\/td>\n<td style=\"width: 13px;\">&nbsp;<\/p>\n<p>17.30<\/p>\n<p>18.00<\/td>\n<td style=\"width: 274.531px;\">Minnedag: Den hellige Johannes Krysostomos<\/p>\n<p>Vesper<\/p>\n<p>Messe &#8211; etterfulgt av sakramentstilbedelse<\/td>\n<\/tr>\n<tr>\n<td style=\"width: 32px;\">Onsdag<\/td>\n<td style=\"width: 26px;\">14.09<\/td>\n<td style=\"width: 60px;\" colspan=\"2\">&nbsp;<\/p>\n<p>kl.<\/td>\n<td style=\"width: 13px;\">&nbsp;<\/p>\n<p>18.00<\/td>\n<td style=\"width: 274.531px;\"><strong>Fest: Korsets opph\u00f8yelse<\/strong><\/p>\n<p>Messe<\/td>\n<\/tr>\n<tr>\n<td style=\"width: 32px;\">Torsdag<\/td>\n<td style=\"width: 26px;\">15.09.<\/td>\n<td style=\"width: 60px;\" colspan=\"2\">&nbsp;<\/p>\n<p>kl.<\/p>\n<p>kl.<\/td>\n<td style=\"width: 13px;\">&nbsp;<\/p>\n<p>11.00<\/p>\n<p>18.00<\/td>\n<td style=\"width: 274.531px;\">Minnedag: Jomfru Marias smerter<\/p>\n<p>Messe<\/p>\n<p>Messe<\/td>\n<\/tr>\n<tr>\n<td style=\"width: 32px;\">Fredag<\/td>\n<td style=\"width: 26px;\">16.09.<\/td>\n<td style=\"width: 60px;\" colspan=\"2\">&nbsp;<\/p>\n<p>kl.<\/td>\n<td style=\"width: 13px;\">&nbsp;<\/p>\n<p>18.00<\/td>\n<td style=\"width: 274.531px;\">Minnedag: De hellige Kornelius og Kyprian<\/p>\n<p>Messe<\/td>\n<\/tr>\n<tr>\n<td style=\"width: 32px;\">L\u00f8rdag<\/td>\n<td style=\"width: 26px;\">17.09<\/td>\n<td style=\"width: 60px;\" colspan=\"2\">kl.<\/p>\n<p>kl.<\/p>\n<p>kl.<\/td>\n<td style=\"width: 13px;\">13.00<\/p>\n<p>14.30<\/p>\n<p>18.00<\/td>\n<td style=\"width: 274.531px;\">Katekesemesse<\/p>\n<p>Messe p\u00e5 spansk<\/p>\n<p>Messe p\u00e5 polsk<\/td>\n<\/tr>\n<tr>\n<td style=\"width: 32px;\">S\u00f8ndag<\/td>\n<td style=\"width: 36px;\" colspan=\"2\">18.09.<\/td>\n<td style=\"width: 337.531px;\" colspan=\"3\">25. S\u00d8NDAG I DET ALMINNELIGE KIRKE\u00c5R<\/td>\n<\/tr>\n<tr>\n<td style=\"width: 32px;\">&nbsp;<\/td>\n<td style=\"width: 36px;\" colspan=\"2\">&nbsp;<\/td>\n<td style=\"width: 50px;\">kl.<\/p>\n<p>kl.<\/p>\n<p>kl.<\/td>\n<td style=\"width: 13px;\">09.00<\/p>\n<p>11.00<\/p>\n<p>13.00<\/td>\n<td style=\"width: 274.531px;\">Messe p\u00e5 polsk<\/p>\n<p>H\u00f8ymesse<\/p>\n<p>Messe p\u00e5 vietnamesisk<\/td>\n<\/tr>\n<\/tbody>\n<\/table>\n<p><strong>Annet:<\/strong><\/p>\n<p><strong>1) Katekese l\u00f8rdag 17. september:<\/strong><\/p>\n<p>Kl. 10.00 &#8211; 14.00 Katekese for barn og ungdommer p\u00e5 5., 8. og 9. trinn.<\/p>\n<p>Vi \u00f8nsker f\u00f8rste\u00e5rskonfirmanter velkommen til konfirmantkurs 17. september. Konfirmasjonsforberedelsen er to \u00e5r, fra 8. trinn. Ungdommer som g\u00e5r p\u00e5 9. og 10. trinn p\u00e5 grunnskolen eller p\u00e5 videreg\u00e5ende, m\u00e5 ogs\u00e5 begynne p\u00e5 konfirmantkurset for f\u00f8rste\u00e5rskonfirmanter.<\/p>\n<ol>\n<li><strong> oktober er siste frist<\/strong> for \u00e5 begynne p\u00e5 konfirmantkurset for f\u00f8rste\u00e5rskonfirmanter. Etter 1. oktober tar vi ikke imot nye konfirmantkandidater. Det betyr at ungdommen m\u00e5 vente til september 2023 for \u00e5 begynne p\u00e5 konfirmantkurset for f\u00f8rste\u00e5rskonfirmanter.<\/li>\n<\/ol>\n<p><strong>Vi \u00f8nsker barn og ungdommer velkommen til katekese\u00e5ret 2022\/2023.<\/strong><\/p>\n<p><strong>&nbsp;<\/strong><\/p>\n<p><strong>2) Norges Unge Katolikker bes\u00f8ker v\u00e5r menighet<\/strong><\/p>\n<p>S\u00f8ndag 18. september bes\u00f8ker Norges Unge Katolikkers (NUKs) nye leder og nye hovedstyre v\u00e5r menighet. De \u00f8nsker \u00e5 si noen ord om hva NUK er og gj\u00f8r etter s\u00f8ndagskunngj\u00f8ringene.<\/p>\n<p>Og p\u00e5 kirkekaffen kan dere treffe dem. De \u00f8nsker \u00e5 bli bedre kjent med menigheten og sl\u00e5 av en prat om ungdomsarbeid, eller hva en m\u00e5tte \u00f8nske. Alle ungdommene i v\u00e5r menighet er velkommen til \u00e5 m\u00f8te NUKs nye leder og nye hovedstyre.<\/p>\n<p><strong>3)<\/strong> Torsdag 15. september kl. 18.45 er det troskurs.<\/p>\n<p style=\"text-align: center;\">&nbsp;<strong>&nbsp;&nbsp;&nbsp;&nbsp;&nbsp;&nbsp;&nbsp;&nbsp;&nbsp;&nbsp; Alle er hjertelig velkommen til kirkekaffe. \u00d8nsker dere riktig god s\u00f8ndag!<\/strong><\/p>\n","protected":false},"excerpt":{"rendered":"<p>KUNNGJ\u00d8RINGER S\u00d8NDAG 11. SEPTEMBER 2022 Tirsdag 13.09. &nbsp; kl. kl. &nbsp; 17.30 18.00 Minnedag: Den hellige Johannes Krysostomos Vesper Messe &#8211; etterfulgt av sakramentstilbedelse Onsdag 14.09 &nbsp; kl. &nbsp; 18.00 Fest: Korsets opph\u00f8yelse Messe Torsdag 15.09. &nbsp; kl. kl. &nbsp;&#8230;<br \/><a class=\"read-more-button\" href=\"https:\/\/stansgar.katolsk.no\/?p=11087\">Read more<\/a><\/p>\n","protected":false},"author":1,"featured_media":0,"comment_status":"open","ping_status":"open","sticky":false,"template":"","format":"standard","meta":{"footnotes":""},"categories":[482],"tags":[],"class_list":["post-11087","post","type-post","status-publish","format-standard","hentry","category-kunngjoringer"],"_links":{"self":[{"href":"https:\/\/stansgar.katolsk.no\/index.php?rest_route=\/wp\/v2\/posts\/11087","targetHints":{"allow":["GET"]}}],"collection":[{"href":"https:\/\/stansgar.katolsk.no\/index.php?rest_route=\/wp\/v2\/posts"}],"about":[{"href":"https:\/\/stansgar.katolsk.no\/index.php?rest_route=\/wp\/v2\/types\/post"}],"author":[{"embeddable":true,"href":"https:\/\/stansgar.katolsk.no\/index.php?rest_route=\/wp\/v2\/users\/1"}],"replies":[{"embeddable":true,"href":"https:\/\/stansgar.katolsk.no\/index.php?rest_route=%2Fwp%2Fv2%2Fcomments&post=11087"}],"version-history":[{"count":2,"href":"https:\/\/stansgar.katolsk.no\/index.php?rest_route=\/wp\/v2\/posts\/11087\/revisions"}],"predecessor-version":[{"id":11102,"href":"https:\/\/stansgar.katolsk.no\/index.php?rest_route=\/wp\/v2\/posts\/11087\/revisions\/11102"}],"wp:attachment":[{"href":"https:\/\/stansgar.katolsk.no\/index.php?rest_route=%2Fwp%2Fv2%2Fmedia&parent=11087"}],"wp:term":[{"taxonomy":"category","embeddable":true,"href":"https:\/\/stansgar.katolsk.no\/index.php?rest_route=%2Fwp%2Fv2%2Fcategories&post=11087"},{"taxonomy":"post_tag","embeddable":true,"href":"https:\/\/stansgar.katolsk.no\/index.php?rest_route=%2Fwp%2Fv2%2Ftags&post=11087"}],"curies":[{"name":"wp","href":"https:\/\/api.w.org\/{rel}","templated":true}]}}