{"id":11017,"date":"2022-08-28T10:01:52","date_gmt":"2022-08-28T08:01:52","guid":{"rendered":"https:\/\/stansgar.katolsk.no\/?p=11017"},"modified":"2022-08-26T14:35:15","modified_gmt":"2022-08-26T12:35:15","slug":"kunngjoringer-sondag-28-august-2022","status":"publish","type":"post","link":"https:\/\/stansgar.katolsk.no\/?p=11017","title":{"rendered":"KUNNGJ\u00d8RINGER S\u00d8NDAG 28. AUGUST 2022"},"content":{"rendered":"<p style=\"text-align: center;\"><strong>KUNNGJ\u00d8RINGER S\u00d8NDAG 28. AUGUST 2022&nbsp;<\/strong><\/p>\n<table style=\"width: 542px;\">\n<tbody>\n<tr style=\"height: 78px;\">\n<td style=\"width: 42px; height: 78px;\">Tirsdag<\/td>\n<td style=\"width: 19px; height: 78px;\">30.08.<\/td>\n<td style=\"width: 38px; height: 78px;\" colspan=\"2\">kl.<\/p>\n<p>kl.<\/td>\n<td style=\"width: 16.5px; height: 78px;\">17.30<\/p>\n<p>18.00<\/td>\n<td style=\"width: 318.5px; height: 78px;\">Vesper<\/p>\n<p>Messe &#8211; etterfulgt av sakramentstilbedelse<\/td>\n<\/tr>\n<tr style=\"height: 39px;\">\n<td style=\"width: 42px; height: 39px;\">Onsdag<\/td>\n<td style=\"width: 19px; height: 39px;\">31.08<\/td>\n<td style=\"width: 38px; height: 39px;\" colspan=\"2\">kl.<\/td>\n<td style=\"width: 16.5px; height: 39px;\">18.00<\/td>\n<td style=\"width: 318.5px; height: 39px;\">Messe<\/td>\n<\/tr>\n<tr style=\"height: 156px;\">\n<td style=\"width: 42px; height: 156px;\">Torsdag<\/td>\n<td style=\"width: 19px; height: 156px;\">01.09.<\/td>\n<td style=\"width: 38px; height: 156px;\" colspan=\"2\">kl.<\/p>\n<p>&nbsp;<\/p>\n<p>&nbsp;<\/p>\n<p>kl.<\/td>\n<td style=\"width: 16.5px; height: 156px;\">11.00<\/p>\n<p>&nbsp;<\/p>\n<p>&nbsp;<\/p>\n<p>18.00<\/td>\n<td style=\"width: 318.5px; height: 156px;\">Messe<\/p>\n<p>Etter messen er det stille tilbedelse fram til kl. 17.45.<\/p>\n<p>Vi ber spesielt for kall til ordenslivet og presteskapet.<\/p>\n<p>Messe<\/td>\n<\/tr>\n<tr style=\"height: 78px;\">\n<td style=\"width: 42px; height: 78px;\">Fredag<\/td>\n<td style=\"width: 19px; height: 78px;\">02.09.<\/td>\n<td style=\"width: 38px; height: 78px;\" colspan=\"2\">kl.<\/p>\n<p>kl.<\/td>\n<td style=\"width: 16.5px; height: 78px;\">17.00<\/p>\n<p>18.00<\/td>\n<td style=\"width: 318.5px; height: 78px;\">Sakramentstilbedelse \u2013 Skriftem\u00e5l under tilbedelsen<\/p>\n<p>Messe<\/td>\n<\/tr>\n<tr style=\"height: 78px;\">\n<td style=\"width: 42px; height: 78px;\">L\u00f8rdag<\/td>\n<td style=\"width: 19px; height: 78px;\">03.09<\/td>\n<td style=\"width: 38px; height: 78px;\" colspan=\"2\">kl.<\/p>\n<p>kl.<\/td>\n<td style=\"width: 16.5px; height: 78px;\">11.00<\/p>\n<p>18.00<\/td>\n<td style=\"width: 318.5px; height: 78px;\"><strong>Konfirmasjonsmesse i Lund kirke<\/strong><\/p>\n<p>Messe p\u00e5 polsk<\/td>\n<\/tr>\n<tr style=\"height: 39.5px;\">\n<td style=\"width: 42px; height: 39.5px;\">S\u00f8ndag<\/td>\n<td style=\"width: 31px; height: 39.5px;\" colspan=\"2\">04.09.<\/td>\n<td style=\"width: 361px; height: 39.5px;\" colspan=\"3\">23. S\u00d8NDAG I DET ALMINNELIGE KIRKE\u00c5R<\/td>\n<\/tr>\n<tr style=\"height: 156px;\">\n<td style=\"width: 42px; height: 156px;\">&nbsp;<\/td>\n<td style=\"width: 31px; height: 156px;\" colspan=\"2\">&nbsp;<\/td>\n<td style=\"width: 26px; height: 156px;\">kl.<\/p>\n<p>kl.<\/p>\n<p>kl.<\/p>\n<p>kl.<\/td>\n<td style=\"width: 16.5px; height: 156px;\">09.00<\/p>\n<p>11.00<\/p>\n<p>13.00<\/p>\n<p>15.00<\/td>\n<td style=\"width: 318.5px; height: 156px;\">Messe p\u00e5 polsk<\/p>\n<p>H\u00f8ymesse<\/p>\n<p>Messe p\u00e5 vietnamesisk<\/p>\n<p>Messe p\u00e5 kaldeisk<\/td>\n<\/tr>\n<\/tbody>\n<\/table>\n<p><strong>Annet:<\/strong><\/p>\n<p><strong>1) Konfirmasjonsmesse<\/strong><\/p>\n<p>L\u00f8rdag 3. september er det Konfirmasjonsmesse kl. 11.00 i Lund kirke for \u00e5 meddele konfirmasjonens sakrament til 30 konfirmanter. Alle er velkomne til messen. Be for v\u00e5re konfirmanter!<\/p>\n<p>&#8211; L\u00f8rdag 3. september, messe kl. 13.00 i St. Ansgar kirke er avlyst.<\/p>\n<p><strong>2) Forberedelse til konfirmasjonsdagen <\/strong><\/p>\n<p>Alle konfirmantkandidatene m\u00e5 komme til forberedelsen i <strong>St. Ansgar kirke<\/strong> <strong>onsdag 31. august<br \/>\nkl. 16.30. <\/strong>Mail med mer informasjon om forberedelsesdagen ble sendt til foreldrene i juni. Brevet ligger ogs\u00e5 p\u00e5 menighetens nettside.<\/p>\n<p><strong>3)<\/strong> <strong>Oppstart av katekese\u00e5ret 2022\/2023<\/strong><\/p>\n<p>Alle brevene om katekeseoppstart er lagt ut p\u00e5 menighetens nettside under fanen katekese.<\/p>\n<p>Brev om katekeseoppstart blir ogs\u00e5 sendt til foreldre til barn p\u00e5 2. trinn.<\/p>\n<p>I september er katekesen l\u00f8rdag 10. og l\u00f8rdag 17. september fordi det er konfirmasjon i menigheten l\u00f8rdag 3. september.<\/p>\n<p>Innmelding i katekesen er bare digital, vi ber foreldre om \u00e5 allerede n\u00e5 melde barn og ungdommer inn i katekesen. Innmeldingen finner dere p\u00e5 menighetens nettside under fanen KATEKESE og INNMELDING I KATEKESEN<\/p>\n<p><strong>4)<\/strong> Torsdag 1. september kl. 18.45 er det troskurs.<\/p>\n<p style=\"text-align: center;\"><strong>&nbsp;&nbsp;&nbsp;&nbsp;&nbsp;&nbsp;&nbsp;&nbsp;&nbsp;&nbsp; Alle er hjertelig velkommen til kirkekaffe. \u00d8nsker dere riktig god s\u00f8ndag!<\/strong><\/p>\n","protected":false},"excerpt":{"rendered":"<p>KUNNGJ\u00d8RINGER S\u00d8NDAG 28. AUGUST 2022&nbsp; Tirsdag 30.08. kl. kl. 17.30 18.00 Vesper Messe &#8211; etterfulgt av sakramentstilbedelse Onsdag 31.08 kl. 18.00 Messe Torsdag 01.09. kl. &nbsp; &nbsp; kl. 11.00 &nbsp; &nbsp; 18.00 Messe Etter messen er det stille tilbedelse fram&#8230;<br \/><a class=\"read-more-button\" href=\"https:\/\/stansgar.katolsk.no\/?p=11017\">Read more<\/a><\/p>\n","protected":false},"author":1,"featured_media":0,"comment_status":"open","ping_status":"open","sticky":false,"template":"","format":"standard","meta":{"footnotes":""},"categories":[482],"tags":[],"class_list":["post-11017","post","type-post","status-publish","format-standard","hentry","category-kunngjoringer"],"_links":{"self":[{"href":"https:\/\/stansgar.katolsk.no\/index.php?rest_route=\/wp\/v2\/posts\/11017","targetHints":{"allow":["GET"]}}],"collection":[{"href":"https:\/\/stansgar.katolsk.no\/index.php?rest_route=\/wp\/v2\/posts"}],"about":[{"href":"https:\/\/stansgar.katolsk.no\/index.php?rest_route=\/wp\/v2\/types\/post"}],"author":[{"embeddable":true,"href":"https:\/\/stansgar.katolsk.no\/index.php?rest_route=\/wp\/v2\/users\/1"}],"replies":[{"embeddable":true,"href":"https:\/\/stansgar.katolsk.no\/index.php?rest_route=%2Fwp%2Fv2%2Fcomments&post=11017"}],"version-history":[{"count":2,"href":"https:\/\/stansgar.katolsk.no\/index.php?rest_route=\/wp\/v2\/posts\/11017\/revisions"}],"predecessor-version":[{"id":11019,"href":"https:\/\/stansgar.katolsk.no\/index.php?rest_route=\/wp\/v2\/posts\/11017\/revisions\/11019"}],"wp:attachment":[{"href":"https:\/\/stansgar.katolsk.no\/index.php?rest_route=%2Fwp%2Fv2%2Fmedia&parent=11017"}],"wp:term":[{"taxonomy":"category","embeddable":true,"href":"https:\/\/stansgar.katolsk.no\/index.php?rest_route=%2Fwp%2Fv2%2Fcategories&post=11017"},{"taxonomy":"post_tag","embeddable":true,"href":"https:\/\/stansgar.katolsk.no\/index.php?rest_route=%2Fwp%2Fv2%2Ftags&post=11017"}],"curies":[{"name":"wp","href":"https:\/\/api.w.org\/{rel}","templated":true}]}}