{"id":1100,"date":"2012-03-02T18:29:00","date_gmt":"2012-03-02T17:29:00","guid":{"rendered":"http:\/\/stansgar.katolsk.no\/index.php\/2012\/03\/02\/nytt-fra-menighetsrade-4\/"},"modified":"2018-10-12T09:13:07","modified_gmt":"2018-10-12T07:13:07","slug":"nytt-fra-menighetsrade-4","status":"publish","type":"post","link":"https:\/\/stansgar.katolsk.no\/?p=1100","title":{"rendered":"Nytt fra menighetsr\u00e5det."},"content":{"rendered":"<p><\/p>\n<div class=\"MsoNormal\">\n<\/div>\n<div class=\"MsoNormal\">\n<\/div>\n<div class=\"MsoNormal\">*&nbsp;&nbsp; <b style=\"mso-bidi-font-weight: normal;\">Medlemstall <\/b>pr. 1.2 er p\u00e5 3152. <\/div>\n<div class=\"MsoListParagraphCxSpFirst\" style=\"margin-left: 21.0pt; mso-add-space: auto; mso-list: l0 level1 lfo1; text-indent: -18.0pt;\">\u00b7&nbsp;&nbsp;&nbsp;&nbsp; <b style=\"mso-bidi-font-weight: normal;\">Inntekter<\/b> fra kollekten, samt inntekter til Caritas fra kirkekaffen skal offentliggj\u00f8res via blogg og hengt opp p\u00e5 oppslagstavla..<\/div>\n<div class=\"MsoListParagraphCxSpMiddle\" style=\"margin-left: 21.0pt; mso-add-space: auto; mso-list: l0 level1 lfo1; text-indent: -18.0pt;\">\u00b7&nbsp;&nbsp;&nbsp;&nbsp; <b style=\"mso-bidi-font-weight: normal;\">SAUL:<\/b> det har v\u00e6rt \u00e5rsm\u00f8te og valg, ny leder er Jessica Nguyen. Det har v\u00e6rt lite oppm\u00f8te til n\u00e5 i \u00e5r, men SAUL h\u00e5per p\u00e5 bedre tider!<\/div>\n<div class=\"MsoListParagraphCxSpMiddle\" style=\"margin-left: 21.0pt; mso-add-space: auto; mso-list: l0 level1 lfo1; text-indent: -18.0pt;\">\u00b7&nbsp;&nbsp;&nbsp;&nbsp; <b style=\"mso-bidi-font-weight: normal;\">Stella Maris<\/b>: det er n\u00e5 startet opp katekese f\u00f8r s\u00f8ndagsmessene, ved Marie Storaker.<\/div>\n<div class=\"MsoListParagraphCxSpMiddle\" style=\"margin-left: 21.0pt; mso-add-space: auto;\">Stedet er n\u00e5 stengt for overnatting av brannvesenet, og arbeid med \u00e5 ordne opp i dette, bl.a. ved \u00e5 innstallere brannalarm direkte koplet til brannvesenet, p\u00e5g\u00e5r.<\/div>\n<div class=\"MsoListParagraphCxSpMiddle\" style=\"margin-left: 21.0pt; mso-add-space: auto; mso-list: l0 level1 lfo1; text-indent: -18.0pt;\">\u00b7&nbsp;&nbsp;&nbsp;&nbsp; <b style=\"mso-bidi-font-weight: normal;\">Byggesaken<\/b>: arbeidet er godt i gang i Kiga. Gulvet i 1.etg er st\u00f8pt og gjort klart for&nbsp;&nbsp; <\/div>\n<div class=\"MsoListParagraphCxSpMiddle\" style=\"margin-left: 21.0pt; mso-add-space: auto;\">r\u00f8rlegger og elektriske arbeider. Det ser ut til at tidsplanen holder, og at Kiga kan v\u00e6re ferdig i mai. Utbyggingen av kirken ventes p\u00e5begynt i midten av juni, etter 1.kommunion. Dersom alt g\u00e5r etter planen kan alt v\u00e6re ferdig i oktober.<\/div>\n<div class=\"MsoListParagraphCxSpMiddle\" style=\"margin-left: 21.0pt; mso-add-space: auto; mso-list: l0 level1 lfo1; text-indent: -18.0pt;\">\u00b7&nbsp;&nbsp;&nbsp;&nbsp; <b style=\"mso-bidi-font-weight: normal;\">Menighetsr\u00e5dsvalg<\/b> skal avholdes helgene 9\/10 og 16\/17 juni. Kandidater vil bli presentert i St.Ansgarnytt i begynnelsen av juni.<\/div>\n<div class=\"MsoListParagraphCxSpMiddle\" style=\"margin-left: 21.0pt; mso-add-space: auto; mso-list: l0 level1 lfo1; text-indent: -18.0pt;\">\u00b7&nbsp;&nbsp;&nbsp;&nbsp; <b style=\"mso-bidi-font-weight: normal;\">Internasjonal dag<\/b> m\u00e5 dessverre avlyses i \u00e5r, da bakg\u00e5rden og bygningene vil v\u00e6re en byggeplass i hele sommer.<\/div>\n<div class=\"MsoListParagraphCxSpLast\" style=\"margin-left: 21.0pt; mso-add-space: auto; mso-list: l0 level1 lfo1; text-indent: -18.0pt;\">\u00b7&nbsp;&nbsp;&nbsp;&nbsp; <b style=\"mso-bidi-font-weight: normal;\">V\u00e5rens m\u00f8teplan <\/b>for menighetsr\u00e5det: 27.3, 24.4, 30.5, 14.6.<\/div>\n","protected":false},"excerpt":{"rendered":"<p>*&nbsp;&nbsp; Medlemstall pr. 1.2 er p\u00e5 3152. \u00b7&nbsp;&nbsp;&nbsp;&nbsp; Inntekter fra kollekten, samt inntekter til Caritas fra kirkekaffen skal offentliggj\u00f8res via blogg og hengt opp p\u00e5 oppslagstavla.. \u00b7&nbsp;&nbsp;&nbsp;&nbsp; SAUL: det har v\u00e6rt \u00e5rsm\u00f8te og valg, ny leder er Jessica Nguyen. Det&#8230;<br \/><a class=\"read-more-button\" href=\"https:\/\/stansgar.katolsk.no\/?p=1100\">Read more<\/a><\/p>\n","protected":false},"author":3,"featured_media":0,"comment_status":"open","ping_status":"open","sticky":false,"template":"","format":"standard","meta":{"footnotes":""},"categories":[1],"tags":[24],"class_list":["post-1100","post","type-post","status-publish","format-standard","hentry","category-ukategorisert","tag-menighetsrad"],"_links":{"self":[{"href":"https:\/\/stansgar.katolsk.no\/index.php?rest_route=\/wp\/v2\/posts\/1100","targetHints":{"allow":["GET"]}}],"collection":[{"href":"https:\/\/stansgar.katolsk.no\/index.php?rest_route=\/wp\/v2\/posts"}],"about":[{"href":"https:\/\/stansgar.katolsk.no\/index.php?rest_route=\/wp\/v2\/types\/post"}],"author":[{"embeddable":true,"href":"https:\/\/stansgar.katolsk.no\/index.php?rest_route=\/wp\/v2\/users\/3"}],"replies":[{"embeddable":true,"href":"https:\/\/stansgar.katolsk.no\/index.php?rest_route=%2Fwp%2Fv2%2Fcomments&post=1100"}],"version-history":[{"count":1,"href":"https:\/\/stansgar.katolsk.no\/index.php?rest_route=\/wp\/v2\/posts\/1100\/revisions"}],"predecessor-version":[{"id":3259,"href":"https:\/\/stansgar.katolsk.no\/index.php?rest_route=\/wp\/v2\/posts\/1100\/revisions\/3259"}],"wp:attachment":[{"href":"https:\/\/stansgar.katolsk.no\/index.php?rest_route=%2Fwp%2Fv2%2Fmedia&parent=1100"}],"wp:term":[{"taxonomy":"category","embeddable":true,"href":"https:\/\/stansgar.katolsk.no\/index.php?rest_route=%2Fwp%2Fv2%2Fcategories&post=1100"},{"taxonomy":"post_tag","embeddable":true,"href":"https:\/\/stansgar.katolsk.no\/index.php?rest_route=%2Fwp%2Fv2%2Ftags&post=1100"}],"curies":[{"name":"wp","href":"https:\/\/api.w.org\/{rel}","templated":true}]}}