{"id":1089,"date":"2012-03-19T19:48:00","date_gmt":"2012-03-19T18:48:00","guid":{"rendered":"http:\/\/stansgar.katolsk.no\/index.php\/2012\/03\/19\/er-det-plass-for-katolske-skoler-i\/"},"modified":"2018-10-12T09:13:07","modified_gmt":"2018-10-12T07:13:07","slug":"er-det-plass-for-katolske-skoler-i","status":"publish","type":"post","link":"https:\/\/stansgar.katolsk.no\/?p=1089","title":{"rendered":"Er det plass for katolske skoler i dagens Norge?"},"content":{"rendered":"<div class=\"separator\" style=\"clear: both; text-align: center;\"><a href=\"http:\/\/www.katolsk.no\/biografier\/innenriks\/ghoegh\/foto1.jpg\" imageanchor=\"1\" style=\"clear: right; float: right; margin-bottom: 1em; margin-left: 1em;\"><img loading=\"lazy\" decoding=\"async\" border=\"0\" height=\"320\" src=\"http:\/\/www.katolsk.no\/biografier\/innenriks\/ghoegh\/foto1.jpg\" width=\"213\" \/><\/a><\/div>\n<p><b><br \/>\n<\/b><br \/>\n<b><br \/>\n<\/b><br \/>\n<b>Onsdag 21. mars kl. 19 er alle velkommen til Katolsk forum<\/b>.&nbsp;<br \/>\nGjermund H\u00f8gh er tidligere rektor for <a href=\"http:\/\/www.stpaul.no\/index.html\" target=\"_blank\">St.Paul skole<\/a>&nbsp;i Bergen, n\u00e5 Skoler\u00e5d i &nbsp;<a href=\"http:\/\/www.katolsk.no\/organisasjon\/okb\" target=\"_blank\">Oslo katolske bisped\u00f8mme<\/a>. Han holder foredrag om de katolske skolene:&nbsp;<b>&laquo;Er det plass for katolske skoler i dagens Norge ?&raquo;<\/b>&nbsp;<br \/>\n<b>Det er anledning til sp\u00f8rsm\u00e5l og samtale etter foredraget.<\/b><br \/>\n<b>&nbsp;&#8211; Alle er velkommen!<\/b>&nbsp;<b>I Bergen \u00e5pner et katolsk gymnas i 2012. Er det mulig \u00e5 starte og drive privatskoler i et land med et av verdens mest offentlig styrte utdanningssystem?&nbsp;<\/b><br \/>\nKanskje vi kan v\u00e5ge \u00e5 sp\u00f8rre, hva med Kristiansand? En katolsk skole her?<b><br \/>\n<\/b><\/p>\n","protected":false},"excerpt":{"rendered":"<p>Onsdag 21. mars kl. 19 er alle velkommen til Katolsk forum.&nbsp; Gjermund H\u00f8gh er tidligere rektor for St.Paul skole&nbsp;i Bergen, n\u00e5 Skoler\u00e5d i &nbsp;Oslo katolske bisped\u00f8mme. Han holder foredrag om de katolske skolene:&nbsp;&laquo;Er det plass for katolske skoler i dagens&#8230;<br \/><a class=\"read-more-button\" href=\"https:\/\/stansgar.katolsk.no\/?p=1089\">Read more<\/a><\/p>\n","protected":false},"author":3,"featured_media":3241,"comment_status":"open","ping_status":"open","sticky":false,"template":"","format":"standard","meta":{"footnotes":""},"categories":[1],"tags":[175,176],"class_list":["post-1089","post","type-post","status-publish","format-standard","has-post-thumbnail","hentry","category-ukategorisert","tag-katolsk-forum","tag-katolske-skoler"],"_links":{"self":[{"href":"https:\/\/stansgar.katolsk.no\/index.php?rest_route=\/wp\/v2\/posts\/1089","targetHints":{"allow":["GET"]}}],"collection":[{"href":"https:\/\/stansgar.katolsk.no\/index.php?rest_route=\/wp\/v2\/posts"}],"about":[{"href":"https:\/\/stansgar.katolsk.no\/index.php?rest_route=\/wp\/v2\/types\/post"}],"author":[{"embeddable":true,"href":"https:\/\/stansgar.katolsk.no\/index.php?rest_route=\/wp\/v2\/users\/3"}],"replies":[{"embeddable":true,"href":"https:\/\/stansgar.katolsk.no\/index.php?rest_route=%2Fwp%2Fv2%2Fcomments&post=1089"}],"version-history":[{"count":1,"href":"https:\/\/stansgar.katolsk.no\/index.php?rest_route=\/wp\/v2\/posts\/1089\/revisions"}],"predecessor-version":[{"id":3240,"href":"https:\/\/stansgar.katolsk.no\/index.php?rest_route=\/wp\/v2\/posts\/1089\/revisions\/3240"}],"wp:featuredmedia":[{"embeddable":true,"href":"https:\/\/stansgar.katolsk.no\/index.php?rest_route=\/wp\/v2\/media\/3241"}],"wp:attachment":[{"href":"https:\/\/stansgar.katolsk.no\/index.php?rest_route=%2Fwp%2Fv2%2Fmedia&parent=1089"}],"wp:term":[{"taxonomy":"category","embeddable":true,"href":"https:\/\/stansgar.katolsk.no\/index.php?rest_route=%2Fwp%2Fv2%2Fcategories&post=1089"},{"taxonomy":"post_tag","embeddable":true,"href":"https:\/\/stansgar.katolsk.no\/index.php?rest_route=%2Fwp%2Fv2%2Ftags&post=1089"}],"curies":[{"name":"wp","href":"https:\/\/api.w.org\/{rel}","templated":true}]}}