{"id":10873,"date":"2022-08-21T10:01:11","date_gmt":"2022-08-21T08:01:11","guid":{"rendered":"https:\/\/stansgar.katolsk.no\/?p=10873"},"modified":"2022-08-19T10:43:51","modified_gmt":"2022-08-19T08:43:51","slug":"kunngjoringer-sondag-21-august-2022","status":"publish","type":"post","link":"https:\/\/stansgar.katolsk.no\/?p=10873","title":{"rendered":"KUNNGJ\u00d8RINGER S\u00d8NDAG 21. AUGUST 2022"},"content":{"rendered":"<table style=\"width: 452.5px;\">\n<tbody>\n<tr>\n<td style=\"width: 40px;\">Tirsdag<\/td>\n<td style=\"width: 42px;\">23.08.<\/td>\n<td style=\"width: 18.2031px;\" colspan=\"2\">kl.<\/p>\n<p>kl.<\/td>\n<td style=\"width: 26px;\">17.30<\/p>\n<p>18.00<\/td>\n<td style=\"width: 224.5px;\">Vesper<\/p>\n<p>Messe &#8211; etterfulgt av sakramentstilbedelse<\/td>\n<\/tr>\n<tr>\n<td style=\"width: 40px;\" rowspan=\"2\">Onsdag<\/td>\n<td style=\"width: 42px;\" rowspan=\"2\">24.08<\/td>\n<td style=\"width: 268.703px;\" colspan=\"4\">Fest: Den hellige Bartolomeus \u2013 Apostel<\/td>\n<\/tr>\n<tr>\n<td style=\"width: 18.2031px;\" colspan=\"2\">kl.<\/td>\n<td style=\"width: 26px;\">18.00<\/td>\n<td style=\"width: 224.5px;\">Messe<\/td>\n<\/tr>\n<tr>\n<td style=\"width: 40px;\">Torsdag<\/td>\n<td style=\"width: 42px;\">25.08<\/td>\n<td style=\"width: 18.2031px;\" colspan=\"2\">kl.<\/td>\n<td style=\"width: 26px;\">18.00<\/td>\n<td style=\"width: 224.5px;\">Messe<\/td>\n<\/tr>\n<tr>\n<td style=\"width: 40px;\">Fredag<\/td>\n<td style=\"width: 42px;\">26.08<\/td>\n<td style=\"width: 18.2031px;\" colspan=\"2\">kl.<\/td>\n<td style=\"width: 26px;\">18.00<\/td>\n<td style=\"width: 224.5px;\">Messe<\/td>\n<\/tr>\n<tr>\n<td style=\"width: 40px;\" rowspan=\"2\">L\u00f8rdag<\/td>\n<td style=\"width: 42px;\" rowspan=\"2\">27.08.<\/td>\n<td style=\"width: 268.703px;\" colspan=\"4\">Minnedag: Den hellige Monika<\/td>\n<\/tr>\n<tr>\n<td style=\"width: 18.2031px;\" colspan=\"2\">kl.<\/p>\n<p>kl.<\/p>\n<p>kl.<\/td>\n<td style=\"width: 26px;\">13.00<\/p>\n<p>14.00<\/p>\n<p>18.00<\/td>\n<td style=\"width: 224.5px;\">Messe<\/p>\n<p>Messe p\u00e5 tagalog<\/p>\n<p>Messe p\u00e5 polsk<\/td>\n<\/tr>\n<tr>\n<td style=\"width: 40px;\">S\u00f8ndag<\/td>\n<td style=\"width: 50.2031px;\" colspan=\"2\">28.08.<\/td>\n<td style=\"width: 260.5px;\" colspan=\"3\">22. S\u00d8NDAG I DET ALMINNELIGE KIRKE\u00c5R<\/td>\n<\/tr>\n<tr>\n<td style=\"width: 40px;\">&nbsp;<\/td>\n<td style=\"width: 50.2031px;\" colspan=\"2\">&nbsp;<\/td>\n<td style=\"width: 10px;\">kl.<\/p>\n<p>kl.<\/p>\n<p>kl.<\/p>\n<p>kl.<\/td>\n<td style=\"width: 26px;\">09.00<\/p>\n<p>11.00<\/p>\n<p>13.00<\/p>\n<p>15.00<\/td>\n<td style=\"width: 224.5px;\">Messe p\u00e5 polsk<\/p>\n<p>H\u00f8ymesse<\/p>\n<p>Messe p\u00e5 vietnamesisk<\/p>\n<p>Messe p\u00e5 engelsk<\/td>\n<\/tr>\n<\/tbody>\n<\/table>\n<p><strong>Annet:<\/strong><\/p>\n<p><strong>1) Forberedelse til konfirmasjonsdagen <\/strong><\/p>\n<p>Alle konfirmantkandidatene m\u00e5 komme til forberedelsen i <strong>St. Ansgar kirke<\/strong> <strong>onsdag 31. august<br \/>\nkl. 16.30. <\/strong>Mail med mer informasjon om forberedelsesdagen ble sendt til foreldrene i juni. Brevet ligger ogs\u00e5 p\u00e5 menighetens nettside.<\/p>\n<p><strong>&nbsp;<\/strong><strong>2)<\/strong> <strong>Oppstart av katekese\u00e5ret 2022\/2023<\/strong><\/p>\n<p>Det er sendt ut e-post om katekeseoppstart til foreldre til barn og ungdommer som gikk i katekesen sist katekese\u00e5r. Brev er ogs\u00e5 sendt med posten til foreldre til barn og ungdommer p\u00e5 1., 3. og 8. trinn. Brevene om katekeseoppstart er ogs\u00e5 lagt ut p\u00e5 menighetens nettside under fanen katekese.<\/p>\n<p>Ogs\u00e5 i \u00e5r er katekesen delt i to l\u00f8rdager, de to f\u00f8rste l\u00f8rdagene i m\u00e5neden og tredje fredag i m\u00e5neden for F\u00f8rste Hellige Kommunionsklassen, 3. trinn. Men i september er katekesen l\u00f8rdag<br \/>\n10. og l\u00f8rdag 17. september fordi det er konfirmasjon i menigheten l\u00f8rdag 3. september.<\/p>\n<p>Innmelding i katekesen er bare digital og kan gj\u00f8res allerede n\u00e5.<\/p>\n<p><strong>3) Kateketm\u00f8te og workshop<\/strong><\/p>\n<p>Det er m\u00f8te og workshop for kateketer og hjelpekateketer l\u00f8rdag 27. august kl. 09.30 \u2013 12.45. P\u00e5melding innen 22.08. til Mona.<\/p>\n<p style=\"text-align: left;\"><strong>4)<\/strong> Fredag 26. august kl. 18.00 feirer p. Boie messe p\u00e5 Stella Maris. &nbsp;<\/p>\n<p style=\"text-align: center;\">\n<strong>&nbsp;&nbsp;&nbsp;&nbsp;&nbsp;&nbsp;&nbsp;&nbsp;&nbsp;&nbsp; Alle er hjertelig velkommen til kirkekaffe. \u00d8nsker dere riktig god s\u00f8ndag!<\/strong><\/p>\n","protected":false},"excerpt":{"rendered":"<p>Tirsdag 23.08. kl. kl. 17.30 18.00 Vesper Messe &#8211; etterfulgt av sakramentstilbedelse Onsdag 24.08 Fest: Den hellige Bartolomeus \u2013 Apostel kl. 18.00 Messe Torsdag 25.08 kl. 18.00 Messe Fredag 26.08 kl. 18.00 Messe L\u00f8rdag 27.08. Minnedag: Den hellige Monika kl&#8230;.<br \/><a class=\"read-more-button\" href=\"https:\/\/stansgar.katolsk.no\/?p=10873\">Read more<\/a><\/p>\n","protected":false},"author":1,"featured_media":0,"comment_status":"open","ping_status":"open","sticky":false,"template":"","format":"standard","meta":{"footnotes":""},"categories":[482],"tags":[],"class_list":["post-10873","post","type-post","status-publish","format-standard","hentry","category-kunngjoringer"],"_links":{"self":[{"href":"https:\/\/stansgar.katolsk.no\/index.php?rest_route=\/wp\/v2\/posts\/10873","targetHints":{"allow":["GET"]}}],"collection":[{"href":"https:\/\/stansgar.katolsk.no\/index.php?rest_route=\/wp\/v2\/posts"}],"about":[{"href":"https:\/\/stansgar.katolsk.no\/index.php?rest_route=\/wp\/v2\/types\/post"}],"author":[{"embeddable":true,"href":"https:\/\/stansgar.katolsk.no\/index.php?rest_route=\/wp\/v2\/users\/1"}],"replies":[{"embeddable":true,"href":"https:\/\/stansgar.katolsk.no\/index.php?rest_route=%2Fwp%2Fv2%2Fcomments&post=10873"}],"version-history":[{"count":1,"href":"https:\/\/stansgar.katolsk.no\/index.php?rest_route=\/wp\/v2\/posts\/10873\/revisions"}],"predecessor-version":[{"id":10874,"href":"https:\/\/stansgar.katolsk.no\/index.php?rest_route=\/wp\/v2\/posts\/10873\/revisions\/10874"}],"wp:attachment":[{"href":"https:\/\/stansgar.katolsk.no\/index.php?rest_route=%2Fwp%2Fv2%2Fmedia&parent=10873"}],"wp:term":[{"taxonomy":"category","embeddable":true,"href":"https:\/\/stansgar.katolsk.no\/index.php?rest_route=%2Fwp%2Fv2%2Fcategories&post=10873"},{"taxonomy":"post_tag","embeddable":true,"href":"https:\/\/stansgar.katolsk.no\/index.php?rest_route=%2Fwp%2Fv2%2Ftags&post=10873"}],"curies":[{"name":"wp","href":"https:\/\/api.w.org\/{rel}","templated":true}]}}