{"id":10821,"date":"2022-08-14T10:01:57","date_gmt":"2022-08-14T08:01:57","guid":{"rendered":"https:\/\/stansgar.katolsk.no\/?p=10821"},"modified":"2022-08-12T14:09:13","modified_gmt":"2022-08-12T12:09:13","slug":"kunngjoringer-sondag-14-august-2022","status":"publish","type":"post","link":"https:\/\/stansgar.katolsk.no\/?p=10821","title":{"rendered":"KUNNGJ\u00d8RINGER S\u00d8NDAG 14. AUGUST 2022"},"content":{"rendered":"<table style=\"width: 401px;\">\n<tbody>\n<tr>\n<td style=\"width: 30px;\" rowspan=\"2\">Mandag<\/td>\n<td style=\"width: 50px;\" rowspan=\"2\">15.08<\/td>\n<td style=\"width: 219.516px;\" colspan=\"4\"><em>H\u00f8ytid: JOMFRU MARIAS OPPTAGELSE I HIMMELEN<\/em><\/td>\n<\/tr>\n<tr>\n<td style=\"width: 49.5156px;\" colspan=\"2\">kl.<\/td>\n<td style=\"width: 40px;\">18.00<\/td>\n<td style=\"width: 130px;\">H\u00f8ymesse<\/td>\n<\/tr>\n<tr>\n<td style=\"width: 30px;\">Tirsdag<\/td>\n<td style=\"width: 50px;\">16.08.<\/td>\n<td style=\"width: 49.5156px;\" colspan=\"2\">kl.<\/p>\n<p>kl.<\/td>\n<td style=\"width: 40px;\">17.30<\/p>\n<p>18..00<\/td>\n<td style=\"width: 130px;\">Vesper<\/p>\n<p>Messe &#8211; etterfulgt av sakramentstilbedelse<\/td>\n<\/tr>\n<tr>\n<td style=\"width: 30px;\">Onsdag<\/td>\n<td style=\"width: 50px;\">17.08<\/td>\n<td style=\"width: 49.5156px;\" colspan=\"2\">kl.<\/td>\n<td style=\"width: 40px;\">18.00<\/td>\n<td style=\"width: 130px;\">Messe<\/td>\n<\/tr>\n<tr>\n<td style=\"width: 30px;\">Torsdag<\/td>\n<td style=\"width: 50px;\">18.08<\/td>\n<td style=\"width: 49.5156px;\" colspan=\"2\">kl.<\/td>\n<td style=\"width: 40px;\">18.00<\/td>\n<td style=\"width: 130px;\">Messe<\/td>\n<\/tr>\n<tr>\n<td style=\"width: 30px;\" rowspan=\"2\">Fredag<\/td>\n<td style=\"width: 50px;\" rowspan=\"2\">19.08.<\/td>\n<td style=\"width: 219.516px;\" colspan=\"4\"><em>Minnedag: Den hellige Johannes Eudes<\/em><\/td>\n<\/tr>\n<tr>\n<td style=\"width: 49.5156px;\" colspan=\"2\">kl.<\/td>\n<td style=\"width: 40px;\">18.00<\/td>\n<td style=\"width: 130px;\">Messe<\/td>\n<\/tr>\n<tr>\n<td style=\"width: 30px;\" rowspan=\"2\">L\u00f8rdag<\/td>\n<td style=\"width: 50px;\" rowspan=\"2\">20.08.<\/td>\n<td style=\"width: 219.516px;\" colspan=\"4\"><em>Minnedag: Den hellige Bernhard av Clairvaux<\/em><\/td>\n<\/tr>\n<tr>\n<td style=\"width: 49.5156px;\" colspan=\"2\">kl.<\/p>\n<p>kl.<\/p>\n<p>kl.<\/td>\n<td style=\"width: 40px;\">13,00<\/p>\n<p>14.00<\/p>\n<p>18.00<\/td>\n<td style=\"width: 130px;\">Messe<\/p>\n<p>Messe p\u00e5 spansk<\/p>\n<p>Messe p\u00e5 polsk<\/td>\n<\/tr>\n<tr>\n<td style=\"width: 30px;\">S\u00f8ndag<\/td>\n<td style=\"width: 89.5156px;\" colspan=\"2\">21.08.<\/td>\n<td style=\"width: 180px;\" colspan=\"3\"><em>21. S\u00d8NDAG I DET ALMINNELIGE KIRKE\u00c5R<\/em><\/td>\n<\/tr>\n<tr>\n<td style=\"width: 30px;\">&nbsp;<\/td>\n<td style=\"width: 89.5156px;\" colspan=\"2\">&nbsp;<\/td>\n<td style=\"width: 10px;\">kl.<\/p>\n<p>kl.<\/p>\n<p>kl.<\/td>\n<td style=\"width: 40px;\">09.00<\/p>\n<p>11.00<\/p>\n<p>13.00<\/td>\n<td style=\"width: 130px;\">Messe p\u00e5 polsk<\/p>\n<p>H\u00f8ymesse<\/p>\n<p>Messe p\u00e5 vietnamesisk<\/td>\n<\/tr>\n<\/tbody>\n<\/table>\n<p><strong>Annet:<\/strong><\/p>\n<p><strong>1) <\/strong><strong>Forberedelse til konfirmasjonsdagen<\/strong><\/p>\n<p>Alle konfirmantkandidatene m\u00e5 komme til forberedelsen i <strong>St. Ansgar kirke<\/strong> <strong>onsdag 31. august<br \/>\nkl. 16.30. &nbsp;<\/strong><\/p>\n<p>Mail med mer informasjon om forberedelsesdagen ble sendt til foreldrene i juni. Brevet ligger ogs\u00e5 p\u00e5 menighetens nettside: <a href=\"https:\/\/stansgar.katolsk.no\/?p=10812\">https:\/\/stansgar.katolsk.no\/?p=10812<\/a> .<\/p>\n<p><strong>2)<\/strong> <strong>Oppstart av katekese\u00e5ret 2022\/2023<\/strong><\/p>\n<p>Det er sendt ut e-post om katekeseoppstart til foreldre til barn og ungdommer som gikk i katekesen sist katekese\u00e5r. Brev er ogs\u00e5 sendt med posten til foreldre til barn og ungdommer p\u00e5 1., 3. og 8. trinn. Brevene om katekeseoppstart er ogs\u00e5 lagt ut p\u00e5 menighetens nettside under fanen katekese: <a href=\"https:\/\/stansgar.katolsk.no\/?page_id=10401\">https:\/\/stansgar.katolsk.no\/?page_id=10401<\/a> .<\/p>\n<p>Ogs\u00e5 i \u00e5r er katekesen delt i to l\u00f8rdager, de to f\u00f8rste l\u00f8rdagene i m\u00e5neden og tredje fredag i m\u00e5neden for F\u00f8rste Hellige Kommunionsklassen, 3. trinn. Men i september er katekesen l\u00f8rdag 10. og l\u00f8rdag 17. september fordi det er konfirmasjon i menigheten l\u00f8rdag 3. september.<\/p>\n<p>Innmelding i katekesen er bare digitalt og kan gj\u00f8res allerede n\u00e5 her: <a href=\"https:\/\/stansgar.katolsk.no\/?page_id=1372\">https:\/\/stansgar.katolsk.no\/?page_id=1372<\/a> .<\/p>\n<p>&nbsp;<\/p>\n<p><strong>3) Kateketm\u00f8te og workshop<\/strong><\/p>\n<p>Det er m\u00f8te og workshop for kateketer og hjelpekateketer l\u00f8rdag 27. august kl. 09.30 \u2013 12.45.<\/p>\n<p><strong>&nbsp; &nbsp; &nbsp; &nbsp; &nbsp; &nbsp; &nbsp; &nbsp;&nbsp;<\/strong><\/p>\n<p style=\"text-align: center;\"><strong>&nbsp;<\/strong><strong>Alle er hjertelig velkommen til kirkekaffe. \u00d8nsker dere riktig god s\u00f8ndag!<\/strong><\/p>\n<p>&nbsp;<\/p>\n","protected":false},"excerpt":{"rendered":"<p>Mandag 15.08 H\u00f8ytid: JOMFRU MARIAS OPPTAGELSE I HIMMELEN kl. 18.00 H\u00f8ymesse Tirsdag 16.08. kl. kl. 17.30 18..00 Vesper Messe &#8211; etterfulgt av sakramentstilbedelse Onsdag 17.08 kl. 18.00 Messe Torsdag 18.08 kl. 18.00 Messe Fredag 19.08. Minnedag: Den hellige Johannes Eudes&#8230;<br \/><a class=\"read-more-button\" href=\"https:\/\/stansgar.katolsk.no\/?p=10821\">Read more<\/a><\/p>\n","protected":false},"author":1,"featured_media":0,"comment_status":"open","ping_status":"open","sticky":false,"template":"","format":"standard","meta":{"footnotes":""},"categories":[482],"tags":[],"class_list":["post-10821","post","type-post","status-publish","format-standard","hentry","category-kunngjoringer"],"_links":{"self":[{"href":"https:\/\/stansgar.katolsk.no\/index.php?rest_route=\/wp\/v2\/posts\/10821","targetHints":{"allow":["GET"]}}],"collection":[{"href":"https:\/\/stansgar.katolsk.no\/index.php?rest_route=\/wp\/v2\/posts"}],"about":[{"href":"https:\/\/stansgar.katolsk.no\/index.php?rest_route=\/wp\/v2\/types\/post"}],"author":[{"embeddable":true,"href":"https:\/\/stansgar.katolsk.no\/index.php?rest_route=\/wp\/v2\/users\/1"}],"replies":[{"embeddable":true,"href":"https:\/\/stansgar.katolsk.no\/index.php?rest_route=%2Fwp%2Fv2%2Fcomments&post=10821"}],"version-history":[{"count":2,"href":"https:\/\/stansgar.katolsk.no\/index.php?rest_route=\/wp\/v2\/posts\/10821\/revisions"}],"predecessor-version":[{"id":10824,"href":"https:\/\/stansgar.katolsk.no\/index.php?rest_route=\/wp\/v2\/posts\/10821\/revisions\/10824"}],"wp:attachment":[{"href":"https:\/\/stansgar.katolsk.no\/index.php?rest_route=%2Fwp%2Fv2%2Fmedia&parent=10821"}],"wp:term":[{"taxonomy":"category","embeddable":true,"href":"https:\/\/stansgar.katolsk.no\/index.php?rest_route=%2Fwp%2Fv2%2Fcategories&post=10821"},{"taxonomy":"post_tag","embeddable":true,"href":"https:\/\/stansgar.katolsk.no\/index.php?rest_route=%2Fwp%2Fv2%2Ftags&post=10821"}],"curies":[{"name":"wp","href":"https:\/\/api.w.org\/{rel}","templated":true}]}}