{"id":10812,"date":"2022-08-12T10:31:16","date_gmt":"2022-08-12T08:31:16","guid":{"rendered":"https:\/\/stansgar.katolsk.no\/?p=10812"},"modified":"2022-08-12T10:31:18","modified_gmt":"2022-08-12T08:31:18","slug":"forberedelse-til-konfirmasjon-den-3-september-2022","status":"publish","type":"post","link":"https:\/\/stansgar.katolsk.no\/?p=10812","title":{"rendered":"Forberedelse til konfirmasjon den 3. september 2022"},"content":{"rendered":"\n<p>Har kan du laste ned brevet:<\/p>\n\n\n\n<div class=\"wp-block-file\"><a href=\"https:\/\/stansgar.katolsk.no\/wp-content\/uploads\/2022\/08\/Forberedelse_Konfirmasjon-2022.pdf\">Forberedelse_Konfirmasjon-2022<\/a><a href=\"https:\/\/stansgar.katolsk.no\/wp-content\/uploads\/2022\/08\/Forberedelse_Konfirmasjon-2022.pdf\" class=\"wp-block-file__button\" download>Last ned<\/a><\/div>\n\n\n\n<hr class=\"wp-block-separator\"\/>\n\n\n\n<p>Kj\u00e6re konfirmant! \u00a0\u00a0\u00a0\u00a0\u00a0\u00a0\u00a0\u00a0\u00a0\u00a0\u00a0\u00a0\u00a0\u00a0\u00a0\u00a0\u00a0\u00a0\u00a0\u00a0\u00a0\u00a0\u00a0\u00a0\u00a0\u00a0\u00a0\u00a0\u00a0\u00a0\u00a0\u00a0\u00a0\u00a0\u00a0\u00a0\u00a0\u00a0\u00a0\u00a0\u00a0\u00a0\u00a0\u00a0\u00a0\u00a0\u00a0\u00a0\u00a0\u00a0\u00a0\u00a0\u00a0\u00a0\u00a0\u00a0\u00a0\u00a0\u00a0\u00a0\u00a0\u00a0\u00a0\u00a0\u00a0\u00a0\u00a0\u00a0\u00a0\u00a0\u00a0\u00a0\u00a0 \u00a0\u00a0\u00a0\u00a0\u00a0\u00a0\u00a0\u00a0\u00a0\u00a0\u00a0\u00a0\u00a0\u00a0\u00a0\u00a0Kristiansand, 15.06.2022<\/p>\n\n\n\n<p><strong>L\u00f8rdag 3. september<\/strong> skal du motta konfirmasjonens sakrament, og det er en del ting \u00e5 forberede. Derfor ber jeg deg om \u00e5 lese dette brevet n\u00f8ye og \u00e5 vise det til dine foreldre og din fadder.<\/p>\n\n\n\n<p><strong>Forberedelse til konfirmasjonsdagen<\/strong><\/p>\n\n\n\n<p>Alle konfirmantkandidatene m\u00e5 komme til forberedelsen i <strong>St. Ansgar kirke<\/strong> <strong>onsdag 31. august<br>kl. 16.30.<br><br><\/strong><\/p>\n\n\n\n<p><strong>Program for konfirmantene:<\/strong><\/p>\n\n\n\n<ul class=\"wp-block-list\"><li>Kl. 16.30 &#8211; 17.45: \u00c5ndelig forberedelse og skriftem\u00e5l for konfirmantene, foreldre og faddere.<\/li><li>Kl. 18.00 &#8211; 18.45: Messe &#8211; Alle konfirmantkandidatene m\u00e5 delta i messen.<\/li><li>Kl. 18.45 &#8211; \u00d8velse til konfirmasjonen med faddere.<\/li><\/ul>\n\n\n\n<p><strong><br>Informasjonsm\u00f8te for foreldre og faddere<br><br><\/strong><strong><\/strong><\/p>\n\n\n\n<p>Foreldre og faddere m\u00e5 komme til et informasjonsm\u00f8te i menighetssalen i <strong>St. Ansgar menighet onsdag 31. august kl. 16.30.<\/strong><\/p>\n\n\n\n<p><strong>Det er viktig at<\/strong>:<br><br><\/p>\n\n\n\n<ul class=\"wp-block-list\"><li>Faddere er med p\u00e5 \u00f8velsen til konfirmasjonsdagen onsdag 31. august kl. 18.45.<\/li><li>Dersom faddere ikke kan komme, m\u00e5 stedfortredere komme.<\/li><li>Faddere m\u00e5 v\u00e6re katolikker og katolsk konfirmert og fylt 16 \u00e5r.<br><br><\/li><\/ul>\n\n\n\n<p><strong>Konfirmasjonsdagen<\/strong><\/p>\n\n\n\n<p>Konfirmasjonsmessen feires 3. september kl. 11.00 <strong>i Lund kirke<\/strong>, Marviksveien 5, 4631 Kristiansand.<br>Oppm\u00f8te i Lund kirke kl. 10.30.<\/p>\n\n\n\n<p>Vel m\u00f8tt til b\u00e5de forberedelseskvelden og konfirmasjonsdagen.<\/p>\n\n\n\n<p>Lykke til med alle forberedelser i familien ogs\u00e5!<br><br><\/p>\n\n\n\n<p>Med vennlig hilsen<br><br><\/p>\n\n\n\n<p>p. Quang Tien Dang<\/p>\n\n\n\n<p>Sogneadministrator<\/p>\n","protected":false},"excerpt":{"rendered":"<p>Har kan du laste ned brevet: Kj\u00e6re konfirmant! \u00a0\u00a0\u00a0\u00a0\u00a0\u00a0\u00a0\u00a0\u00a0\u00a0\u00a0\u00a0\u00a0\u00a0\u00a0\u00a0\u00a0\u00a0\u00a0\u00a0\u00a0\u00a0\u00a0\u00a0\u00a0\u00a0\u00a0\u00a0\u00a0\u00a0\u00a0\u00a0\u00a0\u00a0\u00a0\u00a0\u00a0\u00a0\u00a0\u00a0\u00a0\u00a0\u00a0\u00a0\u00a0\u00a0\u00a0\u00a0\u00a0\u00a0\u00a0\u00a0\u00a0\u00a0\u00a0\u00a0\u00a0\u00a0\u00a0\u00a0\u00a0\u00a0\u00a0\u00a0\u00a0\u00a0\u00a0\u00a0\u00a0\u00a0\u00a0\u00a0\u00a0 \u00a0\u00a0\u00a0\u00a0\u00a0\u00a0\u00a0\u00a0\u00a0\u00a0\u00a0\u00a0\u00a0\u00a0\u00a0\u00a0Kristiansand, 15.06.2022 L\u00f8rdag 3. september skal du motta konfirmasjonens sakrament, og det er en del ting \u00e5 forberede. Derfor ber jeg deg om \u00e5 lese dette brevet n\u00f8ye og \u00e5 vise&#8230;<br \/><a class=\"read-more-button\" href=\"https:\/\/stansgar.katolsk.no\/?p=10812\">Read more<\/a><\/p>\n","protected":false},"author":1,"featured_media":0,"comment_status":"open","ping_status":"open","sticky":false,"template":"","format":"standard","meta":{"footnotes":""},"categories":[204],"tags":[13,14],"class_list":["post-10812","post","type-post","status-publish","format-standard","hentry","category-ukategorisert-nb","tag-ferming","tag-konfirmasjon"],"_links":{"self":[{"href":"https:\/\/stansgar.katolsk.no\/index.php?rest_route=\/wp\/v2\/posts\/10812","targetHints":{"allow":["GET"]}}],"collection":[{"href":"https:\/\/stansgar.katolsk.no\/index.php?rest_route=\/wp\/v2\/posts"}],"about":[{"href":"https:\/\/stansgar.katolsk.no\/index.php?rest_route=\/wp\/v2\/types\/post"}],"author":[{"embeddable":true,"href":"https:\/\/stansgar.katolsk.no\/index.php?rest_route=\/wp\/v2\/users\/1"}],"replies":[{"embeddable":true,"href":"https:\/\/stansgar.katolsk.no\/index.php?rest_route=%2Fwp%2Fv2%2Fcomments&post=10812"}],"version-history":[{"count":3,"href":"https:\/\/stansgar.katolsk.no\/index.php?rest_route=\/wp\/v2\/posts\/10812\/revisions"}],"predecessor-version":[{"id":10816,"href":"https:\/\/stansgar.katolsk.no\/index.php?rest_route=\/wp\/v2\/posts\/10812\/revisions\/10816"}],"wp:attachment":[{"href":"https:\/\/stansgar.katolsk.no\/index.php?rest_route=%2Fwp%2Fv2%2Fmedia&parent=10812"}],"wp:term":[{"taxonomy":"category","embeddable":true,"href":"https:\/\/stansgar.katolsk.no\/index.php?rest_route=%2Fwp%2Fv2%2Fcategories&post=10812"},{"taxonomy":"post_tag","embeddable":true,"href":"https:\/\/stansgar.katolsk.no\/index.php?rest_route=%2Fwp%2Fv2%2Ftags&post=10812"}],"curies":[{"name":"wp","href":"https:\/\/api.w.org\/{rel}","templated":true}]}}