{"id":1081,"date":"2012-04-11T21:34:00","date_gmt":"2012-04-11T19:34:00","guid":{"rendered":"http:\/\/stansgar.katolsk.no\/index.php\/2012\/04\/11\/nytt-fra-menighetsradet-mars-2012\/"},"modified":"2018-10-12T09:13:07","modified_gmt":"2018-10-12T07:13:07","slug":"nytt-fra-menighetsradet-mars-2012","status":"publish","type":"post","link":"https:\/\/stansgar.katolsk.no\/?p=1081","title":{"rendered":"Nytt fra menighetsr\u00e5det mars 2012"},"content":{"rendered":"<p><\/p>\n<div class=\"MsoNormal\">\n<\/div>\n<div class=\"MsoNormal\">\n<\/div>\n<div class=\"MsoNormal\"><b style=\"mso-bidi-font-weight: normal;\">*&nbsp; Medlemstall <\/b>pr. 15.3 er p\u00e5 3211. <\/div>\n<div class=\"MsoNormal\">\n<\/div>\n<div class=\"MsoNormal\"><b style=\"mso-bidi-font-weight: normal;\">&nbsp;*&nbsp; P\u00e5ske:<\/b> messene skj\u00e6rtorsdag er flyttet to timer frem i&nbsp; <\/div>\n<div class=\"MsoNormal\"><b style=\"mso-bidi-font-weight: normal;\">&nbsp;&nbsp;&nbsp;&nbsp;&nbsp; <\/b>tid, med h\u00e5p om at dette f\u00e5r flere til \u00e5 delta. Det gir ogs\u00e5&nbsp;&nbsp;&nbsp;&nbsp; <\/div>\n<div class=\"MsoNormal\">&nbsp;&nbsp;&nbsp;&nbsp;&nbsp; bedre tid til tilbedelse i etterkant.<\/div>\n<div class=\"MsoNormal\">\n<\/div>\n<div class=\"MsoListParagraphCxSpFirst\" style=\"margin-left: 21.0pt; mso-add-space: auto; mso-list: l0 level1 lfo1; text-indent: -18.0pt;\">\u00b7&nbsp;&nbsp;&nbsp;&nbsp; <b style=\"mso-bidi-font-weight: normal;\">SAUL:<\/b> melder om fortsatt litt lavt oppm\u00f8te, men at de har fine m\u00f8ter med godt teologisk innhold \u2013 og god mat! <\/div>\n<div class=\"MsoListParagraphCxSpMiddle\" style=\"margin-left: 21.0pt; mso-add-space: auto;\">\n<\/div>\n<div class=\"MsoListParagraphCxSpMiddle\" style=\"margin-left: 21.0pt; mso-add-space: auto; mso-list: l0 level1 lfo1; text-indent: -18.0pt;\">\u00b7&nbsp;&nbsp;&nbsp;&nbsp; <b style=\"mso-bidi-font-weight: normal;\">Stella Maris<\/b>: &nbsp;Arbeidet med innstallering av brannsikring er snart fullf\u00f8rt. I etterkant av dette er det behov for en skikkelig nedvask, og menighetsr\u00e5det \u00f8nsker at dette gj\u00f8res p\u00e5 dugnad.<\/div>\n<div class=\"MsoListParagraphCxSpMiddle\" style=\"margin-left: 0cm; mso-add-space: auto;\">\n<\/div>\n<div class=\"MsoListParagraphCxSpMiddle\" style=\"margin-left: 21.0pt; mso-add-space: auto; mso-list: l0 level1 lfo1; text-indent: -18.0pt;\">\u00b7&nbsp;&nbsp;&nbsp;&nbsp; <b style=\"mso-bidi-font-weight: normal;\">Byggesaken<\/b>: &nbsp;PKentrepren\u00f8r har levert betalingsplan, totalprisen for Kiga blir p\u00e5 13 mill. F\u00f8rste avdrag, p\u00e5 3.2 mill, forfaller snart til betaling. Ferdigstillelse av Kiga blir pga fellesferien i begynnelsen av august.<\/div>\n<div class=\"MsoListParagraphCxSpMiddle\" style=\"margin-left: 0cm; mso-add-space: auto;\">\n<\/div>\n<div class=\"MsoListParagraphCxSpMiddle\" style=\"margin-left: 21.0pt; mso-add-space: auto; mso-list: l0 level1 lfo1; text-indent: -18.0pt;\">\u00b7&nbsp;&nbsp;&nbsp;&nbsp; <b style=\"mso-bidi-font-weight: normal;\">Menighetsr\u00e5dsvalg<\/b> skal avholdes helgene 9\/10 og 16\/17 juni. Kandidater vil bli presentert i St.Ansgarnytt og p\u00e5 bloggen i begynnelsen av juni. Forslag til egnede kandidater kan meldes til valgkomit\u00e9en v\/ Hilmar Kaspersen og Aldona Jurczak.<\/div>\n<div class=\"MsoListParagraphCxSpMiddle\" style=\"margin-left: 0cm; mso-add-space: auto;\">\n<\/div>\n<div class=\"MsoListParagraphCxSpMiddle\" style=\"margin-left: 21.0pt; mso-add-space: auto; mso-list: l0 level1 lfo1; text-indent: -18.0pt;\">\u00b7&nbsp;&nbsp;&nbsp;&nbsp; <b style=\"mso-bidi-font-weight: normal;\">&nbsp;Ferdig regnskap <\/b>er lagt fram. Dette er i balanse, og viser positivt resultat i forhold til budsjettet. Mer info hos Tore Heidenreich.<\/div>\n<div class=\"MsoListParagraphCxSpMiddle\" style=\"margin-left: 0cm; mso-add-space: auto;\">\n<\/div>\n<div class=\"MsoListParagraphCxSpLast\" style=\"margin-left: 21.0pt; mso-add-space: auto; mso-list: l0 level1 lfo1; text-indent: -18.0pt;\">\u00b7&nbsp;&nbsp;&nbsp;&nbsp; <b style=\"mso-bidi-font-weight: normal;\">V\u00e5rens m\u00f8teplan <\/b>for menighetsr\u00e5det: 24.4, 30.5, 14.6.<\/div>\n","protected":false},"excerpt":{"rendered":"<p>*&nbsp; Medlemstall pr. 15.3 er p\u00e5 3211. &nbsp;*&nbsp; P\u00e5ske: messene skj\u00e6rtorsdag er flyttet to timer frem i&nbsp; &nbsp;&nbsp;&nbsp;&nbsp;&nbsp; tid, med h\u00e5p om at dette f\u00e5r flere til \u00e5 delta. Det gir ogs\u00e5&nbsp;&nbsp;&nbsp;&nbsp; &nbsp;&nbsp;&nbsp;&nbsp;&nbsp; bedre tid til tilbedelse i etterkant. \u00b7&nbsp;&nbsp;&nbsp;&nbsp;&#8230;<br \/><a class=\"read-more-button\" href=\"https:\/\/stansgar.katolsk.no\/?p=1081\">Read more<\/a><\/p>\n","protected":false},"author":3,"featured_media":0,"comment_status":"open","ping_status":"open","sticky":false,"template":"","format":"standard","meta":{"footnotes":""},"categories":[1],"tags":[24],"class_list":["post-1081","post","type-post","status-publish","format-standard","hentry","category-ukategorisert","tag-menighetsrad"],"_links":{"self":[{"href":"https:\/\/stansgar.katolsk.no\/index.php?rest_route=\/wp\/v2\/posts\/1081","targetHints":{"allow":["GET"]}}],"collection":[{"href":"https:\/\/stansgar.katolsk.no\/index.php?rest_route=\/wp\/v2\/posts"}],"about":[{"href":"https:\/\/stansgar.katolsk.no\/index.php?rest_route=\/wp\/v2\/types\/post"}],"author":[{"embeddable":true,"href":"https:\/\/stansgar.katolsk.no\/index.php?rest_route=\/wp\/v2\/users\/3"}],"replies":[{"embeddable":true,"href":"https:\/\/stansgar.katolsk.no\/index.php?rest_route=%2Fwp%2Fv2%2Fcomments&post=1081"}],"version-history":[{"count":1,"href":"https:\/\/stansgar.katolsk.no\/index.php?rest_route=\/wp\/v2\/posts\/1081\/revisions"}],"predecessor-version":[{"id":3229,"href":"https:\/\/stansgar.katolsk.no\/index.php?rest_route=\/wp\/v2\/posts\/1081\/revisions\/3229"}],"wp:attachment":[{"href":"https:\/\/stansgar.katolsk.no\/index.php?rest_route=%2Fwp%2Fv2%2Fmedia&parent=1081"}],"wp:term":[{"taxonomy":"category","embeddable":true,"href":"https:\/\/stansgar.katolsk.no\/index.php?rest_route=%2Fwp%2Fv2%2Fcategories&post=1081"},{"taxonomy":"post_tag","embeddable":true,"href":"https:\/\/stansgar.katolsk.no\/index.php?rest_route=%2Fwp%2Fv2%2Ftags&post=1081"}],"curies":[{"name":"wp","href":"https:\/\/api.w.org\/{rel}","templated":true}]}}