{"id":10794,"date":"2022-08-07T10:01:00","date_gmt":"2022-08-07T08:01:00","guid":{"rendered":"https:\/\/stansgar.katolsk.no\/?p=10794"},"modified":"2022-08-10T10:38:04","modified_gmt":"2022-08-10T08:38:04","slug":"ogloszenia-w-j-polskim-z-7-sierpnia-2022-r-19-niedziela-zwykla-rok-c","status":"publish","type":"post","link":"https:\/\/stansgar.katolsk.no\/?p=10794","title":{"rendered":"Og\u0142oszenia w j. polskim z 7 sierpnia 2022 r.  &#8211; 19 niedziela zwyk\u0142a, Rok C &#8211;"},"content":{"rendered":"\n<p class=\"has-text-color has-vivid-green-cyan-color\"><strong>Og\u0142oszenia w j. polskim z 7 sierpnia 2022 r.<br>&#8211; 19 niedziela zwyk\u0142a, Rok C &#8211;<\/strong><\/p>\n\n\n\n<p><strong>1. <\/strong>Liturgia s\u0142owa dzisiejszej niedzieli przypomina nam o potrzebie ci\u0105g\u0142ego czuwania w naszym chrze\u015bcija\u0144skim \u017cyciu. Chciejmy odpowiada\u0107 na te s\u0142owa trosk\u0105 o ci\u0105g\u0142e \u017cycie w przyja\u017ani z Jezusem.<\/p>\n\n\n\n<p><strong>2.<\/strong>&nbsp;W przysz\u0142ym tygodniu:<\/p>\n\n\n\n<ul class=\"wp-block-list\"><li>w poniedzia\u0142ek \u2013&nbsp;\u015bw. Dominika;<\/li><li>we wtorek \u2013&nbsp;\u015bw. Teresy Benedykty od Krzy\u017ca, patronki Europy. W tym dniu<\/li><\/ul>\n\n\n\n<p>po Mszy \u015bwi\u0119tej wieczornej adoracja NS;<\/p>\n\n\n\n<ul class=\"wp-block-list\"><li>w \u015brod\u0119 \u2013 \u015bw. Wawrzy\u0144ca;<\/li><li>w czwartek&nbsp;\u2013&nbsp;\u015bw. Klary;<\/li><li>w sobot\u0119&nbsp;\u2013 Msza \u015bwi\u0119ta niedzielna w j. polskim o godz. <strong>18.00<\/strong>;<\/li><li>w niedziel\u0119&nbsp;\u2013 Msza \u015bw. w j. polskim o godz.&nbsp;<strong>9.00<\/strong>, a o godz. 13.30 w Arendal.<\/li><\/ul>\n\n\n\n<p>P\u00f3\u0142 godziny przed Mszami \u015bwi\u0119tymi w j. polskim mo\u017cliwo\u015b\u0107 spowiedzi.<\/p>\n\n\n\n<p><strong>W nast\u0119pnym tygodniu w poniedzia\u0142ek 15. sierpnia prze\u017cywamy Uroczysto\u015b\u0107 Wniebowzi\u0119cia NMP. Mimo, \u017ce tu w Norwegii nie jest to \u015bwi\u0119to obowi\u0105zkowe, to jednak zach\u0119camy do uczestnictwa we Mszy \u015bwi\u0119tej wieczornej w j. norweskim o godz. 18.00. &nbsp;<\/strong><strong><\/strong><\/p>\n\n\n\n<p><strong>W dni powszednie Msze \u015bwi\u0119te s\u0105 sprawowane w j. norweskim o godz. 18.00 <\/strong><strong><\/strong><\/p>\n\n\n\n<p><strong>3. Przypominam o zapisach na katechez\u0119. Szczeg\u00f3\u0142y na naszej stronie parafialnej. <\/strong><strong><\/strong><\/p>\n\n\n\n<p><strong>4.<\/strong>&nbsp;Na koniec&nbsp;sk\u0142adam serdeczne \u201eB\u00f3g zap\u0142a\u0107\u201d pomagaj\u0105cym w czasie Mszy \u015bwi\u0119tych. Wszystkim \u017cycz\u0119 b\u0142ogos\u0142awionej niedzieli i b\u0142ogos\u0142awionego tygodnia.<\/p>\n\n\n\n<p>Ks. Piotr G\u0105sior (Tel. +47 925 44&nbsp;572).<\/p>\n","protected":false},"excerpt":{"rendered":"<p>Og\u0142oszenia w j. polskim z 7 sierpnia 2022 r.&#8211; 19 niedziela zwyk\u0142a, Rok C &#8211; 1. Liturgia s\u0142owa dzisiejszej niedzieli przypomina nam o potrzebie ci\u0105g\u0142ego czuwania w naszym chrze\u015bcija\u0144skim \u017cyciu. Chciejmy odpowiada\u0107 na te s\u0142owa trosk\u0105 o ci\u0105g\u0142e \u017cycie w&#8230;<br \/><a class=\"read-more-button\" href=\"https:\/\/stansgar.katolsk.no\/?p=10794\">Read more<\/a><\/p>\n","protected":false},"author":1,"featured_media":0,"comment_status":"open","ping_status":"open","sticky":false,"template":"","format":"standard","meta":{"footnotes":""},"categories":[204],"tags":[],"class_list":["post-10794","post","type-post","status-publish","format-standard","hentry","category-ukategorisert-nb"],"_links":{"self":[{"href":"https:\/\/stansgar.katolsk.no\/index.php?rest_route=\/wp\/v2\/posts\/10794","targetHints":{"allow":["GET"]}}],"collection":[{"href":"https:\/\/stansgar.katolsk.no\/index.php?rest_route=\/wp\/v2\/posts"}],"about":[{"href":"https:\/\/stansgar.katolsk.no\/index.php?rest_route=\/wp\/v2\/types\/post"}],"author":[{"embeddable":true,"href":"https:\/\/stansgar.katolsk.no\/index.php?rest_route=\/wp\/v2\/users\/1"}],"replies":[{"embeddable":true,"href":"https:\/\/stansgar.katolsk.no\/index.php?rest_route=%2Fwp%2Fv2%2Fcomments&post=10794"}],"version-history":[{"count":1,"href":"https:\/\/stansgar.katolsk.no\/index.php?rest_route=\/wp\/v2\/posts\/10794\/revisions"}],"predecessor-version":[{"id":10795,"href":"https:\/\/stansgar.katolsk.no\/index.php?rest_route=\/wp\/v2\/posts\/10794\/revisions\/10795"}],"wp:attachment":[{"href":"https:\/\/stansgar.katolsk.no\/index.php?rest_route=%2Fwp%2Fv2%2Fmedia&parent=10794"}],"wp:term":[{"taxonomy":"category","embeddable":true,"href":"https:\/\/stansgar.katolsk.no\/index.php?rest_route=%2Fwp%2Fv2%2Fcategories&post=10794"},{"taxonomy":"post_tag","embeddable":true,"href":"https:\/\/stansgar.katolsk.no\/index.php?rest_route=%2Fwp%2Fv2%2Ftags&post=10794"}],"curies":[{"name":"wp","href":"https:\/\/api.w.org\/{rel}","templated":true}]}}