{"id":1062,"date":"2012-05-22T16:07:00","date_gmt":"2012-05-22T14:07:00","guid":{"rendered":"http:\/\/stansgar.katolsk.no\/index.php\/2012\/05\/22\/tradisjonell-latinsk-messe-i-st-ansgar\/"},"modified":"2018-10-12T09:13:05","modified_gmt":"2018-10-12T07:13:05","slug":"tradisjonell-latinsk-messe-i-st-ansgar","status":"publish","type":"post","link":"https:\/\/stansgar.katolsk.no\/?p=1062","title":{"rendered":"TRADISJONELL LATINSK MESSE I ST. ANSGAR KIRKE"},"content":{"rendered":"<p><\/p>\n<div class=\"separator\" style=\"clear: both; text-align: center;\">\n<a href=\"http:\/\/1.bp.blogspot.com\/-Nvp6t1q099A\/T7RYfBdyHYI\/AAAAAAAAOzk\/k9dII-Kg2MQ\/s1600\/DSC_7013.JPG\" imageanchor=\"1\" style=\"margin-left: 1em; margin-right: 1em;\"><img loading=\"lazy\" decoding=\"async\" border=\"0\" height=\"265\" src=\"http:\/\/stansgar.katolsk.no\/wp-content\/uploads\/2012\/05\/DSC_7013.jpg\" width=\"400\" \/><\/a><\/div>\n<div class=\"MsoNormal\" style=\"border-collapse: collapse; color: #222222; margin-bottom: 0px; margin-left: 0px; margin-right: 0px; margin-top: 0px;\">\nMandag 2. pinsedag 28. Mai kl 14 er alle velkommen til<\/div>\n<div class=\"MsoNormal\" style=\"border-collapse: collapse; color: #222222; margin-bottom: 0px; margin-left: 0px; margin-right: 0px; margin-top: 0px;\">\nh\u00f8ytidelig sunget messe p\u00e5 latin etter Missale 1962 (den tridentinske messen). Messen ledsages av kor, orgel og ministranter og hele messen trykkes i et hefte p\u00e5 norsk og latin s\u00e5 alle kan f\u00f8lge med. Messe nr 8 (De angelis) vil bli brukt siden mange kan den.<u><\/u><u><\/u><\/div>\n<div class=\"MsoNormal\" style=\"border-collapse: collapse; color: #222222; margin-bottom: 0px; margin-left: 0px; margin-right: 0px; margin-top: 0px;\">\n<\/div>\n<div class=\"MsoNormal\" style=\"border-collapse: collapse; color: #222222; margin-bottom: 0px; margin-left: 0px; margin-right: 0px; margin-top: 0px;\">\nNedenfor kan du lese litt om bakgrunnen for denne messen.<u><\/u><u><\/u><\/div>\n<div class=\"separator\" style=\"clear: both; text-align: center;\">\n<a href=\"http:\/\/www.lms.org.uk\/photo-files\/blackfen_mass\" imageanchor=\"1\" style=\"clear: right; float: right; margin-bottom: 1em; margin-left: 1em;\"><img decoding=\"async\" border=\"0\" src=\"http:\/\/www.lms.org.uk\/photo-files\/blackfen_mass\" \/><\/a><\/div>\n<div class=\"MsoNormal\" style=\"border-collapse: collapse; color: #222222; font-size: 13px; margin-bottom: 0px; margin-left: 0px; margin-right: 0px; margin-top: 0px;\">\n<\/div>\n<div class=\"MsoNormal\" style=\"border-collapse: collapse; color: #222222; font-size: 13px; margin-bottom: 0px; margin-left: 0px; margin-right: 0px; margin-top: 0px;\">\n<\/div>\n<div class=\"MsoNormal\" style=\"border-collapse: collapse; color: #222222; margin-bottom: 0px; margin-left: 0px; margin-right: 0px; margin-top: 0px;\">\n<\/div>\n<div class=\"MsoNormal\" style=\"border-collapse: collapse; color: #222222; margin-bottom: 0px; margin-left: 0px; margin-right: 0px; margin-top: 0px;\">\n<i>Msza sw. w jezyku lacinskim wedlug mszalu 1962.<u><\/u><u><\/u><\/i><\/div>\n<div class=\"MsoNormal\" style=\"border-collapse: collapse; color: #222222; margin-bottom: 0px; margin-left: 0px; margin-right: 0px; margin-top: 0px;\">\n<\/div>\n<div class=\"MsoNormal\" style=\"border-collapse: collapse; color: #222222; margin-bottom: 0px; margin-left: 0px; margin-right: 0px; margin-top: 0px;\">\n<i>W poniedzialek 28 maja (drugi dzien Swiat Zeslania&nbsp;<\/i><\/div>\n<div class=\"MsoNormal\" style=\"border-collapse: collapse; color: #222222; margin-bottom: 0px; margin-left: 0px; margin-right: 0px; margin-top: 0px;\">\n<i>Ducha Swietego)o godz.<\/i><\/div>\n<div class=\"MsoNormal\" style=\"border-collapse: collapse; color: #222222; margin-bottom: 0px; margin-left: 0px; margin-right: 0px; margin-top: 0px;\">\n<i>14.00 bedzie sprawowana Msza sw.&nbsp;<\/i><\/div>\n<div class=\"MsoNormal\" style=\"border-collapse: collapse; color: #222222; margin-bottom: 0px; margin-left: 0px; margin-right: 0px; margin-top: 0px;\">\n<i>w rycie nadzwyczajnym tzn. tradycyjna Msza<u><\/u><u><\/u><\/i><\/div>\n<div class=\"MsoNormal\" style=\"border-collapse: collapse; color: #222222; margin-bottom: 0px; margin-left: 0px; margin-right: 0px; margin-top: 0px;\">\n<i>sw. w jezyku lacinskim wedlug mszalu 1962.<\/i><u><\/u><u><\/u><\/div>\n<div class=\"MsoNormal\" style=\"border-collapse: collapse; color: #222222; font-size: 13px; margin-bottom: 0px; margin-left: 0px; margin-right: 0px; margin-top: 0px;\">\n<\/div>\n<div class=\"MsoNormal\" style=\"border-collapse: collapse; color: #222222; font-size: 13px; margin-bottom: 0px; margin-left: 0px; margin-right: 0px; margin-top: 0px;\">\n<\/div>\n<div class=\"MsoNormal\" style=\"border-collapse: collapse; color: #222222; font-size: 13px; margin-bottom: 0px; margin-left: 0px; margin-right: 0px; margin-top: 0px;\">\n<\/div>\n<div class=\"MsoNormal\" style=\"border-collapse: collapse; color: #222222; font-size: 13px; margin-bottom: 0px; margin-left: 0px; margin-right: 0px; margin-top: 0px;\">\n<\/div>\n<div class=\"MsoNormal\" style=\"border-collapse: collapse; color: #222222; font-size: 13px; margin-bottom: 0px; margin-left: 0px; margin-right: 0px; margin-top: 0px;\">\n<\/div>\n<div class=\"MsoNormal\" style=\"border-collapse: collapse; color: #222222; font-size: 13px; margin-bottom: 0px; margin-left: 0px; margin-right: 0px; margin-top: 0px;\">\n<\/div>\n<div class=\"MsoNormal\" style=\"border-collapse: collapse; color: #222222; margin-bottom: 0px; margin-left: 0px; margin-right: 0px; margin-top: 0px;\">\n<b>Den ekstraordin\u00e6re form av messen<\/b><u><\/u><u><\/u><br \/>\n<i>av p. Frode Eikenes<\/i><\/div>\n<div class=\"MsoNormal\" style=\"border-collapse: collapse; color: #222222; margin-bottom: 0px; margin-left: 0px; margin-right: 0px; margin-top: 0px;\">\n<\/div>\n<div class=\"MsoNormal\" style=\"border-collapse: collapse; color: #222222; margin-bottom: 0px; margin-left: 0px; margin-right: 0px; margin-top: 0px;\">\n2. pinsedag blir en spesiell dag i St. Ansgar menighet. For f\u00f8rste gang p\u00e5 kanskje over 40 \u00e5r feirer menighetens sogneprest en h\u00f8ytidelig sunget messe etter messeboken fra 1962. Dette er den s\u00e5kalte tridentinske messen. Den ble utgitt etter konsilet i Trient (1545-1563), derav navnet. Dens r\u00f8tter er enda mye eldre og den har med sm\u00e5 forandringer v\u00e6rt den samme i mange hundre \u00e5r. Den forel\u00f8pig siste utgaven ble utgitt av Den salige Pave Johannes XXIII i 1962.<u><\/u><u><\/u><\/div>\n<div class=\"MsoNormal\" style=\"border-collapse: collapse; color: #222222; margin-bottom: 0px; margin-left: 0px; margin-right: 0px; margin-top: 0px;\">\n<\/div>\n<div class=\"MsoNormal\" style=\"border-collapse: collapse; color: #222222; margin-bottom: 0px; margin-left: 0px; margin-right: 0px; margin-top: 0px;\">\nUnder Det annet vatikankonsil (1962-1965) bestemte konsilsfedrene at liturgien burde revideres. Dette f\u00f8rte til at en helt ny messebok ble utarbeidet. Den ble utgitt av Pave Paul VI i 1969. Den ble siden oversatt til mange spr\u00e5k, bl.a norsk. Dette er den messen vi alle n\u00e5 kjenner som \u201dden vanlige\u201d<u><\/u><u><\/u><\/div>\n<div class=\"MsoNormal\" style=\"border-collapse: collapse; color: #222222; margin-bottom: 0px; margin-left: 0px; margin-right: 0px; margin-top: 0px;\">\n<\/div>\n<div class=\"MsoNormal\" style=\"border-collapse: collapse; color: #222222; margin-bottom: 0px; margin-left: 0px; margin-right: 0px; margin-top: 0px;\">\nDen gamle messen var lenge nesten helt borte. Den kunne bare feires med spesiell tillatelse. Mange var glad for endringene, men det fantes ogs\u00e5 katolikker som savnet den gamle liturgien. Gradvis endret situasjonen seg og utover p\u00e5 1980- og 1990-tallet gav Pave Johannes Paul II stadig flere tillatelser til at den gamle liturgien kunne brukes. Etter hvert har ogs\u00e5 den gamle messen f\u00e5tt st\u00f8rre oppslutning, ikke minst blant unge mennesker.<u><\/u><u><\/u><\/div>\n<div class=\"MsoNormal\" style=\"border-collapse: collapse; color: #222222; margin-bottom: 0px; margin-left: 0px; margin-right: 0px; margin-top: 0px;\">\n<\/div>\n<div class=\"MsoNormal\" style=\"border-collapse: collapse; color: #222222; margin-bottom: 0px; margin-left: 0px; margin-right: 0px; margin-top: 0px;\">\nDen 7. Juli 2007 gav Pave Benedikt&nbsp;&nbsp;XVI ut et apostilisk brev gitt motu proprio (p\u00e5 eget initiativ). Dette brevet med tittelen \u201dSummorum Pontificum\u201d har igjen skapt en helt ny situasjon i Kirken. N\u00e5 ble de siste begrensninger p\u00e5 den tridentinske liturgien fjernet. Den kan n\u00e5 feires fritt av enhver prest og de menigheter som \u00f8nsker det kan velge den. Den enkelte troende kan ogs\u00e5 be om sakramentene etter den gamle ordning.<u><\/u><u><\/u><\/div>\n<div class=\"MsoNormal\" style=\"border-collapse: collapse; color: #222222; margin-bottom: 0px; margin-left: 0px; margin-right: 0px; margin-top: 0px;\">\n<\/div>\n<div class=\"MsoNormal\" style=\"border-collapse: collapse; color: #222222; margin-bottom: 0px; margin-left: 0px; margin-right: 0px; margin-top: 0px;\">\nPave Benedikt kaller n\u00e5 messeboken fra 1962 for den ekstraordin\u00e6re form og messeboken fra 1969 for den ordin\u00e6re form. Dermed er de alts\u00e5 to likestilte former av det samme romerske rite.<u><\/u><u><\/u><\/div>\n<div class=\"MsoNormal\" style=\"border-collapse: collapse; color: #222222; margin-bottom: 0px; margin-left: 0px; margin-right: 0px; margin-top: 0px;\">\n<\/div>\n<div class=\"MsoNormal\" style=\"border-collapse: collapse; color: #222222; margin-bottom: 0px; margin-left: 0px; margin-right: 0px; margin-top: 0px;\">\n2. Pinsedag 2012 er \u201dSummorum Pontificum- dagen\u201d i St Ansgar menighet. Etter over 40 \u00e5r feirer menighetens sogneprest den gamle liturgien, med kor og organist og med ministranter med lys, kors og r\u00f8kelse! Den gamle messen har riktignok v\u00e6rt feiret flere ganger i St. Ansgar kirke de siste \u00e5rene, men av gjestende prester og uten stor h\u00f8ytidlighet.<u><\/u><u><\/u><\/div>\n<div class=\"MsoNormal\" style=\"border-collapse: collapse; color: #222222; margin-bottom: 0px; margin-left: 0px; margin-right: 0px; margin-top: 0px;\">\n<\/div>\n<div class=\"MsoNormal\" style=\"border-collapse: collapse; color: #222222; margin-bottom: 0px; margin-left: 0px; margin-right: 0px; margin-top: 0px;\">\nFra n\u00e5 av vil Den ekstraordin\u00e6re form v\u00e6re en del av det liturgiske livet i St. Ansgar menighet og vil etter hvert finne sin faste plass i v\u00e5r \u201dtimeplan\u201d.<u><\/u><u><\/u><\/div>\n<div class=\"MsoNormal\" style=\"border-collapse: collapse; color: #222222; margin-bottom: 0px; margin-left: 0px; margin-right: 0px; margin-top: 0px;\">\n<\/div>\n<div class=\"MsoNormal\" style=\"border-collapse: collapse; color: #222222; margin-bottom: 0px; margin-left: 0px; margin-right: 0px; margin-top: 0px;\">\nDet er mitt h\u00e5p at mange i menigheten vil bli glad i den ekstraordin\u00e6re form. Den er verdifull i seg selv av mange grunner; Den har en lang og ubrutt tradisjon og enda eldre r\u00f8tter. Den har stor en&nbsp;&nbsp;stor skj\u00f8nnhet og har skapt stor kirkemusikk.<u><\/u><u><\/u><\/div>\n<div class=\"MsoNormal\" style=\"border-collapse: collapse; color: #222222; margin-bottom: 0px; margin-left: 0px; margin-right: 0px; margin-top: 0px;\">\n<\/div>\n<div class=\"MsoNormal\" style=\"border-collapse: collapse; color: #222222; margin-bottom: 0px; margin-left: 0px; margin-right: 0px; margin-top: 0px;\">\nMen noe annet er like viktig; Den ekstraordin\u00e6re form er ogs\u00e5 verdifull fordi den kan inspirere oss til \u00e5 feire den ordin\u00e6re form mer trofast mot kirkens tradisjon. Dette tror jeg ogs\u00e5 er en tanke som Pave Benedikt har.<u><\/u><u><\/u><\/div>\n<div class=\"MsoNormal\" style=\"border-collapse: collapse; color: #222222; margin-bottom: 0px; margin-left: 0px; margin-right: 0px; margin-top: 0px;\">\nHvis alle katolikker blir fortrolig med den tradisjonelle liturgien, da f\u00e5r vi hjelp til \u00e5 forst\u00e5 liturgiens utvikling og dermed ogs\u00e5 til bedre \u00e5 forst\u00e5 hva liturgi er.<u><\/u><u><\/u><\/div>\n<div class=\"MsoNormal\" style=\"border-collapse: collapse; color: #222222; margin-bottom: 0px; margin-left: 0px; margin-right: 0px; margin-top: 0px;\">\nDa forst\u00e5r vi enda bedre hvorfor vi gj\u00f8r det vi gj\u00f8r uansett form.<u><\/u><u><\/u><\/div>\n<div class=\"MsoNormal\" style=\"border-collapse: collapse; color: #222222; margin-bottom: 0px; margin-left: 0px; margin-right: 0px; margin-top: 0px;\">\n<\/div>\n<div class=\"MsoNormal\" style=\"border-collapse: collapse; color: #222222; margin-bottom: 0px; margin-left: 0px; margin-right: 0px; margin-top: 0px;\">\nSelv om det er klare forskjeller mellom de to messeb\u00f8kene er det likevel mer som er likt og jo likere de to formene feires jo tydeligere vil vi se at Kirken har bare en liturgi, selv den har flere riter og v\u00e5rt rite, det romerske, har to former.<u><\/u><u><\/u><\/div>\n<div class=\"MsoNormal\" style=\"border-collapse: collapse; color: #222222; font-family: arial, sans-serif; margin-bottom: 0px; margin-left: 0px; margin-right: 0px; margin-top: 0px;\">\n<\/div>\n","protected":false},"excerpt":{"rendered":"<p>Mandag 2. pinsedag 28. Mai kl 14 er alle velkommen til h\u00f8ytidelig sunget messe p\u00e5 latin etter Missale 1962 (den tridentinske messen). Messen ledsages av kor, orgel og ministranter og hele messen trykkes i et hefte p\u00e5 norsk og latin&#8230;<br \/><a class=\"read-more-button\" href=\"https:\/\/stansgar.katolsk.no\/?p=1062\">Read more<\/a><\/p>\n","protected":false},"author":3,"featured_media":3201,"comment_status":"open","ping_status":"open","sticky":false,"template":"","format":"standard","meta":{"footnotes":""},"categories":[1],"tags":[52,58,59],"class_list":["post-1062","post","type-post","status-publish","format-standard","has-post-thumbnail","hentry","category-ukategorisert","tag-messe","tag-missale-1962","tag-tridentinsk"],"_links":{"self":[{"href":"https:\/\/stansgar.katolsk.no\/index.php?rest_route=\/wp\/v2\/posts\/1062","targetHints":{"allow":["GET"]}}],"collection":[{"href":"https:\/\/stansgar.katolsk.no\/index.php?rest_route=\/wp\/v2\/posts"}],"about":[{"href":"https:\/\/stansgar.katolsk.no\/index.php?rest_route=\/wp\/v2\/types\/post"}],"author":[{"embeddable":true,"href":"https:\/\/stansgar.katolsk.no\/index.php?rest_route=\/wp\/v2\/users\/3"}],"replies":[{"embeddable":true,"href":"https:\/\/stansgar.katolsk.no\/index.php?rest_route=%2Fwp%2Fv2%2Fcomments&post=1062"}],"version-history":[{"count":1,"href":"https:\/\/stansgar.katolsk.no\/index.php?rest_route=\/wp\/v2\/posts\/1062\/revisions"}],"predecessor-version":[{"id":3202,"href":"https:\/\/stansgar.katolsk.no\/index.php?rest_route=\/wp\/v2\/posts\/1062\/revisions\/3202"}],"wp:featuredmedia":[{"embeddable":true,"href":"https:\/\/stansgar.katolsk.no\/index.php?rest_route=\/wp\/v2\/media\/3201"}],"wp:attachment":[{"href":"https:\/\/stansgar.katolsk.no\/index.php?rest_route=%2Fwp%2Fv2%2Fmedia&parent=1062"}],"wp:term":[{"taxonomy":"category","embeddable":true,"href":"https:\/\/stansgar.katolsk.no\/index.php?rest_route=%2Fwp%2Fv2%2Fcategories&post=1062"},{"taxonomy":"post_tag","embeddable":true,"href":"https:\/\/stansgar.katolsk.no\/index.php?rest_route=%2Fwp%2Fv2%2Ftags&post=1062"}],"curies":[{"name":"wp","href":"https:\/\/api.w.org\/{rel}","templated":true}]}}