{"id":1047,"date":"2012-07-23T21:28:00","date_gmt":"2012-07-23T19:28:00","guid":{"rendered":"http:\/\/stansgar.katolsk.no\/index.php\/2012\/07\/23\/p-frode-som-pilegrimspres\/"},"modified":"2018-10-12T09:13:04","modified_gmt":"2018-10-12T07:13:04","slug":"p-frode-som-pilegrimspres","status":"publish","type":"post","link":"https:\/\/stansgar.katolsk.no\/?p=1047","title":{"rendered":"P. Frode som pilegrimsprest!"},"content":{"rendered":"<div class=\"separator\" style=\"clear: both; text-align: center;\">\n<a href=\"http:\/\/2.bp.blogspot.com\/-blNP5oN5OoI\/UA3A8v__GNI\/AAAAAAAAD7E\/0HrvSksSUUw\/s1600\/Pilegrimer.jpg\" imageanchor=\"1\" style=\"margin-left: 1em; margin-right: 1em;\"><img loading=\"lazy\" decoding=\"async\" border=\"0\" height=\"239\" src=\"http:\/\/stansgar.katolsk.no\/wp-content\/uploads\/2012\/07\/Pilegrimer.jpg\" width=\"320\" \/><\/a><\/div>\n<p>Denne uken er p. Frode p\u00e5 pilegrimsleir med Norges Unge Katolikker( NUK). Sammen med 13 unge katolikker g\u00e5r han over Dovrefjell, mot Trondheim. Mandag kveld sendte han denne hilsenen:<\/p>\n<div class=\"separator\" style=\"clear: both; text-align: center;\">\n<a href=\"http:\/\/4.bp.blogspot.com\/-dPiMXEF1ulg\/UA3BGtfkHKI\/AAAAAAAAD7M\/aC6kngs11Uk\/s1600\/p.jpg\" imageanchor=\"1\" style=\"margin-left: 1em; margin-right: 1em;\"><img loading=\"lazy\" decoding=\"async\" border=\"0\" height=\"240\" src=\"http:\/\/stansgar.katolsk.no\/wp-content\/uploads\/2012\/07\/p.jpg\" width=\"320\" \/><\/a><\/div>\n<p>\n&laquo;<i> Hei, dere der hjemme! Denne uken er jeg pilegrim. Sammen med unge NUKere g\u00e5r vi deler av pilegrimsleden, og skal ogs\u00e5 v\u00e6re med p\u00e5 Olavsfeiringen i Trondheim kommende helg. &nbsp;Det er slitsomt ( og de andre er jo mye yngre enn jeg), men det er en fin tur med fin stemning, godt fellesskap og mye b\u00f8nn og liturgi. Jeg ber for dere alle hver dag. Be for meg om at bena holder!<\/i>&laquo;<\/p>\n<p>\nSt. Ansgarbloggen \u00f8nsker dere velsignet vandring videre!<\/p>\n","protected":false},"excerpt":{"rendered":"<p>Denne uken er p. Frode p\u00e5 pilegrimsleir med Norges Unge Katolikker( NUK). Sammen med 13 unge katolikker g\u00e5r han over Dovrefjell, mot Trondheim. Mandag kveld sendte han denne hilsenen: &laquo; Hei, dere der hjemme! Denne uken er jeg pilegrim. Sammen&#8230;<br \/><a class=\"read-more-button\" href=\"https:\/\/stansgar.katolsk.no\/?p=1047\">Read more<\/a><\/p>\n","protected":false},"author":3,"featured_media":3179,"comment_status":"open","ping_status":"open","sticky":false,"template":"","format":"standard","meta":{"footnotes":""},"categories":[1],"tags":[121,171,37],"class_list":["post-1047","post","type-post","status-publish","format-standard","has-post-thumbnail","hentry","category-ukategorisert","tag-nuk","tag-pilegrim","tag-prestene"],"_links":{"self":[{"href":"https:\/\/stansgar.katolsk.no\/index.php?rest_route=\/wp\/v2\/posts\/1047","targetHints":{"allow":["GET"]}}],"collection":[{"href":"https:\/\/stansgar.katolsk.no\/index.php?rest_route=\/wp\/v2\/posts"}],"about":[{"href":"https:\/\/stansgar.katolsk.no\/index.php?rest_route=\/wp\/v2\/types\/post"}],"author":[{"embeddable":true,"href":"https:\/\/stansgar.katolsk.no\/index.php?rest_route=\/wp\/v2\/users\/3"}],"replies":[{"embeddable":true,"href":"https:\/\/stansgar.katolsk.no\/index.php?rest_route=%2Fwp%2Fv2%2Fcomments&post=1047"}],"version-history":[{"count":1,"href":"https:\/\/stansgar.katolsk.no\/index.php?rest_route=\/wp\/v2\/posts\/1047\/revisions"}],"predecessor-version":[{"id":3181,"href":"https:\/\/stansgar.katolsk.no\/index.php?rest_route=\/wp\/v2\/posts\/1047\/revisions\/3181"}],"wp:featuredmedia":[{"embeddable":true,"href":"https:\/\/stansgar.katolsk.no\/index.php?rest_route=\/wp\/v2\/media\/3179"}],"wp:attachment":[{"href":"https:\/\/stansgar.katolsk.no\/index.php?rest_route=%2Fwp%2Fv2%2Fmedia&parent=1047"}],"wp:term":[{"taxonomy":"category","embeddable":true,"href":"https:\/\/stansgar.katolsk.no\/index.php?rest_route=%2Fwp%2Fv2%2Fcategories&post=1047"},{"taxonomy":"post_tag","embeddable":true,"href":"https:\/\/stansgar.katolsk.no\/index.php?rest_route=%2Fwp%2Fv2%2Ftags&post=1047"}],"curies":[{"name":"wp","href":"https:\/\/api.w.org\/{rel}","templated":true}]}}