{"id":1043,"date":"2012-08-09T10:15:00","date_gmt":"2012-08-09T08:15:00","guid":{"rendered":"http:\/\/stansgar.katolsk.no\/index.php\/2012\/08\/09\/nytt-menighetsrad-i-stansgar\/"},"modified":"2018-10-12T09:13:04","modified_gmt":"2018-10-12T07:13:04","slug":"nytt-menighetsrad-i-stansgar","status":"publish","type":"post","link":"https:\/\/stansgar.katolsk.no\/?p=1043","title":{"rendered":"Nytt menighetsr\u00e5d i St.Ansgar"},"content":{"rendered":"<p><\/p>\n<div class=\"MsoNormal\" style=\"background-color: white; color: #222222;\">\n<\/div>\n<div class=\"MsoNormal\" style=\"background-color: white; color: #222222; font-family: arial, sans-serif; font-size: 13px;\">\n<\/div>\n<div class=\"MsoNormal\" style=\"background-color: white; color: #222222; font-family: arial, sans-serif; font-size: 13px;\">\n<\/div>\n<div class=\"MsoNormal\" style=\"background-color: white; color: #222222; font-size: 13px;\">\nI \u00e5r er det menighetsr\u00e5dsvalg i alle menigheter i Oslo katolske bisped\u00f8mme. I St. Ansgar menighet har valget v\u00e6rt holdt helgen 9. \/10. juni og 16.\/ 17. juni.<\/div>\n<div class=\"MsoNormal\" style=\"background-color: white; color: #222222; font-size: 13px;\">\n<\/div>\n<div class=\"MsoNormal\" style=\"background-color: white; color: #222222; font-size: 13px;\">\n&nbsp;Det nye menighetsr\u00e5det best\u00e5r i tillegg til sogneprest og kapellan av f\u00f8lgende:<u><\/u><u><\/u><\/div>\n<div class=\"MsoNormal\" style=\"background-color: white; color: #222222; font-size: 13px;\">\nJocelyn Augland, Randi Catarina P. Birkeland, Phuong Huynh-Bj\u00f8rkly, Doan Van Thao, Marta Drulis, Tore Heidenreich, Edward Jada, Luan Van Nguyen, Elisabeth Vetland, Margaret Aanonsen<u><\/u><u><\/u><\/div>\n<div class=\"MsoNormal\" style=\"background-color: white; color: #222222; font-size: 13px;\">\nDet nye menighetsr\u00e5det konstituerer seg s\u00e5 snart medlemmene kan samles etter sommeren.<u><\/u><u><\/u><\/div>\n<div class=\"MsoNormal\" style=\"background-color: white; color: #222222; font-size: 13px;\">\n<\/div>\n<div class=\"MsoNormal\" style=\"background-color: white; color: #222222;\">\n<\/div>\n","protected":false},"excerpt":{"rendered":"<p>I \u00e5r er det menighetsr\u00e5dsvalg i alle menigheter i Oslo katolske bisped\u00f8mme. I St. Ansgar menighet har valget v\u00e6rt holdt helgen 9. \/10. juni og 16.\/ 17. juni. &nbsp;Det nye menighetsr\u00e5det best\u00e5r i tillegg til sogneprest og kapellan av f\u00f8lgende:&#8230;<br \/><a class=\"read-more-button\" href=\"https:\/\/stansgar.katolsk.no\/?p=1043\">Read more<\/a><\/p>\n","protected":false},"author":3,"featured_media":0,"comment_status":"open","ping_status":"open","sticky":false,"template":"","format":"standard","meta":{"footnotes":""},"categories":[1],"tags":[24],"class_list":["post-1043","post","type-post","status-publish","format-standard","hentry","category-ukategorisert","tag-menighetsrad"],"_links":{"self":[{"href":"https:\/\/stansgar.katolsk.no\/index.php?rest_route=\/wp\/v2\/posts\/1043","targetHints":{"allow":["GET"]}}],"collection":[{"href":"https:\/\/stansgar.katolsk.no\/index.php?rest_route=\/wp\/v2\/posts"}],"about":[{"href":"https:\/\/stansgar.katolsk.no\/index.php?rest_route=\/wp\/v2\/types\/post"}],"author":[{"embeddable":true,"href":"https:\/\/stansgar.katolsk.no\/index.php?rest_route=\/wp\/v2\/users\/3"}],"replies":[{"embeddable":true,"href":"https:\/\/stansgar.katolsk.no\/index.php?rest_route=%2Fwp%2Fv2%2Fcomments&post=1043"}],"version-history":[{"count":1,"href":"https:\/\/stansgar.katolsk.no\/index.php?rest_route=\/wp\/v2\/posts\/1043\/revisions"}],"predecessor-version":[{"id":3175,"href":"https:\/\/stansgar.katolsk.no\/index.php?rest_route=\/wp\/v2\/posts\/1043\/revisions\/3175"}],"wp:attachment":[{"href":"https:\/\/stansgar.katolsk.no\/index.php?rest_route=%2Fwp%2Fv2%2Fmedia&parent=1043"}],"wp:term":[{"taxonomy":"category","embeddable":true,"href":"https:\/\/stansgar.katolsk.no\/index.php?rest_route=%2Fwp%2Fv2%2Fcategories&post=1043"},{"taxonomy":"post_tag","embeddable":true,"href":"https:\/\/stansgar.katolsk.no\/index.php?rest_route=%2Fwp%2Fv2%2Ftags&post=1043"}],"curies":[{"name":"wp","href":"https:\/\/api.w.org\/{rel}","templated":true}]}}