{"id":10420,"date":"2022-06-19T10:01:13","date_gmt":"2022-06-19T08:01:13","guid":{"rendered":"https:\/\/stansgar.katolsk.no\/?p=10420"},"modified":"2022-06-17T14:08:53","modified_gmt":"2022-06-17T12:08:53","slug":"kunngjoringer-sondag-19-juni-2022","status":"publish","type":"post","link":"https:\/\/stansgar.katolsk.no\/?p=10420","title":{"rendered":"KUNNGJ\u00d8RINGER S\u00d8NDAG 19. JUNI 2022"},"content":{"rendered":"<p style=\"text-align: center;\"><strong>KUNNGJ\u00d8RINGER S\u00d8NDAG 19. JUNI 2022<\/strong><\/p>\n<table style=\"width: 543.5px;\">\n<tbody>\n<tr>\n<td style=\"width: 76px;\">Tirsdag<\/td>\n<td style=\"width: 51px;\">21.06.<\/td>\n<td style=\"width: 78px;\" colspan=\"2\">kl.<\/p>\n<p>kl.<\/td>\n<td style=\"width: 93px;\">17.30<\/p>\n<p>18.00<\/td>\n<td style=\"width: 169.5px;\">Vesper<\/p>\n<p>Messe &#8211; etterfulgt av sakramentstilbedelse<\/td>\n<\/tr>\n<tr>\n<td style=\"width: 76px;\">Onsdag<\/td>\n<td style=\"width: 51px;\">22.06.<\/td>\n<td style=\"width: 78px;\" colspan=\"2\">kl.<\/td>\n<td style=\"width: 93px;\">18.00<\/td>\n<td style=\"width: 169.5px;\">Messe<\/td>\n<\/tr>\n<tr>\n<td style=\"width: 76px;\" rowspan=\"2\">Torsdag<\/td>\n<td style=\"width: 51px;\" rowspan=\"2\">23.06.<\/td>\n<td style=\"width: 340.5px;\" colspan=\"4\"><strong>Fest: Johannes D\u00f8perens f\u00f8dsel<\/strong><\/td>\n<\/tr>\n<tr>\n<td style=\"width: 78px;\" colspan=\"2\">kl.<\/p>\n<p>kl.<\/td>\n<td style=\"width: 93px;\">11.00<\/p>\n<p>18.00<\/td>\n<td style=\"width: 169.5px;\">Messe<\/p>\n<p>Messe<\/td>\n<\/tr>\n<tr>\n<td style=\"width: 76px;\" rowspan=\"2\">Fredag<\/td>\n<td style=\"width: 51px;\" rowspan=\"2\">24.06.<\/td>\n<td style=\"width: 340.5px;\" colspan=\"4\"><strong>H\u00f8ytid: Jesu hjertefest<\/strong><\/td>\n<\/tr>\n<tr>\n<td style=\"width: 78px;\" colspan=\"2\">kl.<\/td>\n<td style=\"width: 93px;\">18.00<\/td>\n<td style=\"width: 169.5px;\">Messe<\/td>\n<\/tr>\n<tr>\n<td style=\"width: 76px;\">L\u00f8rdag<\/p>\n<p>&nbsp;<\/p>\n<p>&nbsp;<\/p>\n<p>&nbsp;<\/p>\n<p>Andre steder<\/td>\n<td style=\"width: 51px;\">25.06.<\/td>\n<td style=\"width: 78px;\" colspan=\"2\">kl.<\/p>\n<p>kl.<\/p>\n<p>kl.<\/p>\n<p>kl.<\/p>\n<p>&nbsp;<\/p>\n<p>kl.<\/p>\n<p>kl.<\/td>\n<td style=\"width: 93px;\">13.00<\/p>\n<p>14.00<\/p>\n<p>16.00<\/p>\n<p>18.00<\/p>\n<p>&nbsp;<\/p>\n<p>14.00<\/p>\n<p>17.00<\/td>\n<td style=\"width: 169.5px;\">Messe<\/p>\n<p>Messe p\u00e5 tagalog<\/p>\n<p>Messe p\u00e5 fransk<\/p>\n<p>Messe p\u00e5 polsk<\/p>\n<p>&nbsp;<\/p>\n<p>Messe i Lyngdal<\/p>\n<p>Messe i Flekkefjord<\/td>\n<\/tr>\n<tr>\n<td style=\"width: 76px;\">S\u00f8ndag<\/td>\n<td style=\"width: 61px;\" colspan=\"2\">26.06.<\/td>\n<td style=\"width: 330.5px;\" colspan=\"3\">13. S\u00d8NDAG I DET ALMINNELIGE KIRKE\u00c5R<\/td>\n<\/tr>\n<tr>\n<td style=\"width: 76px;\">&nbsp;<\/td>\n<td style=\"width: 61px;\" colspan=\"2\">&nbsp;<\/td>\n<td style=\"width: 68px;\">kl.<\/p>\n<p>kl.<\/p>\n<p>kl.<\/p>\n<p>kl.<\/td>\n<td style=\"width: 93px;\">09.00<\/p>\n<p>11.00<\/p>\n<p>13.00<\/p>\n<p>15.00<\/td>\n<td style=\"width: 169.5px;\">Messe p\u00e5 polsk<\/p>\n<p>H\u00f8ymesse<\/p>\n<p>Messe p\u00e5 vietnamesisk<\/p>\n<p>Messe p\u00e5 engelsk<\/td>\n<\/tr>\n<\/tbody>\n<\/table>\n<p>&nbsp;<\/p>\n<p><strong>Annet:<\/strong><\/p>\n<p><strong>1)<\/strong> <strong>ONSDAG 22 JUNI &#8211; CARITAS VAFFELKVELD<\/strong><\/p>\n<p>Caritas St. Ansgar inviterer alle til \u00e5pent hus i menighetssalen etter onsdagens kveldsmesse<br \/>\n(ca. kl. 18:45).<\/p>\n<p>Det blir som vanlig salg av vafler, Caritas-suppe og kaffe\/the. Og helt gratis rik anledning til gode samtaler med nye og gamle venner.<\/p>\n<p>I tillegg f\u00e5r vi denne gangen bes\u00f8k av Anne Marie Lukowski, som vil dele opplevelser og erfaringer fra Caritas Norges sitt internasjonale hjelpearbeid, bl.a. i Uganda. Alle \u00f8nskes hjertelig velkommen.<\/p>\n<p style=\"text-align: center;\">\n<strong>Alle er hjertelig velkommen til kirkekaffe. \u00d8nsker dere riktig god s\u00f8ndag!<\/strong><\/p>\n","protected":false},"excerpt":{"rendered":"<p>KUNNGJ\u00d8RINGER S\u00d8NDAG 19. JUNI 2022 Tirsdag 21.06. kl. kl. 17.30 18.00 Vesper Messe &#8211; etterfulgt av sakramentstilbedelse Onsdag 22.06. kl. 18.00 Messe Torsdag 23.06. Fest: Johannes D\u00f8perens f\u00f8dsel kl. kl. 11.00 18.00 Messe Messe Fredag 24.06. H\u00f8ytid: Jesu hjertefest kl&#8230;.<br \/><a class=\"read-more-button\" href=\"https:\/\/stansgar.katolsk.no\/?p=10420\">Read more<\/a><\/p>\n","protected":false},"author":1,"featured_media":0,"comment_status":"open","ping_status":"open","sticky":false,"template":"","format":"standard","meta":{"footnotes":""},"categories":[482],"tags":[],"class_list":["post-10420","post","type-post","status-publish","format-standard","hentry","category-kunngjoringer"],"_links":{"self":[{"href":"https:\/\/stansgar.katolsk.no\/index.php?rest_route=\/wp\/v2\/posts\/10420","targetHints":{"allow":["GET"]}}],"collection":[{"href":"https:\/\/stansgar.katolsk.no\/index.php?rest_route=\/wp\/v2\/posts"}],"about":[{"href":"https:\/\/stansgar.katolsk.no\/index.php?rest_route=\/wp\/v2\/types\/post"}],"author":[{"embeddable":true,"href":"https:\/\/stansgar.katolsk.no\/index.php?rest_route=\/wp\/v2\/users\/1"}],"replies":[{"embeddable":true,"href":"https:\/\/stansgar.katolsk.no\/index.php?rest_route=%2Fwp%2Fv2%2Fcomments&post=10420"}],"version-history":[{"count":2,"href":"https:\/\/stansgar.katolsk.no\/index.php?rest_route=\/wp\/v2\/posts\/10420\/revisions"}],"predecessor-version":[{"id":10422,"href":"https:\/\/stansgar.katolsk.no\/index.php?rest_route=\/wp\/v2\/posts\/10420\/revisions\/10422"}],"wp:attachment":[{"href":"https:\/\/stansgar.katolsk.no\/index.php?rest_route=%2Fwp%2Fv2%2Fmedia&parent=10420"}],"wp:term":[{"taxonomy":"category","embeddable":true,"href":"https:\/\/stansgar.katolsk.no\/index.php?rest_route=%2Fwp%2Fv2%2Fcategories&post=10420"},{"taxonomy":"post_tag","embeddable":true,"href":"https:\/\/stansgar.katolsk.no\/index.php?rest_route=%2Fwp%2Fv2%2Ftags&post=10420"}],"curies":[{"name":"wp","href":"https:\/\/api.w.org\/{rel}","templated":true}]}}