{"id":1035,"date":"2012-08-23T11:57:00","date_gmt":"2012-08-23T09:57:00","guid":{"rendered":"http:\/\/stansgar.katolsk.no\/index.php\/2012\/08\/23\/p-hallvard-hole-ofm-besker-st-ansgar\/"},"modified":"2018-10-12T09:13:04","modified_gmt":"2018-10-12T07:13:04","slug":"p-hallvard-hole-ofm-besker-st-ansgar","status":"publish","type":"post","link":"https:\/\/stansgar.katolsk.no\/?p=1035","title":{"rendered":"P. Hallvard Hole OFM bes\u00f8ker St. Ansgar"},"content":{"rendered":"<div class=\"separator\" style=\"clear: both; text-align: center;\">\n<a href=\"http:\/\/www.katolsk.no\/biografier\/innenriks\/thole\/foto\/foto5.jpg\/image_preview\" imageanchor=\"1\" style=\"clear: right; float: right; margin-bottom: 1em; margin-left: 1em;\"><img loading=\"lazy\" decoding=\"async\" border=\"0\" height=\"320\" src=\"http:\/\/www.katolsk.no\/biografier\/innenriks\/thole\/foto\/foto5.jpg\/image_preview\" width=\"240\" \/><\/a><\/div>\n<p><br style=\"background-color: white; color: #222222; font-family: arial, sans-serif; font-size: 13px;\" \/><br \/>\n<br style=\"background-color: white; color: #222222;\" \/><a href=\"http:\/\/www.katolsk.no\/biografier\/innenriks\/thole\" target=\"_blank\">Pater Hallvard<\/a> ble presteviet den 30. juni i Oslo. Han er n\u00e5 kapellan i <a href=\"http:\/\/www.stfx.no\/\" target=\"_blank\">St.Francsiskus Xaverius menighet<\/a> i Arendal. Han bes\u00f8ker St. Ansgar menighet kommende s\u00f8ndag (26. august).<br style=\"background-color: white; color: #222222;\" \/>Han vil feire h\u00f8ymessen kl 11 og etter messen vil han gi primissvelsignelsen (<b>den nyviede prestens velsignelse<\/b>) til alle som \u00f8nsker det.<br style=\"background-color: white; color: #222222;\" \/><br style=\"background-color: white; color: #222222;\" \/>Pater Hallvard vil komme tilbake til St Ansgar den 16. &nbsp;september for \u00e5 feire messe og gi primissvelsignelsen i messen p\u00e5 vietnamesisk kl 13 og messen p\u00e5 polsk kl 16.<\/p>\n","protected":false},"excerpt":{"rendered":"<p>Pater Hallvard ble presteviet den 30. juni i Oslo. Han er n\u00e5 kapellan i St.Francsiskus Xaverius menighet i Arendal. Han bes\u00f8ker St. Ansgar menighet kommende s\u00f8ndag (26. august).Han vil feire h\u00f8ymessen kl 11 og etter messen vil han gi primissvelsignelsen&#8230;<br \/><a class=\"read-more-button\" href=\"https:\/\/stansgar.katolsk.no\/?p=1035\">Read more<\/a><\/p>\n","protected":false},"author":3,"featured_media":0,"comment_status":"open","ping_status":"open","sticky":false,"template":"","format":"standard","meta":{"footnotes":""},"categories":[1],"tags":[169,52,37],"class_list":["post-1035","post","type-post","status-publish","format-standard","hentry","category-ukategorisert","tag-arendal","tag-messe","tag-prestene"],"_links":{"self":[{"href":"https:\/\/stansgar.katolsk.no\/index.php?rest_route=\/wp\/v2\/posts\/1035","targetHints":{"allow":["GET"]}}],"collection":[{"href":"https:\/\/stansgar.katolsk.no\/index.php?rest_route=\/wp\/v2\/posts"}],"about":[{"href":"https:\/\/stansgar.katolsk.no\/index.php?rest_route=\/wp\/v2\/types\/post"}],"author":[{"embeddable":true,"href":"https:\/\/stansgar.katolsk.no\/index.php?rest_route=\/wp\/v2\/users\/3"}],"replies":[{"embeddable":true,"href":"https:\/\/stansgar.katolsk.no\/index.php?rest_route=%2Fwp%2Fv2%2Fcomments&post=1035"}],"version-history":[{"count":1,"href":"https:\/\/stansgar.katolsk.no\/index.php?rest_route=\/wp\/v2\/posts\/1035\/revisions"}],"predecessor-version":[{"id":3165,"href":"https:\/\/stansgar.katolsk.no\/index.php?rest_route=\/wp\/v2\/posts\/1035\/revisions\/3165"}],"wp:attachment":[{"href":"https:\/\/stansgar.katolsk.no\/index.php?rest_route=%2Fwp%2Fv2%2Fmedia&parent=1035"}],"wp:term":[{"taxonomy":"category","embeddable":true,"href":"https:\/\/stansgar.katolsk.no\/index.php?rest_route=%2Fwp%2Fv2%2Fcategories&post=1035"},{"taxonomy":"post_tag","embeddable":true,"href":"https:\/\/stansgar.katolsk.no\/index.php?rest_route=%2Fwp%2Fv2%2Ftags&post=1035"}],"curies":[{"name":"wp","href":"https:\/\/api.w.org\/{rel}","templated":true}]}}