{"id":1030,"date":"2012-09-03T19:34:00","date_gmt":"2012-09-03T17:34:00","guid":{"rendered":"http:\/\/stansgar.katolsk.no\/index.php\/2012\/09\/03\/nytt-fra-menighetsrade-3\/"},"modified":"2018-10-12T09:13:04","modified_gmt":"2018-10-12T07:13:04","slug":"nytt-fra-menighetsrade-3","status":"publish","type":"post","link":"https:\/\/stansgar.katolsk.no\/?p=1030","title":{"rendered":"Nytt fra menighetsr\u00e5det"},"content":{"rendered":"<p><\/p>\n<div class=\"MsoNormal\">\n<\/div>\n<div class=\"MsoNormal\">\n<b>&nbsp;<\/b><b>&nbsp;<\/b>Det nye<br \/>\nmenighetsr\u00e5det i St.Ansgar er klart, og har hatt sitt f\u00f8rste m\u00f8te.<\/div>\n<div class=\"MsoNormal\">\n&nbsp;De neste to \u00e5rene best\u00e5r r\u00e5det av:<\/div>\n<div class=\"MsoNormal\">\n&nbsp; <\/div>\n<div class=\"MsoNormal\">\n&nbsp;<b>p. Frode Eikenes, p.<br \/>\nMichael Duong Duy Nguyen, Tore Heidenreich (leder), Elisabeth<br \/>\nVetland(sekret\u00e6r), Doan Van Thao,&nbsp;Luan Van Nguyen,&nbsp;Jocelyn Sido<br \/>\nAugland,&nbsp;Minh Phuong Huynh-Bj\u00f8rkly,<\/b><b> <\/b><b>Margaret<br \/>\nAanonsen,&nbsp;Randi Birkeland,&nbsp;Edward Jada og&nbsp;Marta Drulis.<\/b><b><\/b><\/div>\n<div class=\"MsoNormal\">\n<\/div>\n<div class=\"MsoNormal\">\nTore Heidenreich er menighetens representant til Pastoralr\u00e5det, med<br \/>\nLuan Van Nguyen som vara.<\/div>\n<div class=\"MsoNormal\">\n<\/div>\n<div class=\"MsoNormal\">\n<b>Caritas<br \/>\nSt.Ansgar<\/b> har gitt menighetsr\u00e5det flg informasjon: Etter<br \/>\nTove A. Haugens bortgang st\u00e5r Caritas St.Ansgar uten koordinator. Man har hatt<br \/>\net m\u00f8te\/id\u00e9dugnad, og delt opp i flg. arbeidsgrupper: leksehjelp(ansv Marianna<br \/>\nSebastianpillai), Internasjonal dag(ansv Tore Heidenreich), kirkekaffe(ansv<br \/>\nGladys Daisy Lopez og Jane Andrew), \u00c5pent hus(ansv Dag Svenning), bes\u00f8kstjeneste<br \/>\n(ansv Maria Sebastianpillai), norskoppl\u00e6ring (ansv Mona Jakobsen Jardim). Man jobber<br \/>\nmed \u00e5 f\u00e5 en koordinator, inntil videre fungerer Mona Jakobsen Jardim og Sigrid<br \/>\nTherese Kornbrekke som dette. Det planlegges Internasjonal Dag 19.5.13.<b>L\u00f8rdag 22.9 kl. 09.30-12.45 <\/b>kommer<br \/>\nBernt Gulbrandsen fra Caritas <\/div>\n<div class=\"MsoNormal\">\nNorge for \u00e5 holde et seminar om Caritas<br \/>\nnasjonalt og internasjonalt.&nbsp; <\/div>\n<div class=\"MsoNormal\">\n<\/div>\n<div class=\"MsoNormal\">\n<b>Byggesaken:<\/b><br \/>\nDet har v\u00e6rt full aktivitet i hele sommer, bortsett fra i 2 uker. Kiga er noe<br \/>\nforsinket, hovedsakelig pga n\u00f8dvendige endringer vi har bedt om. 25.11 er satt<br \/>\nsom overtagelsesdato.<\/div>\n<div class=\"MsoNormal\">\n&nbsp;Siden<br \/>\nprosjektet pga endringene er blitt dyrere, er en del arbeid tatt ut <\/div>\n<div class=\"MsoNormal\">\n&nbsp;av<br \/>\ntotalenterprisen og skal isteden gj\u00f8res p\u00e5 dugnad. Det dreier seg <\/div>\n<div class=\"MsoNormal\">\n&nbsp;hovedsakelig om malerarbeid og innkj\u00f8p til og<br \/>\ninnredning av kj\u00f8kkenet. <\/div>\n<div class=\"MsoNormal\">\n&nbsp;S\u00e5 snart<br \/>\nkontorer og prester er p\u00e5 plass i det nye Kiga, og messene&nbsp; <\/div>\n<div class=\"MsoNormal\">\n&nbsp;kan<br \/>\nholdes i det nye menighetslokalet, starter arbeidet med selve <\/div>\n<div class=\"MsoNormal\">\n&nbsp;kirken<br \/>\nopp.<\/div>\n<div class=\"MsoNormal\">\n&nbsp;&nbsp;&nbsp;&nbsp;&nbsp;&nbsp;&nbsp;&nbsp;&nbsp;&nbsp;&nbsp;&nbsp;&nbsp;&nbsp;&nbsp;&nbsp;&nbsp;\n<\/div>\n<div class=\"MsoNormal\">\n<b>&nbsp;Gaveinntektene<\/b><br \/>\ng\u00e5r stadig litt oppover, i 2.kvartal kom det inn 140.000. Snart er vi oppe i<br \/>\n50.000 pr m\u00e5ned i avtalegiro.<b> <\/b><\/div>\n<div class=\"MsoNormal\">\n<\/div>\n<div class=\"MsoNormal\">\nMenighetsr\u00e5det skal i h\u00f8st m\u00f8tes flg datoer: <b>18.9, 23.10, 6.11, 20.11<\/b>.&nbsp; <b>Kontakt<br \/>\ngjerne r\u00e5dets medlemmer med saker dere \u00f8nsker skal tas opp!<\/b> <b><\/b><\/div>\n<div class=\"MsoNormal\">\n<\/div>\n","protected":false},"excerpt":{"rendered":"<p>&nbsp;&nbsp;Det nye menighetsr\u00e5det i St.Ansgar er klart, og har hatt sitt f\u00f8rste m\u00f8te. &nbsp;De neste to \u00e5rene best\u00e5r r\u00e5det av: &nbsp; &nbsp;p. Frode Eikenes, p. Michael Duong Duy Nguyen, Tore Heidenreich (leder), Elisabeth Vetland(sekret\u00e6r), Doan Van Thao,&nbsp;Luan Van Nguyen,&nbsp;Jocelyn Sido&#8230;<br \/><a class=\"read-more-button\" href=\"https:\/\/stansgar.katolsk.no\/?p=1030\">Read more<\/a><\/p>\n","protected":false},"author":3,"featured_media":0,"comment_status":"open","ping_status":"open","sticky":false,"template":"","format":"standard","meta":{"footnotes":""},"categories":[1],"tags":[24],"class_list":["post-1030","post","type-post","status-publish","format-standard","hentry","category-ukategorisert","tag-menighetsrad"],"_links":{"self":[{"href":"https:\/\/stansgar.katolsk.no\/index.php?rest_route=\/wp\/v2\/posts\/1030","targetHints":{"allow":["GET"]}}],"collection":[{"href":"https:\/\/stansgar.katolsk.no\/index.php?rest_route=\/wp\/v2\/posts"}],"about":[{"href":"https:\/\/stansgar.katolsk.no\/index.php?rest_route=\/wp\/v2\/types\/post"}],"author":[{"embeddable":true,"href":"https:\/\/stansgar.katolsk.no\/index.php?rest_route=\/wp\/v2\/users\/3"}],"replies":[{"embeddable":true,"href":"https:\/\/stansgar.katolsk.no\/index.php?rest_route=%2Fwp%2Fv2%2Fcomments&post=1030"}],"version-history":[{"count":1,"href":"https:\/\/stansgar.katolsk.no\/index.php?rest_route=\/wp\/v2\/posts\/1030\/revisions"}],"predecessor-version":[{"id":3159,"href":"https:\/\/stansgar.katolsk.no\/index.php?rest_route=\/wp\/v2\/posts\/1030\/revisions\/3159"}],"wp:attachment":[{"href":"https:\/\/stansgar.katolsk.no\/index.php?rest_route=%2Fwp%2Fv2%2Fmedia&parent=1030"}],"wp:term":[{"taxonomy":"category","embeddable":true,"href":"https:\/\/stansgar.katolsk.no\/index.php?rest_route=%2Fwp%2Fv2%2Fcategories&post=1030"},{"taxonomy":"post_tag","embeddable":true,"href":"https:\/\/stansgar.katolsk.no\/index.php?rest_route=%2Fwp%2Fv2%2Ftags&post=1030"}],"curies":[{"name":"wp","href":"https:\/\/api.w.org\/{rel}","templated":true}]}}