{"id":1026,"date":"2012-09-09T09:24:00","date_gmt":"2012-09-09T07:24:00","guid":{"rendered":"http:\/\/stansgar.katolsk.no\/index.php\/2012\/09\/09\/13\/"},"modified":"2018-10-12T09:13:03","modified_gmt":"2018-10-12T07:13:03","slug":"13","status":"publish","type":"post","link":"https:\/\/stansgar.katolsk.no\/?p=1026","title":{"rendered":"Verdensungdomsdagene 2013 i Rio!"},"content":{"rendered":"<div class=\"separator\" style=\"clear: both; text-align: center;\">\n<a href=\"http:\/\/nuk.no\/uploads\/RTEmagicC_WYD_plakat_01.pdf.jpg\" imageanchor=\"1\" style=\"margin-left: 1em; margin-right: 1em;\"><img loading=\"lazy\" decoding=\"async\" border=\"0\" height=\"640\" src=\"http:\/\/nuk.no\/uploads\/RTEmagicC_WYD_plakat_01.pdf.jpg\" width=\"451\" \/><\/a><\/div>\n<p>\n13. juli \u2013 2. august neste \u00e5r inviterer Pave Benedikt ungdom fra&nbsp;<br \/>\nhele verden til Den katolske kirkes verdensungdomsdager i Rio&nbsp;de&nbsp;<br \/>\nJaneiro i Brasil.&nbsp;<br \/>\nNorges Unge katolikker arrangerer reisen fra&nbsp;<br \/>\nNorge. Den er \u00e5pen for alle som har fylt 16 \u00e5r innen 13. juli neste&nbsp;<br \/>\n\u00e5r.<br \/>\n<b>P\u00e5meldingsfrist er 15. september<\/b>.&nbsp;<br \/>\nAlle interesserte ungdommer&nbsp;i St Ansgar menighet er invitert til et <b>informasjonsm\u00f8te tirsdag&nbsp;<\/b><b>11.september kl 19<\/b>. Et av temaene er hvordan turen kan&nbsp;finansieres. Foreldre er ogs\u00e5 velkommen p\u00e5 dette m\u00f8tet.<\/p>\n<p>h\u00f8r Ole Martin Stamnestr\u00f8s mandagsimpuls om Verdensungdomsdagen p\u00e5 Vatikanradioen&nbsp;<a href=\"http:\/\/212.77.9.15\/audiomp3\/00329421.MP3\" target=\"_blank\">her<\/a><\/p>\n<p>\nLes mer p\u00e5&nbsp;<a href=\"http:\/\/nuk.no\/index.php?id=527&amp;tx_ttnews%5Btt_news%5D=2190&amp;cHash=cdbd262d65bb8e71280ac11b7554c10b\" target=\"_blank\">Norges unge katolikkers hjemmeside<\/a><\/p>\n","protected":false},"excerpt":{"rendered":"<p>13. juli \u2013 2. august neste \u00e5r inviterer Pave Benedikt ungdom fra&nbsp; hele verden til Den katolske kirkes verdensungdomsdager i Rio&nbsp;de&nbsp; Janeiro i Brasil.&nbsp; Norges Unge katolikker arrangerer reisen fra&nbsp; Norge. Den er \u00e5pen for alle som har fylt 16&#8230;<br \/><a class=\"read-more-button\" href=\"https:\/\/stansgar.katolsk.no\/?p=1026\">Read more<\/a><\/p>\n","protected":false},"author":3,"featured_media":0,"comment_status":"open","ping_status":"open","sticky":false,"template":"","format":"standard","meta":{"footnotes":""},"categories":[1],"tags":[121,167,20,168],"class_list":["post-1026","post","type-post","status-publish","format-standard","hentry","category-ukategorisert","tag-nuk","tag-rio","tag-saul","tag-wyd"],"_links":{"self":[{"href":"https:\/\/stansgar.katolsk.no\/index.php?rest_route=\/wp\/v2\/posts\/1026","targetHints":{"allow":["GET"]}}],"collection":[{"href":"https:\/\/stansgar.katolsk.no\/index.php?rest_route=\/wp\/v2\/posts"}],"about":[{"href":"https:\/\/stansgar.katolsk.no\/index.php?rest_route=\/wp\/v2\/types\/post"}],"author":[{"embeddable":true,"href":"https:\/\/stansgar.katolsk.no\/index.php?rest_route=\/wp\/v2\/users\/3"}],"replies":[{"embeddable":true,"href":"https:\/\/stansgar.katolsk.no\/index.php?rest_route=%2Fwp%2Fv2%2Fcomments&post=1026"}],"version-history":[{"count":1,"href":"https:\/\/stansgar.katolsk.no\/index.php?rest_route=\/wp\/v2\/posts\/1026\/revisions"}],"predecessor-version":[{"id":3153,"href":"https:\/\/stansgar.katolsk.no\/index.php?rest_route=\/wp\/v2\/posts\/1026\/revisions\/3153"}],"wp:attachment":[{"href":"https:\/\/stansgar.katolsk.no\/index.php?rest_route=%2Fwp%2Fv2%2Fmedia&parent=1026"}],"wp:term":[{"taxonomy":"category","embeddable":true,"href":"https:\/\/stansgar.katolsk.no\/index.php?rest_route=%2Fwp%2Fv2%2Fcategories&post=1026"},{"taxonomy":"post_tag","embeddable":true,"href":"https:\/\/stansgar.katolsk.no\/index.php?rest_route=%2Fwp%2Fv2%2Ftags&post=1026"}],"curies":[{"name":"wp","href":"https:\/\/api.w.org\/{rel}","templated":true}]}}