{"id":1024,"date":"2012-09-12T13:46:00","date_gmt":"2012-09-12T11:46:00","guid":{"rendered":"http:\/\/stansgar.katolsk.no\/index.php\/2012\/09\/12\/katekesen-i-hs\/"},"modified":"2018-10-12T09:13:03","modified_gmt":"2018-10-12T07:13:03","slug":"katekesen-i-hs","status":"publish","type":"post","link":"https:\/\/stansgar.katolsk.no\/?p=1024","title":{"rendered":"Katekesen i h\u00f8st"},"content":{"rendered":"<p><\/p>\n<div class=\"MsoNormal\" style=\"background-color: white; color: #222222; font-family: Georgia, Utopia, 'Palatino Linotype', Palatino, serif; font-size: 14px; line-height: 19px;\">\n<b>L\u00f8rdag 15. september<\/b>&nbsp;starter h\u00f8stens katekese.&nbsp;<\/div>\n<div class=\"MsoNormal\" style=\"background-color: white; color: #222222; font-family: Georgia, Utopia, 'Palatino Linotype', Palatino, serif; font-size: 14px; line-height: 19px;\">\nP\u00e5 grunn av byggearbeidene blir katekesen for 1. \u2013 7. klasse p\u00e5 Solholmen skole p\u00e5 Grim. Katekesen begynner kl.10 og avsluttes kl 14. Det blir ogs\u00e5 et foreldrem\u00f8te kl 10.<u><\/u><u><\/u><\/div>\n<div class=\"MsoNormal\" style=\"background-color: white; color: #222222; font-family: Georgia, Utopia, 'Palatino Linotype', Palatino, serif; font-size: 14px; line-height: 19px;\">\nBarna m\u00e5 ha med seg skrivesaker, mat og drikke. De vil <b>IKKE <\/b>f\u00e5 lov til \u00e5 g\u00e5 i butikken!<\/div>\n<div class=\"MsoNormal\" style=\"background-color: white; color: #222222; font-family: Georgia, Utopia, 'Palatino Linotype', Palatino, serif; font-size: 14px; line-height: 19px;\">\n<\/div>\n<div class=\"MsoNormal\" style=\"background-color: white; color: #222222; font-family: Georgia, Utopia, 'Palatino Linotype', Palatino, serif; font-size: 14px; line-height: 19px;\">\n8. og 9. klasse har katekese i St. Ansgar samme dag fra kl 13-16.<\/div>\n","protected":false},"excerpt":{"rendered":"<p>L\u00f8rdag 15. september&nbsp;starter h\u00f8stens katekese.&nbsp; P\u00e5 grunn av byggearbeidene blir katekesen for 1. \u2013 7. klasse p\u00e5 Solholmen skole p\u00e5 Grim. Katekesen begynner kl.10 og avsluttes kl 14. Det blir ogs\u00e5 et foreldrem\u00f8te kl 10. Barna m\u00e5 ha med seg&#8230;<br \/><a class=\"read-more-button\" href=\"https:\/\/stansgar.katolsk.no\/?p=1024\">Read more<\/a><\/p>\n","protected":false},"author":3,"featured_media":0,"comment_status":"open","ping_status":"open","sticky":false,"template":"","format":"standard","meta":{"footnotes":""},"categories":[1],"tags":[10],"class_list":["post-1024","post","type-post","status-publish","format-standard","hentry","category-ukategorisert","tag-katekese"],"_links":{"self":[{"href":"https:\/\/stansgar.katolsk.no\/index.php?rest_route=\/wp\/v2\/posts\/1024","targetHints":{"allow":["GET"]}}],"collection":[{"href":"https:\/\/stansgar.katolsk.no\/index.php?rest_route=\/wp\/v2\/posts"}],"about":[{"href":"https:\/\/stansgar.katolsk.no\/index.php?rest_route=\/wp\/v2\/types\/post"}],"author":[{"embeddable":true,"href":"https:\/\/stansgar.katolsk.no\/index.php?rest_route=\/wp\/v2\/users\/3"}],"replies":[{"embeddable":true,"href":"https:\/\/stansgar.katolsk.no\/index.php?rest_route=%2Fwp%2Fv2%2Fcomments&post=1024"}],"version-history":[{"count":1,"href":"https:\/\/stansgar.katolsk.no\/index.php?rest_route=\/wp\/v2\/posts\/1024\/revisions"}],"predecessor-version":[{"id":3150,"href":"https:\/\/stansgar.katolsk.no\/index.php?rest_route=\/wp\/v2\/posts\/1024\/revisions\/3150"}],"wp:attachment":[{"href":"https:\/\/stansgar.katolsk.no\/index.php?rest_route=%2Fwp%2Fv2%2Fmedia&parent=1024"}],"wp:term":[{"taxonomy":"category","embeddable":true,"href":"https:\/\/stansgar.katolsk.no\/index.php?rest_route=%2Fwp%2Fv2%2Fcategories&post=1024"},{"taxonomy":"post_tag","embeddable":true,"href":"https:\/\/stansgar.katolsk.no\/index.php?rest_route=%2Fwp%2Fv2%2Ftags&post=1024"}],"curies":[{"name":"wp","href":"https:\/\/api.w.org\/{rel}","templated":true}]}}