{"id":10230,"date":"2022-04-24T10:01:16","date_gmt":"2022-04-24T08:01:16","guid":{"rendered":"https:\/\/stansgar.katolsk.no\/?p=10230"},"modified":"2022-04-24T21:58:25","modified_gmt":"2022-04-24T19:58:25","slug":"kunngjoringer-sondag-24-april-2022","status":"publish","type":"post","link":"https:\/\/stansgar.katolsk.no\/?p=10230","title":{"rendered":"KUNNGJ\u00d8RINGER S\u00d8NDAG 24. APRIL 2022"},"content":{"rendered":"<table width=\"595\">\n<tbody>\n<tr>\n<td width=\"76\">Tirsdag<\/td>\n<td width=\"73\">26.04.<\/td>\n<td colspan=\"3\" width=\"32\">kl.<\/p>\n<p>kl.<\/td>\n<td width=\"56\">17.30<\/p>\n<p>18.00<\/td>\n<td width=\"359\">Vesper<\/p>\n<p>Messe &#8211; etterfulgt av sakramentstilbedelse<\/td>\n<\/tr>\n<tr>\n<td width=\"76\">Onsdag<\/td>\n<td width=\"73\">27.04.<\/td>\n<td colspan=\"3\" width=\"32\">kl.<\/td>\n<td width=\"56\">18.00<\/td>\n<td width=\"359\">Messe<\/td>\n<\/tr>\n<tr>\n<td width=\"76\">Torsdag<\/td>\n<td width=\"73\">28.04<\/td>\n<td colspan=\"3\" width=\"32\">kl.<\/p>\n<p>kl.<\/td>\n<td width=\"56\">11.00<\/p>\n<p>18.00<\/td>\n<td width=\"359\">Messen er avlyst<\/p>\n<p>Messe<\/p>\n<p>&nbsp;<\/td>\n<\/tr>\n<tr>\n<td width=\"76\">Fredag<\/td>\n<td width=\"73\">29.04.<\/td>\n<td colspan=\"3\" width=\"32\">kl.<\/td>\n<td width=\"56\">18.00<\/td>\n<td width=\"359\">Messe &#8211; Den hellige Katarina av Siena \u2013 vernehelgen for Europa<\/td>\n<\/tr>\n<tr>\n<td width=\"76\">L\u00f8rdag<\/td>\n<td width=\"73\">30.04.<\/td>\n<td colspan=\"3\" width=\"32\">kl.<\/p>\n<p>kl.<\/p>\n<p>kl.<\/td>\n<td width=\"56\">12.30<\/p>\n<p>13.00<\/p>\n<p>18.00<\/td>\n<td width=\"359\">Rosenkransandakt<\/p>\n<p>Messe<\/p>\n<p>Messe p\u00e5 polsk<\/td>\n<\/tr>\n<tr>\n<td width=\"76\">S\u00f8ndag<\/td>\n<td colspan=\"6\" width=\"520\">01.05.&nbsp;&nbsp;&nbsp;&nbsp;&nbsp;&nbsp; &nbsp;&nbsp;&nbsp; 3. S\u00d8NDAG I P\u00c5SKETIDEN<\/td>\n<\/tr>\n<tr>\n<td width=\"76\">&nbsp;<\/p>\n<p>&nbsp;<\/td>\n<td colspan=\"2\" width=\"74\">&nbsp;<\/td>\n<td width=\"31\">kl.<\/p>\n<p>kl.<\/p>\n<p>kl.<\/p>\n<p>kl.<\/td>\n<td colspan=\"2\" width=\"56\">09.00<\/p>\n<p>11.00<\/p>\n<p>13.00<\/p>\n<p>15.00<\/td>\n<td width=\"359\">Messe p\u00e5 polsk<\/p>\n<p>H\u00f8ymesse p\u00e5 norsk<\/p>\n<p>Messe p\u00e5 kaldeisk<\/p>\n<p>Messe p\u00e5 vietnamesisk<\/td>\n<\/tr>\n<\/tbody>\n<\/table>\n<p><strong>Annet:<\/strong><\/p>\n<p><strong>1)<\/strong> <strong>Onsdag 27.april<\/strong> er det menighetsr\u00e5dsm\u00f8te med representanter for spr\u00e5kgruppene for \u00e5 planlegge internasjonal dag som i \u00e5r er 22.mai. Vi ber alle i menigheten om \u00e5 delta p\u00e5 internasjonal dag. Internasjonal dag er en flott anledning til \u00e5 feire v\u00e5rt flerkulturelle fellesskap, bli kjent med hverandre, og til \u00e5 samle inn penger til menigheten. Vi gleder oss!<\/p>\n<p><strong>&nbsp;<\/strong><\/p>\n<p><strong>2)<\/strong> <strong>Tirsdag 26. april.<\/strong><\/p>\n<p>Caritas St. Ansgar starter kurs for frivillige.<\/p>\n<p>Kurset avholdes i Domkirkens menighetslokaler denne og p\u00e5f\u00f8lgende 2 tirsdager fra kl 18 \u2013 21.<\/p>\n<p>Kurset er relevant for alle menighetens frivillige og andre som kan m\u00f8te medmennesker i krise.<\/p>\n<p>Det er ledige plasser, alle er velkomne til \u00e5 delta.<\/p>\n<p>For n\u00e6rmere informasjon og p\u00e5melding se menighetens hjemmeside, facebook-side eller oppslag i inngangspartiet.<\/p>\n<p>&nbsp;<\/p>\n<p>&nbsp;<\/p>\n<p style=\"text-align: center;\"><strong>Alle er hjertelig velkommen til kirkekaffe. \u00d8nsker dere riktig god s\u00f8ndag!<\/strong><\/p>\n","protected":false},"excerpt":{"rendered":"<p>Tirsdag 26.04. kl. kl. 17.30 18.00 Vesper Messe &#8211; etterfulgt av sakramentstilbedelse Onsdag 27.04. kl. 18.00 Messe Torsdag 28.04 kl. kl. 11.00 18.00 Messen er avlyst Messe &nbsp; Fredag 29.04. kl. 18.00 Messe &#8211; Den hellige Katarina av Siena \u2013&#8230;<br \/><a class=\"read-more-button\" href=\"https:\/\/stansgar.katolsk.no\/?p=10230\">Read more<\/a><\/p>\n","protected":false},"author":1,"featured_media":0,"comment_status":"open","ping_status":"open","sticky":false,"template":"","format":"standard","meta":{"footnotes":""},"categories":[482],"tags":[],"class_list":["post-10230","post","type-post","status-publish","format-standard","hentry","category-kunngjoringer"],"_links":{"self":[{"href":"https:\/\/stansgar.katolsk.no\/index.php?rest_route=\/wp\/v2\/posts\/10230","targetHints":{"allow":["GET"]}}],"collection":[{"href":"https:\/\/stansgar.katolsk.no\/index.php?rest_route=\/wp\/v2\/posts"}],"about":[{"href":"https:\/\/stansgar.katolsk.no\/index.php?rest_route=\/wp\/v2\/types\/post"}],"author":[{"embeddable":true,"href":"https:\/\/stansgar.katolsk.no\/index.php?rest_route=\/wp\/v2\/users\/1"}],"replies":[{"embeddable":true,"href":"https:\/\/stansgar.katolsk.no\/index.php?rest_route=%2Fwp%2Fv2%2Fcomments&post=10230"}],"version-history":[{"count":2,"href":"https:\/\/stansgar.katolsk.no\/index.php?rest_route=\/wp\/v2\/posts\/10230\/revisions"}],"predecessor-version":[{"id":10262,"href":"https:\/\/stansgar.katolsk.no\/index.php?rest_route=\/wp\/v2\/posts\/10230\/revisions\/10262"}],"wp:attachment":[{"href":"https:\/\/stansgar.katolsk.no\/index.php?rest_route=%2Fwp%2Fv2%2Fmedia&parent=10230"}],"wp:term":[{"taxonomy":"category","embeddable":true,"href":"https:\/\/stansgar.katolsk.no\/index.php?rest_route=%2Fwp%2Fv2%2Fcategories&post=10230"},{"taxonomy":"post_tag","embeddable":true,"href":"https:\/\/stansgar.katolsk.no\/index.php?rest_route=%2Fwp%2Fv2%2Ftags&post=10230"}],"curies":[{"name":"wp","href":"https:\/\/api.w.org\/{rel}","templated":true}]}}