{"id":1022,"date":"2012-09-20T21:17:00","date_gmt":"2012-09-20T19:17:00","guid":{"rendered":"http:\/\/stansgar.katolsk.no\/index.php\/2012\/09\/20\/husk-caritaslrdagen\/"},"modified":"2018-10-12T09:13:03","modified_gmt":"2018-10-12T07:13:03","slug":"husk-caritaslrdagen","status":"publish","type":"post","link":"https:\/\/stansgar.katolsk.no\/?p=1022","title":{"rendered":"Husk Caritasl\u00f8rdagen!"},"content":{"rendered":"<p><\/p>\n<div style=\"color: #222222; margin-left: 0cm;\">\n<\/div>\n<div style=\"color: #222222; font-family: Georgia, Utopia, 'Palatino Linotype', Palatino, serif; font-size: 14px; line-height: 19px; margin-left: 0cm;\">\n<a href=\"http:\/\/www.katolsk.no\/biografier\/innenriks\/bgulbrandsen\/foto1-225x300.jpg\" imageanchor=\"1\" style=\"clear: right; float: right; margin-bottom: 1em; margin-left: 1em;\"><img decoding=\"async\" border=\"0\" src=\"http:\/\/www.katolsk.no\/biografier\/innenriks\/bgulbrandsen\/foto1-225x300.jpg\" \/><\/a><b>L\u00f8rdag 22. september<\/b> inviterer Caritas St.Ansgar til \u00e5pent m\u00f8te om Caritas. <a href=\"http:\/\/www.katolsk.no\/biografier\/innenriks\/bgulbrandsen\" target=\"_blank\">Bernt Gulbrandsen<\/a>, r\u00e5dgiver for innenlandsarbeid i Caritas Norge, kommer for \u00e5 informere og samtale.<\/div>\n<div style=\"color: #222222; font-family: Georgia, Utopia, 'Palatino Linotype', Palatino, serif; font-size: 14px; line-height: 19px; margin-left: 0cm;\">\n<\/div>\n<div style=\"color: #222222; font-family: Georgia, Utopia, 'Palatino Linotype', Palatino, serif; font-size: 14px; line-height: 19px; margin-left: 0cm;\">\n<\/div>\n<div style=\"color: #222222; font-family: Georgia, Utopia, 'Palatino Linotype', Palatino, serif; font-size: 14px; line-height: 19px; margin-left: 0cm;\">\n&nbsp;&nbsp;&nbsp;<\/div>\n<div style=\"color: #222222; font-family: Georgia, Utopia, 'Palatino Linotype', Palatino, serif; font-size: 14px; line-height: 19px; margin-left: 0cm;\">\n<b>Program:<\/b><u><\/u><u><\/u><\/div>\n<div style=\"color: #222222; font-family: Georgia, Utopia, 'Palatino Linotype', Palatino, serif; font-size: 14px; line-height: 19px;\">\n<u><\/u>\u00b7&nbsp;&nbsp;&nbsp;&nbsp;&nbsp;&nbsp;&nbsp;&nbsp;&nbsp;<u><\/u>Caritas oppbygning og m\u00e5l lokalt, nasjonalt og &nbsp;<\/div>\n<div style=\"color: #222222; font-family: Georgia, Utopia, 'Palatino Linotype', Palatino, serif; font-size: 14px; line-height: 19px;\">\n&nbsp; &nbsp; &nbsp; &nbsp; &nbsp; &nbsp;internasjonalt<u><\/u><u><\/u><\/div>\n<div style=\"color: #222222; font-family: Georgia, Utopia, 'Palatino Linotype', Palatino, serif; font-size: 14px; line-height: 19px;\">\n<u><\/u>\u00b7&nbsp;&nbsp;&nbsp;&nbsp;&nbsp;&nbsp;&nbsp;&nbsp;&nbsp;<u><\/u>Mat og samtale<u><\/u><u><\/u><\/div>\n<div style=\"color: #222222; font-family: Georgia, Utopia, 'Palatino Linotype', Palatino, serif; font-size: 14px; line-height: 19px;\">\n<u><\/u>\u00b7&nbsp;&nbsp;&nbsp;&nbsp;&nbsp;&nbsp;&nbsp;&nbsp;&nbsp;<u><\/u>Tips og oppmuntring til veien videre for Caritas St. Ansgar&nbsp;<\/div>\n<div style=\"color: #222222; font-family: Georgia, Utopia, 'Palatino Linotype', Palatino, serif; font-size: 14px; line-height: 19px;\">\n<\/div>\n<div style=\"color: #222222; font-family: Georgia, Utopia, 'Palatino Linotype', Palatino, serif; font-size: 14px; line-height: 19px;\">\n&nbsp;M\u00f8tet foreg\u00e5r i menighetslokalet, fra <b>09.30 \u2013 12.45<\/b><\/div>\n<div style=\"color: #222222; font-family: Georgia, Utopia, 'Palatino Linotype', Palatino, serif; font-size: 14px; line-height: 19px;\">\n<\/div>\n<div style=\"color: #222222; font-family: Georgia, Utopia, 'Palatino Linotype', Palatino, serif; font-size: 14px; line-height: 19px;\">\nLees mer om hvordan Caritas arbeider&nbsp;<a href=\"http:\/\/www.caritas.no\/\" target=\"_blank\">her<\/a><\/div>\n<div style=\"color: #222222; font-family: Georgia, Utopia, 'Palatino Linotype', Palatino, serif; font-size: 14px; line-height: 19px;\">\n<\/div>\n<div style=\"color: #222222; font-family: Georgia, Utopia, 'Palatino Linotype', Palatino, serif; font-size: 14px; line-height: 19px;\">\n<\/div>\n<div class=\"separator\" style=\"clear: both; text-align: center;\">\n<a href=\"http:\/\/newmansland.com\/bf3\/wp-content\/uploads\/2012\/03\/Adventsaksjonshelg-199x300.jpg\" imageanchor=\"1\" style=\"margin-left: 1em; margin-right: 1em;\"><img loading=\"lazy\" decoding=\"async\" border=\"0\" height=\"320\" src=\"http:\/\/newmansland.com\/bf3\/wp-content\/uploads\/2012\/03\/Adventsaksjonshelg-199x300.jpg\" width=\"212\" \/><\/a><\/div>\n<div style=\"color: #222222; font-family: Georgia, Utopia, 'Palatino Linotype', Palatino, serif; font-size: 14px; line-height: 19px;\">\n<\/div>\n","protected":false},"excerpt":{"rendered":"<p>L\u00f8rdag 22. september inviterer Caritas St.Ansgar til \u00e5pent m\u00f8te om Caritas. Bernt Gulbrandsen, r\u00e5dgiver for innenlandsarbeid i Caritas Norge, kommer for \u00e5 informere og samtale. &nbsp;&nbsp;&nbsp; Program: \u00b7&nbsp;&nbsp;&nbsp;&nbsp;&nbsp;&nbsp;&nbsp;&nbsp;&nbsp;Caritas oppbygning og m\u00e5l lokalt, nasjonalt og &nbsp; &nbsp; &nbsp; &nbsp; &nbsp; &nbsp;&#8230;<br \/><a class=\"read-more-button\" href=\"https:\/\/stansgar.katolsk.no\/?p=1022\">Read more<\/a><\/p>\n","protected":false},"author":3,"featured_media":3147,"comment_status":"open","ping_status":"open","sticky":false,"template":"","format":"standard","meta":{"footnotes":""},"categories":[1],"tags":[71],"class_list":["post-1022","post","type-post","status-publish","format-standard","has-post-thumbnail","hentry","category-ukategorisert","tag-caritas"],"_links":{"self":[{"href":"https:\/\/stansgar.katolsk.no\/index.php?rest_route=\/wp\/v2\/posts\/1022","targetHints":{"allow":["GET"]}}],"collection":[{"href":"https:\/\/stansgar.katolsk.no\/index.php?rest_route=\/wp\/v2\/posts"}],"about":[{"href":"https:\/\/stansgar.katolsk.no\/index.php?rest_route=\/wp\/v2\/types\/post"}],"author":[{"embeddable":true,"href":"https:\/\/stansgar.katolsk.no\/index.php?rest_route=\/wp\/v2\/users\/3"}],"replies":[{"embeddable":true,"href":"https:\/\/stansgar.katolsk.no\/index.php?rest_route=%2Fwp%2Fv2%2Fcomments&post=1022"}],"version-history":[{"count":1,"href":"https:\/\/stansgar.katolsk.no\/index.php?rest_route=\/wp\/v2\/posts\/1022\/revisions"}],"predecessor-version":[{"id":3146,"href":"https:\/\/stansgar.katolsk.no\/index.php?rest_route=\/wp\/v2\/posts\/1022\/revisions\/3146"}],"wp:featuredmedia":[{"embeddable":true,"href":"https:\/\/stansgar.katolsk.no\/index.php?rest_route=\/wp\/v2\/media\/3147"}],"wp:attachment":[{"href":"https:\/\/stansgar.katolsk.no\/index.php?rest_route=%2Fwp%2Fv2%2Fmedia&parent=1022"}],"wp:term":[{"taxonomy":"category","embeddable":true,"href":"https:\/\/stansgar.katolsk.no\/index.php?rest_route=%2Fwp%2Fv2%2Fcategories&post=1022"},{"taxonomy":"post_tag","embeddable":true,"href":"https:\/\/stansgar.katolsk.no\/index.php?rest_route=%2Fwp%2Fv2%2Ftags&post=1022"}],"curies":[{"name":"wp","href":"https:\/\/api.w.org\/{rel}","templated":true}]}}