{"id":102,"date":"2018-05-28T13:50:00","date_gmt":"2018-05-28T11:50:00","guid":{"rendered":"http:\/\/stansgar.katolsk.no\/index.php\/2018\/05\/28\/ogoszenia-duszpasterstwa-polskiego-w-2\/"},"modified":"2018-10-12T09:12:16","modified_gmt":"2018-10-12T07:12:16","slug":"ogoszenia-duszpasterstwa-polskiego-w-2","status":"publish","type":"post","link":"https:\/\/stansgar.katolsk.no\/?p=102","title":{"rendered":"Og\u0142oszenia duszpasterstwa polskiego w parafii \u015bw. Ansgara w Kristiansand"},"content":{"rendered":"<p>p.p1 {margin: 5.0px 0.0px 0.0px 0.0px; text-align: center; font: 14.0px Times; color: #ff2600}<br \/>\np.p2 {margin: 5.0px 0.0px 0.0px 0.0px; font: 12.0px Arial}<br \/>\np.p3 {margin: 5.0px 0.0px 0.0px 0.0px; font: 12.0px &#8216;Times New Roman&#8217;; min-height: 15.0px}<br \/>\np.p4 {margin: 0.0px 0.0px 8.0px 0.0px; font: 12.0px Arial}<br \/>\np.p5 {margin: 0.0px 0.0px 8.0px 0.0px; font: 12.0px Arial; color: #ff2600}<br \/>\np.p6 {margin: 0.0px 0.0px 8.0px 0.0px; font: 12.0px Arial; color: #649145}<br \/>\np.p7 {margin: 0.0px 0.0px 8.0px 0.0px; font: 16.0px Arial; min-height: 18.0px}<br \/>\nspan.s1 {text-decoration: underline}<\/p>\n<p><\/p>\n<div class=\"p1\">\n<\/div>\n<div class=\"p2\">\n<b>2.06. &#8211; sobota<\/b><\/div>\n<div class=\"p2\">\n11.00 Uroczysto\u015b\u0107 Pierwszej Komunii \u015aw. (w j\u0119z. norweskim)<\/div>\n<div class=\"p2\">\n18.00 Msza \u015bw. w j\u0119z. polskim (z formularza niedzielnego \u2013 o Bo\u017cym Ciele)<\/div>\n<div class=\"p2\">\n<i>po mszy nabo\u017ce\u0144stwo maryjne z ok. 1. soboty miesi\u0105ca<\/i><\/div>\n<div class=\"p3\">\n<\/div>\n<div class=\"p4\">\n<b>3.06. Niedziela \u2013 Uroczysto\u015b\u0107 Naj\u015bw. Cia\u0142a i Krwi Pa\u0144skiej<\/b><\/div>\n<div class=\"p5\">\n<b>Uwaga !!! W tym dniu nie ma mszy \u015bw. o 9.00 w j\u0119z. polskim!!!<\/b><\/div>\n<div class=\"p4\">\n<b>O godz. 11.00 b\u0119dzie odprawiona Msza \u015bw. w j\u0119z. norweskim<\/b> z procesj\u0105 z Na\u015bw. Sakramentem wok\u00f3\u0142 ko\u015bcio\u0142a do o\u0142tarza na dziedzi\u0144cu ko\u015bcio\u0142a. Zapraszamy dzieci do sypania kwiatk\u00f3w podczas tej procesji. Po mszy \u015bw. odb\u0119dzie si\u0119 w sali parafialnej mi\u0119dzynarodowy festiwal z pocz\u0119stunkiem. Ka\u017cda grupa narodowa przygotowuje posi\u0142ki, wi\u0119c prosimy Polak\u00f3w o przygotowanie tradycyjnych polskich potraw na t\u0105 okazj\u0119.<\/div>\n<div class=\"p4\">\n<b>Sobota 09.06&nbsp;<\/b><\/div>\n<div class=\"p4\">\n17.30 okazja do spowiedzi \u015bw. \/ <b>18.00 Msza \u015bw. w j\u0119z. polskim<\/b> i nabo\u017ce\u0144stwo do Serca Pana Jezusa<\/div>\n<div class=\"p6\">\n<b>Niedziela 10.06. VIII Niedziela Zwyk\u0142a<\/b><\/div>\n<div class=\"p4\">\n8.30 okazja do spowiedzi \u015bw.\/ R\u00f3\u017caniec<\/div>\n<div class=\"p4\">\n9.00 Msza \u015bw. w j\u0119z. polskim<\/div>\n<div class=\"p4\">\n<b>Sobota 16.06&nbsp;<\/b><\/div>\n<div class=\"p4\">\n17.30 okazja do spowiedzi \u015bw. \/<b>18.00 Msza \u015bw. w j\u0119z. polskim<\/b> i nabo\u017ce\u0144stwo uwielbienia<\/div>\n<div class=\"p6\">\n<b>Niedziela 17.06. IX Niedziela Zwyk\u0142a<\/b><\/div>\n<div class=\"p4\">\n8.30 okazja do spowiedzi \u015bw.\/ R\u00f3\u017caniec<\/div>\n<div class=\"p4\">\n9.00 Msza \u015bw. w j\u0119z. polskim<\/div>\n<div class=\"p4\">\n<b>Sobota 23.06&nbsp;<\/b><\/div>\n<div class=\"p4\">\n17.30 okazja do spowiedzi \u015bw. \/<b>18.00 Msza \u015bw. w j\u0119z. polskim<\/b> i nabo\u017ce\u0144stwo do Serca Pana Jezusa<\/div>\n<div class=\"p6\">\n<b>Niedziela 24.06. X Niedziela Zwyk\u0142a<\/b><\/div>\n<div class=\"p4\">\n8.30 okazja do spowiedzi \u015bw.\/ R\u00f3\u017caniec<\/div>\n<div class=\"p4\">\n<b>9.00 Msza \u015bw. w j\u0119z. polskim<\/b> (dla dzieci) \/ po mszy zapraszamy na kirkekaffe<\/div>\n<div class=\"p4\">\nSobota 30.06<\/div>\n<div class=\"p4\">\n<b>18.00 Msza \u015bw. w j\u0119z. norweskim<\/b> z czytaniami i \u015bpiewem po polsku&nbsp;<\/div>\n<div class=\"p4\">\n(odprawia P. Louis Tien\u2013 nasz nowy proboszcz)<\/div>\n<div class=\"p6\">\n<b>Niedziela 01.07. XI Niedziela Zwyk\u0142a<\/b><\/div>\n<div class=\"p4\">\n8.30 okazja do spowiedzi \u015bw.\/ Wystawienie Naj\u015bw. Sakramentu i R\u00f3\u017caniec<\/div>\n<div class=\"p4\">\n9.00 Msza \u015bw. w j\u0119z. polskim&nbsp;<\/div>\n<div class=\"p7\">\n<\/div>\n<p><\/p>\n","protected":false},"excerpt":{"rendered":"<p>p.p1 {margin: 5.0px 0.0px 0.0px 0.0px; text-align: center; font: 14.0px Times; color: #ff2600} p.p2 {margin: 5.0px 0.0px 0.0px 0.0px; font: 12.0px Arial} p.p3 {margin: 5.0px 0.0px 0.0px 0.0px; font: 12.0px &#8216;Times New Roman&#8217;; min-height: 15.0px} p.p4 {margin: 0.0px 0.0px 8.0px&#8230;<br \/><a class=\"read-more-button\" href=\"https:\/\/stansgar.katolsk.no\/?p=102\">Read more<\/a><\/p>\n","protected":false},"author":3,"featured_media":0,"comment_status":"open","ping_status":"open","sticky":false,"template":"","format":"standard","meta":{"footnotes":""},"categories":[1],"tags":[15],"class_list":["post-102","post","type-post","status-publish","format-standard","hentry","category-ukategorisert","tag-polsk"],"_links":{"self":[{"href":"https:\/\/stansgar.katolsk.no\/index.php?rest_route=\/wp\/v2\/posts\/102","targetHints":{"allow":["GET"]}}],"collection":[{"href":"https:\/\/stansgar.katolsk.no\/index.php?rest_route=\/wp\/v2\/posts"}],"about":[{"href":"https:\/\/stansgar.katolsk.no\/index.php?rest_route=\/wp\/v2\/types\/post"}],"author":[{"embeddable":true,"href":"https:\/\/stansgar.katolsk.no\/index.php?rest_route=\/wp\/v2\/users\/3"}],"replies":[{"embeddable":true,"href":"https:\/\/stansgar.katolsk.no\/index.php?rest_route=%2Fwp%2Fv2%2Fcomments&post=102"}],"version-history":[{"count":1,"href":"https:\/\/stansgar.katolsk.no\/index.php?rest_route=\/wp\/v2\/posts\/102\/revisions"}],"predecessor-version":[{"id":1594,"href":"https:\/\/stansgar.katolsk.no\/index.php?rest_route=\/wp\/v2\/posts\/102\/revisions\/1594"}],"wp:attachment":[{"href":"https:\/\/stansgar.katolsk.no\/index.php?rest_route=%2Fwp%2Fv2%2Fmedia&parent=102"}],"wp:term":[{"taxonomy":"category","embeddable":true,"href":"https:\/\/stansgar.katolsk.no\/index.php?rest_route=%2Fwp%2Fv2%2Fcategories&post=102"},{"taxonomy":"post_tag","embeddable":true,"href":"https:\/\/stansgar.katolsk.no\/index.php?rest_route=%2Fwp%2Fv2%2Ftags&post=102"}],"curies":[{"name":"wp","href":"https:\/\/api.w.org\/{rel}","templated":true}]}}