{"id":10163,"date":"2022-04-03T10:01:02","date_gmt":"2022-04-03T08:01:02","guid":{"rendered":"https:\/\/stansgar.katolsk.no\/?p=10163"},"modified":"2022-04-02T10:59:29","modified_gmt":"2022-04-02T08:59:29","slug":"kunngjoringer-sondag-3-april-2022","status":"publish","type":"post","link":"https:\/\/stansgar.katolsk.no\/?p=10163","title":{"rendered":"KUNNGJ\u00d8RINGER S\u00d8NDAG 3. APRIL 2022"},"content":{"rendered":"<table width=\"595\">\n<tbody>\n<tr>\n<td width=\"76\">Tirsdag<\/td>\n<td width=\"73\">05.04.<\/td>\n<td colspan=\"3\" width=\"32\">kl.<\/p>\n<p>kl.<\/td>\n<td width=\"56\">17.30<\/p>\n<p>18.00<\/td>\n<td width=\"359\">Vesper<\/p>\n<p>Messe &#8211; etterfulgt av sakramentstilbedelse<\/td>\n<\/tr>\n<tr>\n<td width=\"76\">Onsdag<\/td>\n<td width=\"73\">06.04.<\/td>\n<td colspan=\"3\" width=\"32\">kl.<\/td>\n<td width=\"56\">18.00<\/td>\n<td width=\"359\">Messe &#8211; etterfulgt av korsveiandakt p\u00e5 vietnamesisk<\/td>\n<\/tr>\n<tr>\n<td width=\"76\">Torsdag<\/td>\n<td width=\"73\">07.04.<\/td>\n<td colspan=\"3\" width=\"32\">kl.<\/td>\n<td width=\"56\">11.00<\/td>\n<td width=\"359\">Messe &#8211; etterfulgt av felles lunsj i Kiga.<\/p>\n<p>Etter messen er det stille tilbedelse fram til kl. 17.45.<\/p>\n<p>Vi ber spesielt for kall til ordenslivet og presteskapet.<\/td>\n<\/tr>\n<tr>\n<td width=\"76\">&nbsp;<\/td>\n<td width=\"73\">&nbsp;<\/td>\n<td colspan=\"3\" width=\"32\">kl.<\/td>\n<td width=\"56\">18.00<\/td>\n<td width=\"359\">Messe &#8211; etterfulgt av korsveiandakt p\u00e5 spansk<\/td>\n<\/tr>\n<tr>\n<td width=\"76\">Fredag<\/td>\n<td width=\"73\">08.04.<\/td>\n<td colspan=\"3\" width=\"32\">kl.<\/p>\n<p>kl.<\/td>\n<td width=\"56\">17.00<\/p>\n<p>18.00<\/td>\n<td width=\"359\">Sakramentstilbedelse \u2013 Skriftem\u00e5l under tilbedelsen<\/p>\n<p>Messe &#8211; etterfulgt av korsveiandakt p\u00e5 norsk<\/td>\n<\/tr>\n<tr>\n<td width=\"76\">L\u00f8rdag<\/td>\n<td width=\"73\">09.04.<\/td>\n<td colspan=\"3\" width=\"32\">kl.<\/p>\n<p>kl.<\/td>\n<td width=\"56\">13.00<\/p>\n<p>18.00<\/td>\n<td width=\"359\">Katekesemesse<\/p>\n<p>Messe p\u00e5 polsk<\/td>\n<\/tr>\n<tr>\n<td width=\"76\">S\u00f8ndag<\/td>\n<td colspan=\"6\" width=\"520\">10.04.&nbsp;&nbsp;&nbsp;&nbsp;&nbsp;&nbsp; &nbsp;&nbsp;&nbsp; PALMES\u00d8NDAG &#8211; Palmevigsel, prosesjon og messe<\/td>\n<\/tr>\n<tr>\n<td width=\"76\">&nbsp;<\/p>\n<p>&nbsp;<\/p>\n<p>&nbsp;<\/p>\n<p>Andre steder:<\/td>\n<td colspan=\"2\" width=\"74\">&nbsp;<\/td>\n<td width=\"31\">kl.<\/p>\n<p>kl.<\/p>\n<p>kl.<\/p>\n<p>&nbsp;<\/p>\n<p>kl.<\/td>\n<td colspan=\"2\" width=\"56\">09.00<\/p>\n<p>11.00<\/p>\n<p>13.00<\/p>\n<p>&nbsp;<\/p>\n<p>17.00<\/td>\n<td width=\"359\">Messe p\u00e5 polsk<\/p>\n<p>H\u00f8ymesse p\u00e5 norsk<\/p>\n<p>Messe p\u00e5 vietnamesisk<\/p>\n<p>&nbsp;<\/p>\n<p>Messe p\u00e5 Stella Maris<\/td>\n<\/tr>\n<\/tbody>\n<\/table>\n<p><strong>Annet:<\/strong><\/p>\n<p><strong>1) Katekese l\u00f8rdag 9. april<\/strong><\/p>\n<p><strong>Kl. 10.00 \u2013 14.00: Katekese for barn p\u00e5 1., 2. og 4. trinn<\/strong><\/p>\n<p>&#8211;&nbsp;&nbsp;&nbsp;&nbsp;&nbsp;&nbsp; Kl. 13.00 \u2013 14.00: Katekesemesse for barn og foreldre<\/p>\n<p><strong>Kl. 13.00 \u2013 17.00: Katekese for barn p\u00e5 3. trinn<\/strong><\/p>\n<p>&#8211;&nbsp;&nbsp;&nbsp;&nbsp;&nbsp;&nbsp; Kl. 13.00 \u2013 14.00: Katekesemesse for barn og foreldre<\/p>\n<p>I katekesemessen framf\u00f8rer barn og ungdommer syngespillet om p\u00e5sken \u00abHar du h\u00f8rt det?\u00bb.<\/p>\n<p><strong>Alle kan komme til katekesemessen kl. 13.00.<\/strong><\/p>\n<p>&nbsp;<strong>2)<\/strong> S\u00f8ndag 10. april under h\u00f8ymessen kl. 11.00 framf\u00f8rer barn og ungdommer syngespillet om p\u00e5sken \u00abHar du h\u00f8rt det?\u00bb.<\/p>\n<p><strong>3) <\/strong>Om en uke skal hele Den Hellige Katolske Kirken g\u00e5r inn i Den Stille Uke og feirer Kristi p\u00e5ske. Alle inviteres til \u00e5 omvende seg og forberede seg til h\u00f8ytiden.<\/p>\n<p>Alle inviteres til \u00e5 komme til messene og de andre liturgiske feiringene.<\/p>\n<p>Program for \u201cMessetidene i Den Stille Uke og P\u00e5sken 2022\u201d legges ut p\u00e5 menighetens nettside.<\/p>\n<p>&nbsp;<\/p>\n<p><strong>4)<\/strong> Tirsdag 5. april kl. 19.00 er det bibelgruppe.<\/p>\n<p><strong>5)<\/strong> Torsdag 7. april kl. 18.45 er det troskurs.<\/p>\n<p><strong>6) S\u00f8ndagsplikten gjeninnf\u00f8res<\/strong><\/p>\n<p>Biskop Bernt I. Eidsvig, Can. Reg. har informert om s\u00f8ndagsplikten:<\/p>\n<p>\u00ab<em>Fra og med palmes\u00f8ndag \u2013 den 10. april \u2013 gjeninnf\u00f8res messeplikten etter samme regler som tidligere. Jeg ber prestene kunngj\u00f8re dette i helgens messer. <\/em><\/p>\n<p><em>Plikten gjelder ikke ubetinget. Personer som har alvorlig, smittsom sykdom, b\u00f8r holde seg hjemme. Andre som lider av \u00abunderliggende\u00bb sykdommer, b\u00f8r be fastlegen om r\u00e5d. <\/em><\/p>\n<p><em>Det har de siste uker v\u00e6rt en s\u00e6rskilt glede \u00e5 erfare at messbes\u00f8ket synes \u00e5 v\u00e6re tilbake til det normale helt av seg selv<\/em>\u00bb.<\/p>\n<p>Dette betyr at alle troende som ikke er syke m\u00e5 komme fysisk til messe p\u00e5 s\u00f8ndager. \u00c5 f\u00f8lge direktesendte messer eller messer p\u00e5 TV oppfyller ikke s\u00f8ndagsplikten.<\/p>\n<p>&nbsp;<\/p>\n<p style=\"text-align: center;\"><strong>Alle er hjertelig velkommen til kirkekaffe. \u00d8nsker dere riktig god s\u00f8ndag!<\/strong><\/p>\n","protected":false},"excerpt":{"rendered":"<p>Tirsdag 05.04. kl. kl. 17.30 18.00 Vesper Messe &#8211; etterfulgt av sakramentstilbedelse Onsdag 06.04. kl. 18.00 Messe &#8211; etterfulgt av korsveiandakt p\u00e5 vietnamesisk Torsdag 07.04. kl. 11.00 Messe &#8211; etterfulgt av felles lunsj i Kiga. Etter messen er det stille&#8230;<br \/><a class=\"read-more-button\" href=\"https:\/\/stansgar.katolsk.no\/?p=10163\">Read more<\/a><\/p>\n","protected":false},"author":1,"featured_media":0,"comment_status":"open","ping_status":"open","sticky":false,"template":"","format":"standard","meta":{"footnotes":""},"categories":[482],"tags":[],"class_list":["post-10163","post","type-post","status-publish","format-standard","hentry","category-kunngjoringer"],"_links":{"self":[{"href":"https:\/\/stansgar.katolsk.no\/index.php?rest_route=\/wp\/v2\/posts\/10163","targetHints":{"allow":["GET"]}}],"collection":[{"href":"https:\/\/stansgar.katolsk.no\/index.php?rest_route=\/wp\/v2\/posts"}],"about":[{"href":"https:\/\/stansgar.katolsk.no\/index.php?rest_route=\/wp\/v2\/types\/post"}],"author":[{"embeddable":true,"href":"https:\/\/stansgar.katolsk.no\/index.php?rest_route=\/wp\/v2\/users\/1"}],"replies":[{"embeddable":true,"href":"https:\/\/stansgar.katolsk.no\/index.php?rest_route=%2Fwp%2Fv2%2Fcomments&post=10163"}],"version-history":[{"count":2,"href":"https:\/\/stansgar.katolsk.no\/index.php?rest_route=\/wp\/v2\/posts\/10163\/revisions"}],"predecessor-version":[{"id":10168,"href":"https:\/\/stansgar.katolsk.no\/index.php?rest_route=\/wp\/v2\/posts\/10163\/revisions\/10168"}],"wp:attachment":[{"href":"https:\/\/stansgar.katolsk.no\/index.php?rest_route=%2Fwp%2Fv2%2Fmedia&parent=10163"}],"wp:term":[{"taxonomy":"category","embeddable":true,"href":"https:\/\/stansgar.katolsk.no\/index.php?rest_route=%2Fwp%2Fv2%2Fcategories&post=10163"},{"taxonomy":"post_tag","embeddable":true,"href":"https:\/\/stansgar.katolsk.no\/index.php?rest_route=%2Fwp%2Fv2%2Ftags&post=10163"}],"curies":[{"name":"wp","href":"https:\/\/api.w.org\/{rel}","templated":true}]}}