{"id":10145,"date":"2022-03-27T10:01:09","date_gmt":"2022-03-27T08:01:09","guid":{"rendered":"https:\/\/stansgar.katolsk.no\/?p=10145"},"modified":"2022-03-28T09:38:13","modified_gmt":"2022-03-28T07:38:13","slug":"kunngjoringer-sondag-27-mars-2022","status":"publish","type":"post","link":"https:\/\/stansgar.katolsk.no\/?p=10145","title":{"rendered":"KUNNGJ\u00d8RINGER S\u00d8NDAG 27. MARS 2022"},"content":{"rendered":"<p style=\"text-align: center;\"><strong>&nbsp;KUNNGJ\u00d8RINGER S\u00d8NDAG 27. MARS 2022<\/strong><\/p>\n<table width=\"595\">\n<tbody>\n<tr>\n<td width=\"76\">Tirsdag<\/td>\n<td width=\"73\">29.03.<\/td>\n<td colspan=\"3\" width=\"32\">kl.<\/p>\n<p>kl.<\/td>\n<td width=\"56\">17.30<\/p>\n<p>18.00<\/td>\n<td width=\"359\">Vesper<\/p>\n<p>Messe &#8211; etterfulgt av sakramentstilbedelse<\/td>\n<\/tr>\n<tr>\n<td width=\"76\">Onsdag<\/td>\n<td width=\"73\">30.03.<\/td>\n<td colspan=\"3\" width=\"32\">kl.<\/td>\n<td width=\"56\">18.00<\/td>\n<td width=\"359\">Messe &#8211; etterfulgt av korsveiandakt p\u00e5 vietnamesisk<\/td>\n<\/tr>\n<tr>\n<td width=\"76\">Torsdag<\/td>\n<td width=\"73\">31.03.<\/td>\n<td colspan=\"3\" width=\"32\">kl.<\/td>\n<td width=\"56\">11.00<\/td>\n<td width=\"359\">Messe &#8211; etterfulgt av felles lunsj i Kiga.<\/td>\n<\/tr>\n<tr>\n<td width=\"76\">&nbsp;<\/td>\n<td width=\"73\">&nbsp;<\/td>\n<td colspan=\"3\" width=\"32\">kl.<\/td>\n<td width=\"56\">18.00<\/td>\n<td width=\"359\">Messe &#8211; etterfulgt av korsveiandakt p\u00e5 spansk<\/td>\n<\/tr>\n<tr>\n<td width=\"76\">Fredag<\/td>\n<td width=\"73\">01.03.<\/td>\n<td colspan=\"3\" width=\"32\">kl.<\/td>\n<td width=\"56\">18.00<\/td>\n<td width=\"359\">Messe &#8211; etterfulgt av korsveiandakt p\u00e5 norsk<\/td>\n<\/tr>\n<tr>\n<td width=\"76\">L\u00f8rdag<\/td>\n<td width=\"73\">02.04.<\/td>\n<td colspan=\"3\" width=\"32\">kl.<\/p>\n<p>kl.<\/p>\n<p>kl.<\/td>\n<td width=\"56\">11.00<\/p>\n<p>13.00<\/p>\n<p>18.00<\/td>\n<td width=\"359\">Messe p\u00e5 kroatisk<\/p>\n<p>Katekesemesse<\/p>\n<p>Messe p\u00e5 polsk<\/td>\n<\/tr>\n<tr>\n<td width=\"76\">S\u00f8ndag<\/td>\n<td colspan=\"6\" width=\"520\">03.04.&nbsp; &nbsp;&nbsp;&nbsp; 5. S\u00d8NDAG I FASTEN<\/td>\n<\/tr>\n<tr>\n<td width=\"76\">&nbsp;<\/td>\n<td colspan=\"2\" width=\"74\">&nbsp;<\/td>\n<td width=\"31\">kl.<\/p>\n<p>kl.<\/p>\n<p>kl.<\/p>\n<p>kl.<\/td>\n<td colspan=\"2\" width=\"56\">09.00<\/p>\n<p>11.00<\/p>\n<p>13.00<\/p>\n<p>14.30<\/td>\n<td width=\"359\">Messe p\u00e5 polsk<\/p>\n<p>H\u00f8ymesse p\u00e5 norsk<\/p>\n<p>Messe p\u00e5 vietnamesisk<\/p>\n<p>Messe p\u00e5 kaldeisk<\/td>\n<\/tr>\n<\/tbody>\n<\/table>\n<p><strong>Annet:<\/strong><\/p>\n<ol>\n<li><strong> Ukrainske flyktninger<\/strong><\/li>\n<\/ol>\n<p>St Ansgar menighet samarbeider med de andre menighetene i byen om et velkomstsenter for flyktninger fra Ukraina i Domkirkens menighetshus. P\u00e5 velkomstsenteret er det leker for barn og sosialt samv\u00e6r for de voksne. I tillegg arrangeres felles b\u00f8nn p\u00e5 engelsk i Domkirken hver dag<br \/>\nkl 10.00 for flyktningene og alle andre. Vi trenger frivillige fra menigheten som kan v\u00e6re hjelpe til p\u00e5 velkomstsenteret og\/eller i felles b\u00f8nn. Ta kontakt med Caritas-gruppen hvis du kan hjelpe.<\/p>\n<ol start=\"2\">\n<li><strong>Kom og h\u00f8r om Caritas sitt hjelpearbeid i UKRAINA<\/strong><\/li>\n<\/ol>\n<p>Caritas St.&nbsp; Ansgar inviterer til vaffelkveld etter kveldsmessen onsdag 30. mars.<\/p>\n<p>\u00c5pent hus for sosialt samv\u00e6r med enkel servering. Det blir orientering om Caritas sitt aktuelle hjelpearbeid for flyktninger i og utenfor Ukraina. Og det blir mulighet for kj\u00f8p av kaffe og vafler samt loddsalg til inntekt for hjelpearbeidet.<\/p>\n<p>Det blir ogs\u00e5 anledning til \u00e5 lage p\u00e5skepynt for senere salg p\u00e5 p\u00e5skebasaren.<\/p>\n<p>Alle \u00f8nskes hjertelig velkommen.<\/p>\n<ol start=\"3\">\n<li><b><span data-contrast=\"auto\"> Fredag 1. april <\/span><\/b><span data-contrast=\"auto\">kl. 18. 30 \u2013 kl. 20.45<\/span> <span data-contrast=\"auto\">har Juniorklubben p\u00e5skeverksted og quiz i Kiga.<\/span><\/li>\n<\/ol>\n<p><span data-ccp-props=\"{&quot;201341983&quot;:0,&quot;335551550&quot;:6,&quot;335551620&quot;:6,&quot;335559739&quot;:120,&quot;335559740&quot;:276}\">&nbsp;<\/span><\/p>\n<p><span data-ccp-props=\"{&quot;201341983&quot;:0,&quot;335551550&quot;:6,&quot;335551620&quot;:6,&quot;335559739&quot;:120,&quot;335559740&quot;:276}\">&nbsp;<\/span><b><span data-contrast=\"auto\">4. Katekese l\u00f8rdag 2. april<\/span><\/b><\/p>\n<p><b><span data-contrast=\"auto\">Kl. 10.00 &#8211; 13.45: Katekese for ungdommer p\u00e5 5., 7. og 9. trinn<\/span><\/b><span data-ccp-props=\"{&quot;201341983&quot;:0,&quot;335559740&quot;:276}\">&nbsp;<\/span><\/p>\n<ul>\n<li data-leveltext=\"-\" data-font=\"Times New Roman\" data-listid=\"27\" aria-setsize=\"-1\" data-aria-posinset=\"17\" data-aria-level=\"1\"><span data-contrast=\"auto\">Kl. 13.00 \u2013 13.45: Katekesemesse for barn og ungdommer&nbsp;<\/span><span data-ccp-props=\"{&quot;201341983&quot;:0,&quot;335559740&quot;:276}\">&nbsp;<\/span><\/li>\n<\/ul>\n<p><span data-ccp-props=\"{&quot;201341983&quot;:0,&quot;335559685&quot;:720,&quot;335559740&quot;:276}\">&nbsp;<\/span><\/p>\n<p><b><span data-contrast=\"auto\">Kl. 13.00 &#8211; 17.00: Katekese for ungdommer p\u00e5 6. og 8. trinn&nbsp;<\/span><\/b><span data-ccp-props=\"{&quot;201341983&quot;:0,&quot;335559740&quot;:276}\">&nbsp;<\/span><\/p>\n<ul>\n<li data-leveltext=\"-\" data-font=\"Times New Roman\" data-listid=\"28\" aria-setsize=\"-1\" data-aria-posinset=\"17\" data-aria-level=\"1\"><span data-contrast=\"auto\">Kl. 13.00 \u2013 13.45: Katekesemesse for barn og ungdommer&nbsp;<\/span><\/li>\n<\/ul>\n<p><strong>&nbsp;<\/strong><\/p>\n<p style=\"text-align: center;\"><strong>Alle er hjertelig velkommen til kirkekaffe. \u00d8nsker dere riktig god s\u00f8ndag!<\/strong><\/p>\n","protected":false},"excerpt":{"rendered":"<p>&nbsp;KUNNGJ\u00d8RINGER S\u00d8NDAG 27. MARS 2022 Tirsdag 29.03. kl. kl. 17.30 18.00 Vesper Messe &#8211; etterfulgt av sakramentstilbedelse Onsdag 30.03. kl. 18.00 Messe &#8211; etterfulgt av korsveiandakt p\u00e5 vietnamesisk Torsdag 31.03. kl. 11.00 Messe &#8211; etterfulgt av felles lunsj i Kiga&#8230;.<br \/><a class=\"read-more-button\" href=\"https:\/\/stansgar.katolsk.no\/?p=10145\">Read more<\/a><\/p>\n","protected":false},"author":1,"featured_media":0,"comment_status":"open","ping_status":"open","sticky":false,"template":"","format":"standard","meta":{"footnotes":""},"categories":[482],"tags":[],"class_list":["post-10145","post","type-post","status-publish","format-standard","hentry","category-kunngjoringer"],"_links":{"self":[{"href":"https:\/\/stansgar.katolsk.no\/index.php?rest_route=\/wp\/v2\/posts\/10145","targetHints":{"allow":["GET"]}}],"collection":[{"href":"https:\/\/stansgar.katolsk.no\/index.php?rest_route=\/wp\/v2\/posts"}],"about":[{"href":"https:\/\/stansgar.katolsk.no\/index.php?rest_route=\/wp\/v2\/types\/post"}],"author":[{"embeddable":true,"href":"https:\/\/stansgar.katolsk.no\/index.php?rest_route=\/wp\/v2\/users\/1"}],"replies":[{"embeddable":true,"href":"https:\/\/stansgar.katolsk.no\/index.php?rest_route=%2Fwp%2Fv2%2Fcomments&post=10145"}],"version-history":[{"count":3,"href":"https:\/\/stansgar.katolsk.no\/index.php?rest_route=\/wp\/v2\/posts\/10145\/revisions"}],"predecessor-version":[{"id":10152,"href":"https:\/\/stansgar.katolsk.no\/index.php?rest_route=\/wp\/v2\/posts\/10145\/revisions\/10152"}],"wp:attachment":[{"href":"https:\/\/stansgar.katolsk.no\/index.php?rest_route=%2Fwp%2Fv2%2Fmedia&parent=10145"}],"wp:term":[{"taxonomy":"category","embeddable":true,"href":"https:\/\/stansgar.katolsk.no\/index.php?rest_route=%2Fwp%2Fv2%2Fcategories&post=10145"},{"taxonomy":"post_tag","embeddable":true,"href":"https:\/\/stansgar.katolsk.no\/index.php?rest_route=%2Fwp%2Fv2%2Ftags&post=10145"}],"curies":[{"name":"wp","href":"https:\/\/api.w.org\/{rel}","templated":true}]}}