{"id":1008,"date":"2012-10-11T08:25:00","date_gmt":"2012-10-11T06:25:00","guid":{"rendered":"http:\/\/stansgar.katolsk.no\/index.php\/2012\/10\/11\/biskopens-hyrdebrev-i-anledning-troens\/"},"modified":"2018-10-12T09:13:02","modified_gmt":"2018-10-12T07:13:02","slug":"biskopens-hyrdebrev-i-anledning-troens","status":"publish","type":"post","link":"https:\/\/stansgar.katolsk.no\/?p=1008","title":{"rendered":"Biskopens hyrdebrev i anledning Troens \u00e5r"},"content":{"rendered":"<p>\nBiskopen skriver:<\/p>\n<p><a href=\"http:\/\/www.katolsk.no\/nyheter\/2011\/03\/vapen750x1000.jpg\/image_large\" rel=\"lightbox\" style=\"background-color: #f9f7f1; border-bottom-color: rgb(204, 204, 204); border-bottom-style: solid; border-bottom-width: 1px; color: #5b3f2a; font-family: Georgia, Times, 'Times New Roman', serif; font-size: 14px; line-height: 21px; text-decoration: none;\"><img loading=\"lazy\" decoding=\"async\" alt=\"Bispev\u00e5pen Bernt Eidsvig\" class=\"image-right\" height=\"272\" src=\"http:\/\/www.katolsk.no\/nyheter\/2011\/03\/vapen750x1000.jpg\/image_mini\" style=\"border: 0px !important; clear: both; float: right; margin: 0.5em; vertical-align: middle;\" width=\"204\" \/><\/a>Da Den hellige far utropte troens \u00e5r, som skal vare fra 11. oktober frem til Kristi kongefest i 2013, var det med et dypt \u00f8nske om at vi som troende i dette jubileums\u00e5ret for Det annet vatikankonsil og Den katolske kirkes katekisme skulle \u201dgjenoppdage troens ferd for \u00e5 kunne kaste et stadig klarere lys over gleden og den fornyede entusiasmen som f\u00f8lger av et m\u00f8te med Kristus\u201d. Kortere sagt: at vi skal gjenoppdage gleden ved det \u00e5 f\u00e5 v\u00e6re troende!<\/p>\n<p>\nLes resten av hyrdebrevet&nbsp;<a href=\"http:\/\/www.katolsk.no\/nyheter\/2012\/10\/ta-imot-2013-gi-videre-biskop-bernt-eidsvigs-hyrdebrev-i-anledning-troens-ar\" target=\"_blank\">her<\/a><br \/>\nTeksten foreligger ogs\u00e5 p\u00e5 polsk og vietnamesisk.<\/p>\n<p><a href=\"http:\/\/www.katolsk.no\/nyheter\/2012\/09\/katekismen-pa-ett-ar\" target=\"_blank\">Her<\/a>&nbsp;finner du ut mer om \u00e5 lese katekismen p\u00e5 ett \u00e5r!<\/p>\n<p>\nPaven om troen:<\/p>\n<p>\n<iframe loading=\"lazy\" allowfullscreen=\"allowfullscreen\" frameborder=\"0\" height=\"315\" src=\"http:\/\/www.youtube.com\/embed\/Ca6F2V6IiBs?rel=0\" width=\"420\"><\/iframe><\/p>\n","protected":false},"excerpt":{"rendered":"<p>Biskopen skriver: Da Den hellige far utropte troens \u00e5r, som skal vare fra 11. oktober frem til Kristi kongefest i 2013, var det med et dypt \u00f8nske om at vi som troende i dette jubileums\u00e5ret for Det annet vatikankonsil og&#8230;<br \/><a class=\"read-more-button\" href=\"https:\/\/stansgar.katolsk.no\/?p=1008\">Read more<\/a><\/p>\n","protected":false},"author":3,"featured_media":0,"comment_status":"open","ping_status":"open","sticky":false,"template":"","format":"standard","meta":{"footnotes":""},"categories":[1],"tags":[109,125,163],"class_list":["post-1008","post","type-post","status-publish","format-standard","hentry","category-ukategorisert","tag-biskopen","tag-paven","tag-troens-ar"],"_links":{"self":[{"href":"https:\/\/stansgar.katolsk.no\/index.php?rest_route=\/wp\/v2\/posts\/1008","targetHints":{"allow":["GET"]}}],"collection":[{"href":"https:\/\/stansgar.katolsk.no\/index.php?rest_route=\/wp\/v2\/posts"}],"about":[{"href":"https:\/\/stansgar.katolsk.no\/index.php?rest_route=\/wp\/v2\/types\/post"}],"author":[{"embeddable":true,"href":"https:\/\/stansgar.katolsk.no\/index.php?rest_route=\/wp\/v2\/users\/3"}],"replies":[{"embeddable":true,"href":"https:\/\/stansgar.katolsk.no\/index.php?rest_route=%2Fwp%2Fv2%2Fcomments&post=1008"}],"version-history":[{"count":1,"href":"https:\/\/stansgar.katolsk.no\/index.php?rest_route=\/wp\/v2\/posts\/1008\/revisions"}],"predecessor-version":[{"id":3124,"href":"https:\/\/stansgar.katolsk.no\/index.php?rest_route=\/wp\/v2\/posts\/1008\/revisions\/3124"}],"wp:attachment":[{"href":"https:\/\/stansgar.katolsk.no\/index.php?rest_route=%2Fwp%2Fv2%2Fmedia&parent=1008"}],"wp:term":[{"taxonomy":"category","embeddable":true,"href":"https:\/\/stansgar.katolsk.no\/index.php?rest_route=%2Fwp%2Fv2%2Fcategories&post=1008"},{"taxonomy":"post_tag","embeddable":true,"href":"https:\/\/stansgar.katolsk.no\/index.php?rest_route=%2Fwp%2Fv2%2Ftags&post=1008"}],"curies":[{"name":"wp","href":"https:\/\/api.w.org\/{rel}","templated":true}]}}