{"id":1007,"date":"2012-10-16T09:09:00","date_gmt":"2012-10-16T07:09:00","guid":{"rendered":"http:\/\/stansgar.katolsk.no\/index.php\/2012\/10\/16\/fakkeltog-til-sttte-for-forfulgte\/"},"modified":"2018-10-12T09:13:02","modified_gmt":"2018-10-12T07:13:02","slug":"fakkeltog-til-sttte-for-forfulgte","status":"publish","type":"post","link":"https:\/\/stansgar.katolsk.no\/?p=1007","title":{"rendered":"Fakkeltog til st\u00f8tte for forfulgte kristne"},"content":{"rendered":"<p><\/p>\n<blockquote style=\"background-color: white; color: #222222; font-family: arial, sans-serif;\" type=\"cite\"><p>\n<\/p>\n<div lang=\"NO-BOK\" link=\"blue\" vlink=\"purple\">\n<div style=\"font-family: Calibri, sans-serif; font-size: 11pt; margin: 0cm 0cm 0.0001pt;\">\n<\/div>\n<div style=\"font-family: Calibri, sans-serif; margin: 0cm 0cm 0.0001pt;\">\n<i><b>Den 18. oktober kl 18-20<\/b> arrangerer &nbsp;\u00c5pne D\u00f8rer og Stefanusalliansen fakkeltog i Kristiansand \u2013 i solidaritet med forfulgte kristne. &nbsp;Organisasjonene &nbsp;har store forventninger til at dette vil bidra til \u00e5 sette saken &nbsp;p\u00e5 den offisielle dagsorden. \u00c5rets spesielle fokus er de arabiske landene Syria, Egypt og Irak. Det blir fakkeltog i flere store byer denne dagen. I Oslo har Jonas G St\u00f8re sagt ja til \u00e5 holde appell. Han vil ogs\u00e5 ta i mot et felles opprop. I Kristiansand blir det appeller b\u00e5de fra lokale og sentrale politikere, sannhetsvitner og \u00c5pne D\u00f8rer.<\/i><\/div>\n<\/div>\n<\/blockquote>\n<p>Fra St.Ansgar menighet deltar p. Frode Eikenes, og alle menighetens medlemmer oppfordres sterkt til \u00e5 delta i denne viktige markeringen.&nbsp;<br \/>\nMer info&nbsp;<a href=\"http:\/\/www.fakkeltog.no\/\" target=\"_blank\">her<\/a><\/p>\n","protected":false},"excerpt":{"rendered":"<p>Den 18. oktober kl 18-20 arrangerer &nbsp;\u00c5pne D\u00f8rer og Stefanusalliansen fakkeltog i Kristiansand \u2013 i solidaritet med forfulgte kristne. &nbsp;Organisasjonene &nbsp;har store forventninger til at dette vil bidra til \u00e5 sette saken &nbsp;p\u00e5 den offisielle dagsorden. \u00c5rets spesielle fokus er&#8230;<br \/><a class=\"read-more-button\" href=\"https:\/\/stansgar.katolsk.no\/?p=1007\">Read more<\/a><\/p>\n","protected":false},"author":3,"featured_media":0,"comment_status":"open","ping_status":"open","sticky":false,"template":"","format":"standard","meta":{"footnotes":""},"categories":[1],"tags":[],"class_list":["post-1007","post","type-post","status-publish","format-standard","hentry","category-ukategorisert"],"_links":{"self":[{"href":"https:\/\/stansgar.katolsk.no\/index.php?rest_route=\/wp\/v2\/posts\/1007","targetHints":{"allow":["GET"]}}],"collection":[{"href":"https:\/\/stansgar.katolsk.no\/index.php?rest_route=\/wp\/v2\/posts"}],"about":[{"href":"https:\/\/stansgar.katolsk.no\/index.php?rest_route=\/wp\/v2\/types\/post"}],"author":[{"embeddable":true,"href":"https:\/\/stansgar.katolsk.no\/index.php?rest_route=\/wp\/v2\/users\/3"}],"replies":[{"embeddable":true,"href":"https:\/\/stansgar.katolsk.no\/index.php?rest_route=%2Fwp%2Fv2%2Fcomments&post=1007"}],"version-history":[{"count":1,"href":"https:\/\/stansgar.katolsk.no\/index.php?rest_route=\/wp\/v2\/posts\/1007\/revisions"}],"predecessor-version":[{"id":3123,"href":"https:\/\/stansgar.katolsk.no\/index.php?rest_route=\/wp\/v2\/posts\/1007\/revisions\/3123"}],"wp:attachment":[{"href":"https:\/\/stansgar.katolsk.no\/index.php?rest_route=%2Fwp%2Fv2%2Fmedia&parent=1007"}],"wp:term":[{"taxonomy":"category","embeddable":true,"href":"https:\/\/stansgar.katolsk.no\/index.php?rest_route=%2Fwp%2Fv2%2Fcategories&post=1007"},{"taxonomy":"post_tag","embeddable":true,"href":"https:\/\/stansgar.katolsk.no\/index.php?rest_route=%2Fwp%2Fv2%2Ftags&post=1007"}],"curies":[{"name":"wp","href":"https:\/\/api.w.org\/{rel}","templated":true}]}}