{"id":10050,"date":"2022-03-06T10:08:59","date_gmt":"2022-03-06T09:08:59","guid":{"rendered":"https:\/\/stansgar.katolsk.no\/?p=10050"},"modified":"2022-03-04T10:10:10","modified_gmt":"2022-03-04T09:10:10","slug":"kunngjoringer-sondag-6-mars-2022","status":"publish","type":"post","link":"https:\/\/stansgar.katolsk.no\/?p=10050","title":{"rendered":"KUNNGJ\u00d8RINGER S\u00d8NDAG 6. MARS 2022"},"content":{"rendered":"<p style=\"text-align: center;\"><strong>&nbsp;KUNNGJ\u00d8RINGER S\u00d8NDAG 6. MARS 2022<\/strong><\/p>\n<table width=\"595\">\n<tbody>\n<tr>\n<td width=\"76\">Tirsdag<\/td>\n<td width=\"73\">08.03.<\/td>\n<td colspan=\"3\" width=\"32\">kl.<\/p>\n<p>kl.<\/td>\n<td width=\"56\">17.30<\/p>\n<p>18.00<\/td>\n<td width=\"359\">Vesper<\/p>\n<p>Messe &#8211; etterfulgt av sakramentstilbedelse<\/td>\n<\/tr>\n<tr>\n<td width=\"76\">Onsdag<\/td>\n<td width=\"73\">09.03.<\/td>\n<td colspan=\"3\" width=\"32\">kl.<\/td>\n<td width=\"56\">18.00<\/td>\n<td width=\"359\">Messe &#8211; etterfulgt av korsveiandakt p\u00e5 vietnamesisk<\/td>\n<\/tr>\n<tr>\n<td width=\"76\">Torsdag<\/td>\n<td width=\"73\">10.03.<\/td>\n<td colspan=\"3\" width=\"32\">kl.<\/td>\n<td width=\"56\">11.00<\/td>\n<td width=\"359\">Messe &#8211; etterfulgt av felles lunsj i Kiga.<\/td>\n<\/tr>\n<tr>\n<td width=\"76\">&nbsp;<\/td>\n<td width=\"73\">&nbsp;<\/td>\n<td colspan=\"3\" width=\"32\">kl.<\/td>\n<td width=\"56\">18.00<\/td>\n<td width=\"359\">Messe &#8211; etterfulgt av retrett for voksne i Kiga<\/td>\n<\/tr>\n<tr>\n<td width=\"76\">Fredag<\/td>\n<td width=\"73\">11.03.<\/td>\n<td colspan=\"3\" width=\"32\">kl.<\/td>\n<td width=\"56\">18.00<\/td>\n<td width=\"359\">Messe &#8211; etterfulgt av retrett for voksne i Kiga<\/td>\n<\/tr>\n<tr>\n<td rowspan=\"2\" width=\"76\">L\u00f8rdag<\/td>\n<td rowspan=\"2\" width=\"73\">12.03.<\/td>\n<td colspan=\"5\" width=\"446\">Retretten for barn, ungdommer og kateketer fra kl.10.00 \u2013 kl.17.00<\/td>\n<\/tr>\n<tr>\n<td colspan=\"3\" width=\"32\">kl.<\/p>\n<p>kl.<\/td>\n<td width=\"56\">13.00<\/p>\n<p>18.00<\/td>\n<td width=\"359\">Katekesemesse<\/p>\n<p>Messe p\u00e5 polsk &#8211; etterfulgt av korsveiandakt p\u00e5 polsk<\/td>\n<\/tr>\n<tr>\n<td width=\"76\">S\u00f8ndag<\/td>\n<td colspan=\"6\" width=\"520\">13.03.&nbsp; &nbsp;&nbsp;&nbsp; 2. S\u00d8NDAG I FASTEN<\/td>\n<\/tr>\n<tr>\n<td width=\"76\">&nbsp;<\/p>\n<p>&nbsp;<\/p>\n<p>&nbsp;<\/p>\n<p>Andre steder<\/td>\n<td colspan=\"2\" width=\"74\">&nbsp;<\/td>\n<td width=\"31\">kl.<\/p>\n<p>kl.<\/p>\n<p>kl.<\/p>\n<p>&nbsp;<\/p>\n<p>kl.<\/td>\n<td colspan=\"2\" width=\"56\">09.00<\/p>\n<p>11.00<\/p>\n<p>13.00<\/p>\n<p>&nbsp;<\/p>\n<p>17.00<\/td>\n<td width=\"359\">Messe p\u00e5 polsk<\/p>\n<p>H\u00f8ymesse<\/p>\n<p>Messe p\u00e5 vietnamesisk<\/p>\n<p>&nbsp;<\/p>\n<p>Messe p\u00e5 Stella Maris<\/td>\n<\/tr>\n<\/tbody>\n<\/table>\n<p><strong>Annet:&nbsp;&nbsp;&nbsp;&nbsp;&nbsp;&nbsp;&nbsp;&nbsp;&nbsp;&nbsp;&nbsp; <\/strong><\/p>\n<ol>\n<li><strong> Torsdag 10. mars kl. 18.45 <\/strong>er det troskurs.<\/li>\n<\/ol>\n<p><strong>&nbsp;<\/strong><\/p>\n<ol start=\"2\">\n<li><strong> Retrett i fastetiden 2022:<\/strong> <strong>fra torsdag 10. mars til l\u00f8rdag 12. mars.<\/strong><\/li>\n<\/ol>\n<p>Pater Andreas Rupprecht SM fra maristerordenen skal holde retrett for v\u00e5r menighet.<br \/>\nTemaet er \u00abDet glade budskap etter Lukas\u00bb.<\/p>\n<p><strong>&#8211; Torsdag og fredag kveld 10. og 11. mars<\/strong>: Retrett for voksne<br \/>\nRetretten begynner med messe <strong>kl. 18.00<\/strong> etterfulgt av foredrag, tilbedelse og skriftem\u00e5l.<\/p>\n<ol>\n<li>Andreas blir til disposisjon for individuelle samtaler om b\u00f8nn for alle som \u00f8nsker det.<\/li>\n<\/ol>\n<p><strong>&#8211; L\u00f8rdag 12. mars<\/strong>: Retrett for barn, ungdommer og kateketer fra kl.10.00 \u2013 kl.17.00.<\/p>\n<p>&nbsp;<\/p>\n<ol start=\"3\">\n<li><strong> Endring av katekesedato for 5., 6., 7., 8. og 9. trinn<br \/>\n<\/strong>Katekesen for 5., 6., 7., 8. og 9. trinn er flyttet fra 5. mars til 12. mars fordi barna og ungdommene skal ha retrett sammen med p. Andreas Rupprecht l\u00f8rdag 12. mars.<\/li>\n<\/ol>\n<p><strong>&nbsp;<\/strong><\/p>\n<ol start=\"4\">\n<li><strong> 12. mars har 1., 2., 3. og 4. trinn katekese.<\/strong><\/li>\n<\/ol>\n<p>Kl. 10.00 &#8211; 13.45: 1. og 2. trinn har vanlig katekese&nbsp;<\/p>\n<p>Kl. 10.00 &#8211; 13.45: 4. trinn har retrett med skriftem\u00e5l.<\/p>\n<p>&nbsp;<\/p>\n<p>Kl. 13.00 &#8211; 13.45: Katekesemesse for alle barna og ungdommene i katekesen.<\/p>\n<p>Kl. 13.00 &#8211; 17.00: 3. trinn har vanlig katekese.<\/p>\n<p><strong>&nbsp;<\/strong><\/p>\n<p><strong>&nbsp;<\/strong><strong>St. Ansgars pilegrimsvandring fra Harkmark til Stella Maris l\u00f8rdag 19. mars kl. 09.30.<\/strong><\/p>\n<ol start=\"5\">\n<li>Dawid har tatt initiativ til \u00e5 organisere denne pilegrimsvandringen for \u00e5 takke Gud at Gud har v\u00e6rt med oss gjennom pandemien og at Gud fortsetter \u00e5 v\u00e6re med oss videre under pandemien.<\/li>\n<\/ol>\n<p>I l\u00f8pet av pilegrimsvandringen ber vi rosenkransen og har korsveiandakt.<\/p>\n<p>Alle i menigheten er velkomne til pilegrimsvandringen og messen p\u00e5 Stella Maris kl. 18.00.<\/p>\n<p>P\u00e5meldingsfrist: S\u00f8ndag 13. mars til p. Dawid mob. 479 78&nbsp;577.<\/p>\n<p>&nbsp;<\/p>\n<ol start=\"6\">\n<li><strong>P\u00e5skespill for barn og ungdommer <\/strong><\/li>\n<\/ol>\n<p>Vi trenger barn og ungdommer til et p\u00e5skespill med sang og skuespill i palmehelga.<\/p>\n<p>F\u00f8rste \u00f8velse er fredag 11\/3 kl. 18.00 \u2013 19.15 i ungdomskjelleren.<br \/>\nP\u00e5melding til Christina 902 12&nbsp;099.<br \/>\nSe oppslag i gangen og p\u00e5: <a href=\"https:\/\/stansgar.katolsk.no\">https:\/\/stansgar.katolsk.no<\/a> .<\/p>\n<p>&nbsp;<\/p>\n<p style=\"text-align: center;\"><strong>Alle er hjertelig velkommen til kirkekaffe. \u00d8nsker dere riktig god s\u00f8ndag!<\/strong><\/p>\n","protected":false},"excerpt":{"rendered":"<p>&nbsp;KUNNGJ\u00d8RINGER S\u00d8NDAG 6. MARS 2022 Tirsdag 08.03. kl. kl. 17.30 18.00 Vesper Messe &#8211; etterfulgt av sakramentstilbedelse Onsdag 09.03. kl. 18.00 Messe &#8211; etterfulgt av korsveiandakt p\u00e5 vietnamesisk Torsdag 10.03. kl. 11.00 Messe &#8211; etterfulgt av felles lunsj i Kiga&#8230;.<br \/><a class=\"read-more-button\" href=\"https:\/\/stansgar.katolsk.no\/?p=10050\">Read more<\/a><\/p>\n","protected":false},"author":1,"featured_media":0,"comment_status":"open","ping_status":"open","sticky":false,"template":"","format":"standard","meta":{"footnotes":""},"categories":[482],"tags":[],"class_list":["post-10050","post","type-post","status-publish","format-standard","hentry","category-kunngjoringer"],"_links":{"self":[{"href":"https:\/\/stansgar.katolsk.no\/index.php?rest_route=\/wp\/v2\/posts\/10050","targetHints":{"allow":["GET"]}}],"collection":[{"href":"https:\/\/stansgar.katolsk.no\/index.php?rest_route=\/wp\/v2\/posts"}],"about":[{"href":"https:\/\/stansgar.katolsk.no\/index.php?rest_route=\/wp\/v2\/types\/post"}],"author":[{"embeddable":true,"href":"https:\/\/stansgar.katolsk.no\/index.php?rest_route=\/wp\/v2\/users\/1"}],"replies":[{"embeddable":true,"href":"https:\/\/stansgar.katolsk.no\/index.php?rest_route=%2Fwp%2Fv2%2Fcomments&post=10050"}],"version-history":[{"count":1,"href":"https:\/\/stansgar.katolsk.no\/index.php?rest_route=\/wp\/v2\/posts\/10050\/revisions"}],"predecessor-version":[{"id":10051,"href":"https:\/\/stansgar.katolsk.no\/index.php?rest_route=\/wp\/v2\/posts\/10050\/revisions\/10051"}],"wp:attachment":[{"href":"https:\/\/stansgar.katolsk.no\/index.php?rest_route=%2Fwp%2Fv2%2Fmedia&parent=10050"}],"wp:term":[{"taxonomy":"category","embeddable":true,"href":"https:\/\/stansgar.katolsk.no\/index.php?rest_route=%2Fwp%2Fv2%2Fcategories&post=10050"},{"taxonomy":"post_tag","embeddable":true,"href":"https:\/\/stansgar.katolsk.no\/index.php?rest_route=%2Fwp%2Fv2%2Ftags&post=10050"}],"curies":[{"name":"wp","href":"https:\/\/api.w.org\/{rel}","templated":true}]}}