{"id":10039,"date":"2022-03-02T14:31:13","date_gmt":"2022-03-02T13:31:13","guid":{"rendered":"https:\/\/stansgar.katolsk.no\/?p=10039"},"modified":"2022-03-02T14:31:13","modified_gmt":"2022-03-02T13:31:13","slug":"kunngjoring-om-endret-katekesedato-og-retretten-i-katekesen-lordag-12-03-22","status":"publish","type":"post","link":"https:\/\/stansgar.katolsk.no\/?p=10039","title":{"rendered":"Kunngj\u00f8ring om endret katekesedato og retretten i katekesen l\u00f8rdag 12.03.22"},"content":{"rendered":"<p><strong>Endringer i katekesedatoen i mars for 5. &#8211; 9. trinn<\/strong><\/p>\n<p>Katekesen for <strong>5. \u2013 9. trinn <\/strong>er flyttet fra l\u00f8rdag 5. mars til <strong>l\u00f8rdag 12. mars <\/strong>fordi barna og ungdommene skal ha retrett sammen med p. Andreas Rupprecht l\u00f8rdag 12. mars.<\/p>\n<p>&nbsp;<\/p>\n<p><strong>Retrett l\u00f8rdag 12. mars:<\/strong><\/p>\n<ul>\n<li>4 &#8211; 6. trinn har retrett klokka 10.00 &#8211; 13.45<\/li>\n<li>7 &#8211; 9. trinn har retrett fra kl. 13.00 &#8211; 17.00<\/li>\n<li>felles katekesemesse kl. 13.00 &#8211; 13.45<\/li>\n<\/ul>\n<p>&nbsp;<\/p>\n<p><strong>Katekese l\u00f8rdag 12. mars:<\/strong><\/p>\n<ul>\n<li>1. og 2. trinn har vanlig katekese kl. 10.00 &#8211; 13.45<\/li>\n<li>3. trinn har vanlig katekese kl. 13.00 &#8211; 17.00<\/li>\n<li>felles katekesemesse kl. 13.00 &#8211; 13.45<\/li>\n<\/ul>\n<p><strong>&nbsp;<\/strong><\/p>\n","protected":false},"excerpt":{"rendered":"<p>Endringer i katekesedatoen i mars for 5. &#8211; 9. trinn Katekesen for 5. \u2013 9. trinn er flyttet fra l\u00f8rdag 5. mars til l\u00f8rdag 12. mars fordi barna og ungdommene skal ha retrett sammen med p. Andreas Rupprecht l\u00f8rdag 12&#8230;.<br \/><a class=\"read-more-button\" href=\"https:\/\/stansgar.katolsk.no\/?p=10039\">Read more<\/a><\/p>\n","protected":false},"author":1,"featured_media":0,"comment_status":"open","ping_status":"open","sticky":false,"template":"","format":"standard","meta":{"footnotes":""},"categories":[504,483],"tags":[30],"class_list":["post-10039","post","type-post","status-publish","format-standard","hentry","category-barn","category-katekese","tag-retrett"],"_links":{"self":[{"href":"https:\/\/stansgar.katolsk.no\/index.php?rest_route=\/wp\/v2\/posts\/10039","targetHints":{"allow":["GET"]}}],"collection":[{"href":"https:\/\/stansgar.katolsk.no\/index.php?rest_route=\/wp\/v2\/posts"}],"about":[{"href":"https:\/\/stansgar.katolsk.no\/index.php?rest_route=\/wp\/v2\/types\/post"}],"author":[{"embeddable":true,"href":"https:\/\/stansgar.katolsk.no\/index.php?rest_route=\/wp\/v2\/users\/1"}],"replies":[{"embeddable":true,"href":"https:\/\/stansgar.katolsk.no\/index.php?rest_route=%2Fwp%2Fv2%2Fcomments&post=10039"}],"version-history":[{"count":1,"href":"https:\/\/stansgar.katolsk.no\/index.php?rest_route=\/wp\/v2\/posts\/10039\/revisions"}],"predecessor-version":[{"id":10040,"href":"https:\/\/stansgar.katolsk.no\/index.php?rest_route=\/wp\/v2\/posts\/10039\/revisions\/10040"}],"wp:attachment":[{"href":"https:\/\/stansgar.katolsk.no\/index.php?rest_route=%2Fwp%2Fv2%2Fmedia&parent=10039"}],"wp:term":[{"taxonomy":"category","embeddable":true,"href":"https:\/\/stansgar.katolsk.no\/index.php?rest_route=%2Fwp%2Fv2%2Fcategories&post=10039"},{"taxonomy":"post_tag","embeddable":true,"href":"https:\/\/stansgar.katolsk.no\/index.php?rest_route=%2Fwp%2Fv2%2Ftags&post=10039"}],"curies":[{"name":"wp","href":"https:\/\/api.w.org\/{rel}","templated":true}]}}