{"id":10023,"date":"2022-02-27T10:01:31","date_gmt":"2022-02-27T09:01:31","guid":{"rendered":"https:\/\/stansgar.katolsk.no\/?p=10023"},"modified":"2022-02-25T12:46:49","modified_gmt":"2022-02-25T11:46:49","slug":"kunngjoringer-sondag-27-februar-2022","status":"publish","type":"post","link":"https:\/\/stansgar.katolsk.no\/?p=10023","title":{"rendered":"KUNNGJ\u00d8RINGER S\u00d8NDAG 27. FEBRUAR 2022"},"content":{"rendered":"<p style=\"text-align: center;\"><strong>KUNNGJ\u00d8RINGER S\u00d8NDAG 27. FEBRUAR 2022<\/strong><\/p>\n<table width=\"595\">\n<tbody>\n<tr>\n<td width=\"76\">Tirsdag<\/td>\n<td width=\"73\">01.03.<\/td>\n<td colspan=\"3\" width=\"32\">kl.<\/p>\n<p>kl.<\/td>\n<td width=\"56\">17.30<\/p>\n<p>18.00<\/td>\n<td width=\"359\">Vesper<\/p>\n<p>Messe &#8211; etterfulgt av sakramentstilbedelse<\/td>\n<\/tr>\n<tr>\n<td width=\"76\">Onsdag<\/td>\n<td width=\"73\">02.03.<\/td>\n<td colspan=\"3\" width=\"32\">&nbsp;<\/p>\n<p>kl.<\/td>\n<td width=\"56\">&nbsp;<\/p>\n<p>18.00<\/td>\n<td width=\"359\"><strong>Askeonsdag \u2013 faste og abstinensdag<\/strong><\/p>\n<p>Messe &#8211; med utdeling av askekors<\/td>\n<\/tr>\n<tr>\n<td width=\"76\">Torsdag<\/td>\n<td width=\"73\">03.03.<\/td>\n<td colspan=\"3\" width=\"32\">kl.<\/p>\n<p>&nbsp;<\/p>\n<p>&nbsp;<\/p>\n<p>&nbsp;<\/td>\n<td width=\"56\">11.00<\/p>\n<p>&nbsp;<\/p>\n<p>&nbsp;<\/p>\n<p>&nbsp;<\/td>\n<td width=\"359\">Messe &#8211; etterfulgt av felles lunsj i Kiga.<\/p>\n<p>Etter messen er det stille tilbedelse fram til kl. 17.45. Vi ber spesielt for kall til ordenslivet og presteskapet<\/td>\n<\/tr>\n<tr>\n<td width=\"76\">&nbsp;<\/td>\n<td width=\"73\">&nbsp;<\/td>\n<td colspan=\"3\" width=\"32\">kl.<\/td>\n<td width=\"56\">18.00<\/td>\n<td width=\"359\">Messe<\/td>\n<\/tr>\n<tr>\n<td width=\"76\">Fredag<\/td>\n<td width=\"73\">04.03.<\/td>\n<td colspan=\"3\" width=\"32\">kl.<\/p>\n<p>kl.<\/td>\n<td width=\"56\">17.00<\/p>\n<p>18.00<\/td>\n<td width=\"359\">Sakramentstilbedelse \u2013 Skriftem\u00e5l under tilbedelsen<\/p>\n<p>Messe &#8211; etterfulgt av korsveiandakt p\u00e5 norsk<\/td>\n<\/tr>\n<tr>\n<td width=\"76\">L\u00f8rdag<\/td>\n<td width=\"73\">05.03.<\/td>\n<td colspan=\"3\" width=\"32\">kl.<\/p>\n<p>kl.<\/p>\n<p>kl.<\/td>\n<td width=\"56\">12.30<\/p>\n<p>13.00<\/p>\n<p>18.00<\/td>\n<td width=\"359\">Rosenkransb\u00f8nn<\/p>\n<p>Messe<\/p>\n<p>Messe p\u00e5 polsk &#8211; etterfulgt av korsveiandakt p\u00e5 polsk<\/td>\n<\/tr>\n<tr>\n<td width=\"76\">S\u00f8ndag<\/td>\n<td colspan=\"6\" width=\"520\">06.03.02.&nbsp;&nbsp;&nbsp;&nbsp;&nbsp;&nbsp;&nbsp; &nbsp;&nbsp;&nbsp; 1. S\u00d8NDAG I FASTEN<\/td>\n<\/tr>\n<tr>\n<td width=\"76\">&nbsp;<\/td>\n<td colspan=\"2\" width=\"74\">&nbsp;<\/td>\n<td width=\"31\">kl.<\/p>\n<p>kl.<\/p>\n<p>kl.<\/p>\n<p>kl.<\/td>\n<td colspan=\"2\" width=\"56\">09.00<\/p>\n<p>11.00<\/p>\n<p>13.00<\/p>\n<p>15.00<\/td>\n<td width=\"359\">Messe p\u00e5 polsk<\/p>\n<p>H\u00f8ymesse<\/p>\n<p>Messe p\u00e5 vietnamesisk<\/p>\n<p>Messe p\u00e5 kaldeisk<\/td>\n<\/tr>\n<\/tbody>\n<\/table>\n<p><strong>Annet:&nbsp;&nbsp;&nbsp;&nbsp;&nbsp;&nbsp;&nbsp;&nbsp;&nbsp;&nbsp;&nbsp; <\/strong><\/p>\n<ol>\n<li><strong> Tirsdag 1. mars kl. 19.00 er det bibelgruppe. <\/strong><\/li>\n<li><strong> Askeonsdag er faste- og abstinensdag. <\/strong><\/li>\n<\/ol>\n<p>&#8211; \u00c5 faste betyr at man kun spiser seg mett en gang i l\u00f8pet av dagen. Man kan spise 1 \u2013 2&nbsp; &nbsp;mindre m\u00e5ltider i tillegg i l\u00f8pet av dagen hvis det er n\u00f8dvendig. Dette gjelder fra man er 18 \u00e5r til fylte 60 \u00e5r. Abstinens betyr at man avst\u00e5r fra en bestemt mat (oftest kj\u00f8tt), drikke eller forn\u00f8yelse. Dette gjelder for alle over 14 \u00e5r.<\/p>\n<p>&#8211; Pave Frans oppfordrer oss til \u00e5 be og faste for fred den 2. mars.<\/p>\n<p>&#8211; I fastetiden er det korsveiandakt etter messen p\u00e5 forskjellige spr\u00e5k: onsdager p\u00e5 vietnamesisk, fredager p\u00e5 norsk og l\u00f8rdager p\u00e5 polsk.<\/p>\n<ol start=\"3\">\n<li><strong> Retrett i fastetiden 2022:<\/strong> <strong>fra torsdag 10. mars til l\u00f8rdag 12. mars.<\/strong><\/li>\n<\/ol>\n<p>Pater Andreas Rupprecht SM fra maristerordnenen skal holde retrett for v\u00e5r menighet.<br \/>\nTemaet er \u00abDet glade budskap etter Lukas\u00bb.<\/p>\n<p><strong>&#8211; Torsdag og fredag kveld 10. og 11. mars<\/strong>: Retrett for voksne<br \/>\nRetretten begynner med messe <strong>kl. 18.00<\/strong> etterfulgt av foredrag, tilbedelse og skriftem\u00e5l.<\/p>\n<ol>\n<li>Andreas blir til disposisjon for individuelle samtaler om b\u00f8nn for alle som \u00f8nsker det.<\/li>\n<\/ol>\n<p><strong>&#8211; L\u00f8rdag 12. mars<\/strong>: Retrett for barn, ungdommer og kateketer fra kl.10.00 \u2013 kl.17.00.<\/p>\n<ol start=\"4\">\n<li><strong> Endring av katekesedato for 5., 6., 7., 8. og 9. trinn<br \/>\n<\/strong>Katekesen for 5., 6., 7., 8. og 9. trinn er flyttet fra 5. mars til 12. mars fordi barna og ungdommene skal ha retrett sammen med p. Andreas Rupprecht l\u00f8rdag 12. mars.<\/li>\n<\/ol>\n<p><strong>&nbsp;<\/strong><\/p>\n<ol start=\"5\">\n<li><strong> St. Ansgars pilegrimsvandring fra Harkmark til Stella Maris l\u00f8rdag 19. mars kl. 09.30.<\/strong><\/li>\n<\/ol>\n<p>P\u00e5 p. Dawid initiativ blir denne pilegrimsvandringen organisert for \u00e5 takke Gud at Gud har v\u00e6rt med oss gjennom pandemien og at Gud fortsetter \u00e5 v\u00e6re med oss videre under pandemien.<\/p>\n<p>I l\u00f8pet av pilegrimsvandringen ber vi rosenkransen og har korsveiandakt. Alle i menigheten er velkomne til pilegrimsvandringen og messen p\u00e5 Stella Maris kl. 18.00.<\/p>\n<p>P\u00e5meldingsfrist: S\u00f8ndag 13. mars til p. Dawid mob. 479 78&nbsp;577.<\/p>\n<p>&nbsp;<\/p>\n<ol start=\"6\">\n<li><strong> Kvinnenes Internasjonale B\u00d8NNEDAG<\/strong> avholdes i Flekker\u00f8y Kirke fredag 4. mars kl. 18.00.<br \/>\nAlle kvinner er hjertelig velkommen. Den lokale komiteen er kvinner fra 16 menigheter og kristne organisasjoner.<\/li>\n<\/ol>\n<p>&nbsp;<\/p>\n<p><strong>&nbsp;<\/strong><\/p>\n<p style=\"text-align: center;\"><strong>Alle er hjertelig velkommen til kirkekaffe. \u00d8nsker dere riktig god s\u00f8ndag!<\/strong><\/p>\n","protected":false},"excerpt":{"rendered":"<p>KUNNGJ\u00d8RINGER S\u00d8NDAG 27. FEBRUAR 2022 Tirsdag 01.03. kl. kl. 17.30 18.00 Vesper Messe &#8211; etterfulgt av sakramentstilbedelse Onsdag 02.03. &nbsp; kl. &nbsp; 18.00 Askeonsdag \u2013 faste og abstinensdag Messe &#8211; med utdeling av askekors Torsdag 03.03. kl. &nbsp; &nbsp; &nbsp;&#8230;<br \/><a class=\"read-more-button\" href=\"https:\/\/stansgar.katolsk.no\/?p=10023\">Read more<\/a><\/p>\n","protected":false},"author":1,"featured_media":0,"comment_status":"open","ping_status":"open","sticky":false,"template":"","format":"standard","meta":{"footnotes":""},"categories":[482],"tags":[],"class_list":["post-10023","post","type-post","status-publish","format-standard","hentry","category-kunngjoringer"],"_links":{"self":[{"href":"https:\/\/stansgar.katolsk.no\/index.php?rest_route=\/wp\/v2\/posts\/10023","targetHints":{"allow":["GET"]}}],"collection":[{"href":"https:\/\/stansgar.katolsk.no\/index.php?rest_route=\/wp\/v2\/posts"}],"about":[{"href":"https:\/\/stansgar.katolsk.no\/index.php?rest_route=\/wp\/v2\/types\/post"}],"author":[{"embeddable":true,"href":"https:\/\/stansgar.katolsk.no\/index.php?rest_route=\/wp\/v2\/users\/1"}],"replies":[{"embeddable":true,"href":"https:\/\/stansgar.katolsk.no\/index.php?rest_route=%2Fwp%2Fv2%2Fcomments&post=10023"}],"version-history":[{"count":1,"href":"https:\/\/stansgar.katolsk.no\/index.php?rest_route=\/wp\/v2\/posts\/10023\/revisions"}],"predecessor-version":[{"id":10024,"href":"https:\/\/stansgar.katolsk.no\/index.php?rest_route=\/wp\/v2\/posts\/10023\/revisions\/10024"}],"wp:attachment":[{"href":"https:\/\/stansgar.katolsk.no\/index.php?rest_route=%2Fwp%2Fv2%2Fmedia&parent=10023"}],"wp:term":[{"taxonomy":"category","embeddable":true,"href":"https:\/\/stansgar.katolsk.no\/index.php?rest_route=%2Fwp%2Fv2%2Fcategories&post=10023"},{"taxonomy":"post_tag","embeddable":true,"href":"https:\/\/stansgar.katolsk.no\/index.php?rest_route=%2Fwp%2Fv2%2Ftags&post=10023"}],"curies":[{"name":"wp","href":"https:\/\/api.w.org\/{rel}","templated":true}]}}