{"id":100,"date":"2018-05-29T09:01:00","date_gmt":"2018-05-29T07:01:00","guid":{"rendered":"http:\/\/stansgar.katolsk.no\/index.php\/2018\/05\/29\/festen-for-kristi-legeme-og-blod-3-juni\/"},"modified":"2018-10-12T09:12:16","modified_gmt":"2018-10-12T07:12:16","slug":"festen-for-kristi-legeme-og-blod-3-juni","status":"publish","type":"post","link":"https:\/\/stansgar.katolsk.no\/?p=100","title":{"rendered":"FESTEN FOR KRISTI LEGEME OG BLOD, 3. juni."},"content":{"rendered":"<p>p.p1 {margin: 0.0px 0.0px 0.0px 0.0px; font: 20.0px &#8216;Book Antiqua&#8217;}<br \/>\np.p2 {margin: 0.0px 0.0px 0.0px 0.0px; font: 14.0px &#8216;Book Antiqua&#8217;; min-height: 17.0px}<br \/>\np.p3 {margin: 0.0px 0.0px 0.0px 0.0px; font: 14.0px &#8216;Book Antiqua&#8217;}<br \/>\nspan.s1 {font-kerning: none}<\/p>\n<p><\/p>\n<div class=\"p1\">\n<\/div>\n<div class=\"p2\">\n<\/div>\n<div class=\"p3\">\nI forbindelse med Festen for Kristi legeme og blod vil det etter prosesjonen bli salg av internasjonal mat, kaker, kaffe og brus,&nbsp; fra boder i bakg\u00e5rden.<\/div>\n<div class=\"p3\">\nDette for \u00e5 styrke samholdet og fellesskapet i menigheten.<\/div>\n<div class=\"p3\">\nHver krone fra dette salget g\u00e5r til oppussing av det lille huset i bakg\u00e5rden. Det skal b.a. brukes i katekesen.<\/div>\n<div class=\"p3\">\n<\/div>\n<div class=\"p3\">\n<b>Da vi ikke har Vipps ber vi om at dere tar med kontanter.<\/b><\/div>\n<div class=\"p3\">\n<\/div>\n<div class=\"p3\">\nDe som \u00f8nsker \u00e5 bake en kake kan ta kontakt med Leila Bergst\u00f8 p\u00e5 tlf. 45459765, eller bare levere den p\u00e5 kj\u00f8kkenet f\u00f8r messen.<\/div>\n<div class=\"p3\">\n<\/div>\n<div class=\"p3\">\n<\/div>\n<div class=\"p3\">\n<b>Dette blir hyggelig!<\/b><\/div>\n<div class=\"p1\">\n<b>Hjertelig velkommen!<\/b><\/div>\n<p><\/p>\n","protected":false},"excerpt":{"rendered":"<p>p.p1 {margin: 0.0px 0.0px 0.0px 0.0px; font: 20.0px &#8216;Book Antiqua&#8217;} p.p2 {margin: 0.0px 0.0px 0.0px 0.0px; font: 14.0px &#8216;Book Antiqua&#8217;; min-height: 17.0px} p.p3 {margin: 0.0px 0.0px 0.0px 0.0px; font: 14.0px &#8216;Book Antiqua&#8217;} span.s1 {font-kerning: none} I forbindelse med Festen for&#8230;<br \/><a class=\"read-more-button\" href=\"https:\/\/stansgar.katolsk.no\/?p=100\">Read more<\/a><\/p>\n","protected":false},"author":3,"featured_media":0,"comment_status":"open","ping_status":"open","sticky":false,"template":"","format":"standard","meta":{"footnotes":""},"categories":[1],"tags":[21,22],"class_list":["post-100","post","type-post","status-publish","format-standard","hentry","category-ukategorisert","tag-corpus-christi","tag-kristi-legemsfest"],"_links":{"self":[{"href":"https:\/\/stansgar.katolsk.no\/index.php?rest_route=\/wp\/v2\/posts\/100","targetHints":{"allow":["GET"]}}],"collection":[{"href":"https:\/\/stansgar.katolsk.no\/index.php?rest_route=\/wp\/v2\/posts"}],"about":[{"href":"https:\/\/stansgar.katolsk.no\/index.php?rest_route=\/wp\/v2\/types\/post"}],"author":[{"embeddable":true,"href":"https:\/\/stansgar.katolsk.no\/index.php?rest_route=\/wp\/v2\/users\/3"}],"replies":[{"embeddable":true,"href":"https:\/\/stansgar.katolsk.no\/index.php?rest_route=%2Fwp%2Fv2%2Fcomments&post=100"}],"version-history":[{"count":1,"href":"https:\/\/stansgar.katolsk.no\/index.php?rest_route=\/wp\/v2\/posts\/100\/revisions"}],"predecessor-version":[{"id":1591,"href":"https:\/\/stansgar.katolsk.no\/index.php?rest_route=\/wp\/v2\/posts\/100\/revisions\/1591"}],"wp:attachment":[{"href":"https:\/\/stansgar.katolsk.no\/index.php?rest_route=%2Fwp%2Fv2%2Fmedia&parent=100"}],"wp:term":[{"taxonomy":"category","embeddable":true,"href":"https:\/\/stansgar.katolsk.no\/index.php?rest_route=%2Fwp%2Fv2%2Fcategories&post=100"},{"taxonomy":"post_tag","embeddable":true,"href":"https:\/\/stansgar.katolsk.no\/index.php?rest_route=%2Fwp%2Fv2%2Ftags&post=100"}],"curies":[{"name":"wp","href":"https:\/\/api.w.org\/{rel}","templated":true}]}}